{"id":95,"date":"2012-09-18T11:56:00","date_gmt":"2012-09-18T14:56:00","guid":{"rendered":"http:\/\/www.24baires.com\/?p=95"},"modified":"2012-09-18T11:56:00","modified_gmt":"2012-09-18T14:56:00","slug":"salvaje-agresion-a-estudiante-de-origen-coreano-en-la-plata","status":"publish","type":"post","link":"https:\/\/www.24baires.com\/?p=95","title":{"rendered":"Salvaje agresi\u00f3n a estudiante de origen coreano en La Plata"},"content":{"rendered":"<p>Un estudiante universitario perteneciente a la colectividad coreana fue golpeado salvajemente en la ciudad de La Plata por un grupo de j\u00f3venes que se retiraban de una fiesta aparentemente borrachos, seg\u00fan informaron fuentes de la polic\u00eda bonaerense.<!--more--><br \/>\nEl caso dado a conocer hoy ocurri\u00f3 el 8 de septiembre \u00faltimo, cuando un estudiante de arquitectura de 26 a\u00f1os de familia coreana, cuya identidad no trascendi\u00f3, se aprestaba a ingresar a un edificio de las calles 2 entre 46 y 47 de La Plata.<br \/>\nEn esas circunstancias, un grupo de j\u00f3venes que se retiraba de una fiesta celebrada en un edificio lindante al del estudiante, lo intercept\u00f3 y comenz\u00f3 a insultarlo.<br \/>\n\u00abCoreano de m&#8230;.., andate a trabajar a tu pa\u00eds\u00bb, le gritaron los j\u00f3venes mientras comenzaron a pegarle trompadas y patadas.<br \/>\nEl estudiante cay\u00f3 al suelo y all\u00ed continuaron golpe\u00e1ndolo, pero la intervenci\u00f3n de un vecino que llam\u00f3 al 911 hizo huir a los agresores.<br \/>\nEl estudiante de arquitectura fue trasladado al hospital San Mart\u00edn de La Plata, donde estuvo internado 5 d\u00edas por haber sufrido hundimiento de cr\u00e1neo.<br \/>\nEl hecho es investigado por la fiscal penal de La Plata, Ana Medina, que calific\u00f3 el caso como lesiones graves.<br \/>\nLa polic\u00eda descart\u00f3 el m\u00f3vil del robo en el ataque, ya que el estudiante llevaba su sueldo en el bolsillo de su pantal\u00f3n y su tel\u00e9fono celular, por lo que la golpiza se habr\u00eda debido a su origen coreano.<\/p>\n<p>&nbsp;<\/p>\n<p>FUENTE: \u00a0T\u00e9lam<\/p>\n","protected":false},"excerpt":{"rendered":"<p>Un estudiante universitario perteneciente a la colectividad coreana fue golpeado salvajemente en la ciudad de La Plata por un grupo de j\u00f3venes que se retiraban de una fiesta aparentemente borrachos, seg\u00fan informaron fuentes de la polic\u00eda bonaerense.<\/p>\n","protected":false},"author":11,"featured_media":0,"comment_status":"open","ping_status":"open","sticky":false,"template":"","format":"standard","meta":{"_jetpack_newsletter_access":"","_jetpack_dont_email_post_to_subs":false,"_jetpack_newsletter_tier_id":0,"_jetpack_memberships_contains_paywalled_content":false,"_jetpack_memberships_contains_paid_content":false,"footnotes":""},"categories":[1],"tags":[],"class_list":["post-95","post","type-post","status-publish","format-standard","hentry","category-sociedad"],"jetpack_featured_media_url":"","jetpack_shortlink":"https:\/\/wp.me\/p2JWE0-1x","jetpack-related-posts":[{"id":41079,"url":"https:\/\/www.24baires.com\/?p=41079","url_meta":{"origin":95,"position":0},"title":"Florencio Varela: detuvieron a un hombre por matar y vender la carne de los perros","author":"GB","date":"25\/02\/2014","format":false,"excerpt":"FLORENCIO VARELA-El hombre fue identificado como Jim Choom Hoy, de 70 a\u00f1os. Capturaba perros y los mataba a martillazos. Luego los carneaba y comercializaba su carne en un restaurante de la Ciudad de Buenos Aires. Fue detenido en su casa de Ingeniero Allan, en el barrio La Carolina. La Polic\u00eda\u2026","rel":"","context":"En \u00abPoliciales\u00bb","block_context":{"text":"Policiales","link":"https:\/\/www.24baires.com\/?cat=49"},"img":{"alt_text":"perros","src":"https:\/\/i0.wp.com\/www.24baires.com\/wp-content\/uploads\/2014\/02\/perros-300x178.jpg?resize=350%2C200","width":350,"height":200},"classes":[]},{"id":97180,"url":"https:\/\/www.24baires.com\/?p=97180","url_meta":{"origin":95,"position":1},"title":"La Plata: adolescentes golpearon salvajemente a una pareja gay","author":"AF","date":"04\/09\/2017","format":false,"excerpt":"Una pareja gay fue atacada a golpes por un grupo de adolescentes mientras esperaba un colectivo en pleno centro de La Plata y ahora las autoridades analizan las c\u00e1maras de seguridad para identificar a los agresores, que tendr\u00edan entre 14 y 16 a\u00f1os, informaron fuentes policiales. De acuerdo a las\u2026","rel":"","context":"En \u00abSociedad\u00bb","block_context":{"text":"Sociedad","link":"https:\/\/www.24baires.com\/?cat=1"},"img":{"alt_text":"","src":"https:\/\/i0.wp.com\/www.24baires.com\/wp-content\/uploads\/2014\/07\/Municipalidad_de_La_Plata.jpg?resize=350%2C200","width":350,"height":200,"srcset":"https:\/\/i0.wp.com\/www.24baires.com\/wp-content\/uploads\/2014\/07\/Municipalidad_de_La_Plata.jpg?resize=350%2C200 1x, https:\/\/i0.wp.com\/www.24baires.com\/wp-content\/uploads\/2014\/07\/Municipalidad_de_La_Plata.jpg?resize=525%2C300 1.5x"},"classes":[]},{"id":108082,"url":"https:\/\/www.24baires.com\/?p=108082","url_meta":{"origin":95,"position":2},"title":"Se retir\u00f3 Julio Velasco, el entrenador argentino de voley, reconocido mundialmente","author":"AF","date":"10\/05\/2019","format":false,"excerpt":"Julio Velasco, uno de los entrenadores argentinos de cualquier disciplina m\u00e1s reconocidos en el mundo, anunci\u00f3 su retiro como profesional del voleibol a los 67 a\u00f1os, luego de haber finalizado la temporada con el M\u00f3dena de Italia y dejar atr\u00e1s una exitosa carrera. As\u00ed lo anunci\u00f3 Catia Pedrini, presidenta del\u2026","rel":"","context":"En \u00abDeportes\u00bb","block_context":{"text":"Deportes","link":"https:\/\/www.24baires.com\/?cat=12"},"img":{"alt_text":"","src":"https:\/\/i0.wp.com\/www.24baires.com\/wp-content\/uploads\/2019\/05\/julio-velasco.jpg?resize=350%2C200","width":350,"height":200,"srcset":"https:\/\/i0.wp.com\/www.24baires.com\/wp-content\/uploads\/2019\/05\/julio-velasco.jpg?resize=350%2C200 1x, https:\/\/i0.wp.com\/www.24baires.com\/wp-content\/uploads\/2019\/05\/julio-velasco.jpg?resize=525%2C300 1.5x"},"classes":[]},{"id":3261,"url":"https:\/\/www.24baires.com\/?p=3261","url_meta":{"origin":95,"position":3},"title":"Represi\u00f3n y violencia en las puertas de la Municipalidad en Mar del Plata","author":"Grupo Sierra","date":"25\/10\/2012","format":false,"excerpt":"Cuando se estaba por tratar y aprobar el boleto estudiantil gratuito en el Concejo Deliberante, los manifestantes que aguardaban en la calle quisieron entrar a la Comuna y la Polic\u00eda les impidi\u00f3 el paso. Hubo golpes de pu\u00f1o, palazos, piedrazos y represi\u00f3n. Algunos j\u00f3venes estudiantes y de partidos de izquierda\u2026","rel":"","context":"En \u00abLocales\u00bb","block_context":{"text":"Locales","link":"https:\/\/www.24baires.com\/?cat=38"},"img":{"alt_text":"","src":"","width":0,"height":0},"classes":[]},{"id":39217,"url":"https:\/\/www.24baires.com\/?p=39217","url_meta":{"origin":95,"position":4},"title":"En La Plata ya atienden consultas sobre el programa Progresar","author":"Grupo Sierra","date":"25\/01\/2014","format":false,"excerpt":"El titular de la oficina de atenci\u00f3n de Anses en La Plata, Norberto G\u00f3mez, anunci\u00f3 hoy que ya se comenzaron a recibir consultas de los j\u00f3venes para inscribirse y destac\u00f3 que \"el programa da un impulso m\u00e1s que importante a la educaci\u00f3n\". \"Este programa presentado por la presidenta Cristina Fern\u00e1ndez\u2026","rel":"","context":"En \u00abSociedad\u00bb","block_context":{"text":"Sociedad","link":"https:\/\/www.24baires.com\/?cat=1"},"img":{"alt_text":"","src":"","width":0,"height":0},"classes":[]},{"id":44856,"url":"https:\/\/www.24baires.com\/?p=44856","url_meta":{"origin":95,"position":5},"title":"Muri\u00f3 la adolescente salvajemente golpeada por compa\u00f1eras en Jun\u00edn","author":"AF","date":"28\/04\/2014","format":false,"excerpt":"Naira Ayel\u00e9n Cofreces, la adolescente de 17 a\u00f1os que fue salvajemente golpeada por compa\u00f1eras de estudio y otras j\u00f3venes el mi\u00e9rcoles por la anoche a la salida de la Escuela Secundaria 5, de Jun\u00edn, muri\u00f3 la tarde de ayer, informaron hoy fuentes policiales. Voceros informaron que familiares de la v\u00edctima,\u2026","rel":"","context":"En \u00abLocales\u00bb","block_context":{"text":"Locales","link":"https:\/\/www.24baires.com\/?cat=38"},"img":{"alt_text":"","src":"","width":0,"height":0},"classes":[]}],"jetpack_sharing_enabled":true,"jetpack_likes_enabled":true,"_links":{"self":[{"href":"https:\/\/www.24baires.com\/index.php?rest_route=\/wp\/v2\/posts\/95","targetHints":{"allow":["GET"]}}],"collection":[{"href":"https:\/\/www.24baires.com\/index.php?rest_route=\/wp\/v2\/posts"}],"about":[{"href":"https:\/\/www.24baires.com\/index.php?rest_route=\/wp\/v2\/types\/post"}],"author":[{"embeddable":true,"href":"https:\/\/www.24baires.com\/index.php?rest_route=\/wp\/v2\/users\/11"}],"replies":[{"embeddable":true,"href":"https:\/\/www.24baires.com\/index.php?rest_route=%2Fwp%2Fv2%2Fcomments&post=95"}],"version-history":[{"count":0,"href":"https:\/\/www.24baires.com\/index.php?rest_route=\/wp\/v2\/posts\/95\/revisions"}],"wp:attachment":[{"href":"https:\/\/www.24baires.com\/index.php?rest_route=%2Fwp%2Fv2%2Fmedia&parent=95"}],"wp:term":[{"taxonomy":"category","embeddable":true,"href":"https:\/\/www.24baires.com\/index.php?rest_route=%2Fwp%2Fv2%2Fcategories&post=95"},{"taxonomy":"post_tag","embeddable":true,"href":"https:\/\/www.24baires.com\/index.php?rest_route=%2Fwp%2Fv2%2Ftags&post=95"}],"curies":[{"name":"wp","href":"https:\/\/api.w.org\/{rel}","templated":true}]}}