{"id":94746,"date":"2017-05-24T19:00:51","date_gmt":"2017-05-24T22:00:51","guid":{"rendered":"http:\/\/www.24baires.com\/?p=94746"},"modified":"2017-05-24T18:11:01","modified_gmt":"2017-05-24T21:11:01","slug":"papel-prensa-la-justicia-confirmo-el-sobreseimiento-de-magnetto","status":"publish","type":"post","link":"https:\/\/www.24baires.com\/?p=94746","title":{"rendered":"Papel Prensa: la justicia confirm\u00f3 el sobreseimiento de Magnetto"},"content":{"rendered":"<p><img data-recalc-dims=\"1\" loading=\"lazy\" decoding=\"async\" src=\"https:\/\/i0.wp.com\/www.24baires.com\/wp-content\/uploads\/2013\/12\/magnetto-y-colorado.jpg?resize=560%2C316\" alt=\"\" width=\"560\" height=\"316\" class=\"aligncenter size-full wp-image-36918\" srcset=\"https:\/\/i0.wp.com\/www.24baires.com\/wp-content\/uploads\/2013\/12\/magnetto-y-colorado.jpg?w=560&amp;ssl=1 560w, https:\/\/i0.wp.com\/www.24baires.com\/wp-content\/uploads\/2013\/12\/magnetto-y-colorado.jpg?resize=300%2C169&amp;ssl=1 300w\" sizes=\"auto, (max-width: 560px) 100vw, 560px\" \/>Adem\u00e1s del CEO del Grupo Clar\u00edn, fueron beneficiados Ernestina Herrera de Noble y el due\u00f1o del diario La Naci\u00f3n, Bartolom\u00e9 Mitre. Para los jueces Ballestero y Bruglia la venta de la empresa no estuvo involucrada con delitos de lesa humanidad.<!--more--><\/p>\n<p>La Sala I de la C\u00e1mara Federal confirm\u00f3 el sobreseimiento de los empresarios H\u00e9ctor Magnetto, Bartolom\u00e9 Mitre y Ernestina Herrera de Noble en la causa judicial Papel Prensa.  Los jueces Jorge Luis  Ballestero y Leopoldo Bruglia consideraron que la venta de la empresa que era propiedad de David Graiver no estuvo involucrada con delitos de lesa humanidad.<\/p>\n<p>Papel Prensa es la empresa que monopoliza la venta de papel para diarios y revistas y fue fundada por Graiver, qui\u00e9n muri\u00f3 en un extra\u00f1o accidente a\u00e9reo en M\u00e9xico en 1976. Tras el fallecimiento  el paquete accionario de la firma pas\u00f3 a manos de su esposa, Lidia Papaleo, y de Rafael Ianover, querellantes en la causa.<\/p>\n<p>Tanto Papaleo como Ianover fueron secuestrados durante la \u00faltima dictadura c\u00edvico-militar y denunciaron que fueron obligados a ceder bajo torturas y amenazas la titularidad de Papel Prensa a una sociedad mixta formada por el Estado y los diarios Clar\u00edn, La Naci\u00f3n y La Raz\u00f3n.<\/p>\n<p>La sentencia de la C\u00e1mara rafic\u00f3 el pronunciamiento en primera instancia de Juli\u00e1n Ercolini, quien desech\u00f3 cualquier tipo de conexi\u00f3n entre la venta de la compa\u00f1\u00eda y delitos de lesa humanidad.<\/p>\n","protected":false},"excerpt":{"rendered":"<p>Adem\u00e1s del CEO del Grupo Clar\u00edn, fueron beneficiados Ernestina Herrera de Noble y el due\u00f1o del diario La Naci\u00f3n, Bartolom\u00e9 Mitre. Para los jueces Ballestero y Bruglia la venta de la empresa no estuvo involucrada con delitos de lesa humanidad.<\/p>\n","protected":false},"author":8,"featured_media":0,"comment_status":"open","ping_status":"open","sticky":false,"template":"","format":"standard","meta":{"_jetpack_newsletter_access":"","_jetpack_dont_email_post_to_subs":false,"_jetpack_newsletter_tier_id":0,"_jetpack_memberships_contains_paywalled_content":false,"_jetpack_memberships_contains_paid_content":false,"footnotes":""},"categories":[54],"tags":[],"class_list":["post-94746","post","type-post","status-publish","format-standard","hentry","category-medios"],"jetpack_featured_media_url":"","jetpack_shortlink":"https:\/\/wp.me\/p2JWE0-oEa","jetpack-related-posts":[{"id":90835,"url":"https:\/\/www.24baires.com\/?p=90835","url_meta":{"origin":94746,"position":0},"title":"Sobreseyeron a Magnetto, Mitre y Herrera de Noble por Papel Prensa","author":"GB","date":"16\/12\/2016","format":false,"excerpt":"El magistrado dej\u00f3 sin efecto la denuncia que pesaba sobre los due\u00f1os de Clar\u00edn y La Naci\u00f3n en la causa donde se investiga la venta de la compa\u00f1\u00eda. El juez federal Juli\u00e1n Ercolini sobresey\u00f3 hoy a los empresarios de H\u00e9ctor Magnetto, Bartolom\u00e9 Mitre, Ernestina Herrera de Noble, Raymundo Podest\u00e1 y\u2026","rel":"","context":"En \u00abMedios\u00bb","block_context":{"text":"Medios","link":"https:\/\/www.24baires.com\/?cat=54"},"img":{"alt_text":"","src":"https:\/\/i0.wp.com\/www.24baires.com\/wp-content\/uploads\/2015\/04\/mitre-magnetto.jpg?resize=350%2C200","width":350,"height":200,"srcset":"https:\/\/i0.wp.com\/www.24baires.com\/wp-content\/uploads\/2015\/04\/mitre-magnetto.jpg?resize=350%2C200 1x, https:\/\/i0.wp.com\/www.24baires.com\/wp-content\/uploads\/2015\/04\/mitre-magnetto.jpg?resize=525%2C300 1.5x"},"classes":[]},{"id":44606,"url":"https:\/\/www.24baires.com\/?p=44606","url_meta":{"origin":94746,"position":1},"title":"Papel Prensa: piden acusar por extorsi\u00f3n a Magnetto, Mitre y Herrera de Noble","author":"AF","date":"24\/04\/2014","format":false,"excerpt":"Lo solicitaron la Procuradur\u00eda de Lesa Humanidad y la Unidad de Asistencia para causas de Derechos Humanos al fiscal a cargo de la causa que investiga la supuesta apropiaci\u00f3n de la empresa Papel Prensa. Pidieron que los empresarios H\u00e9ctor Magnetto, Bartolom\u00e9 Mitre y Ernestina Herrera de Noble por presunta \"extorsi\u00f3n\"\u2026","rel":"","context":"En \u00abMedios\u00bb","block_context":{"text":"Medios","link":"https:\/\/www.24baires.com\/?cat=54"},"img":{"alt_text":"magnetto mitre herrera de noble","src":"https:\/\/i0.wp.com\/www.24baires.com\/wp-content\/uploads\/2014\/04\/magnetto-mitre-herrera-de-noble.jpg?resize=350%2C200","width":350,"height":200,"srcset":"https:\/\/i0.wp.com\/www.24baires.com\/wp-content\/uploads\/2014\/04\/magnetto-mitre-herrera-de-noble.jpg?resize=350%2C200 1x, https:\/\/i0.wp.com\/www.24baires.com\/wp-content\/uploads\/2014\/04\/magnetto-mitre-herrera-de-noble.jpg?resize=525%2C300 1.5x"},"classes":[]},{"id":35015,"url":"https:\/\/www.24baires.com\/?p=35015","url_meta":{"origin":94746,"position":2},"title":"Papel Prensa: se realizar\u00e1 una audiencia para resolver la unificaci\u00f3n de las querellas","author":"GB","date":"11\/11\/2013","format":false,"excerpt":"La C\u00e1mara Federal de Apelaciones recibir\u00e1 a las tres querellas de la causa judicial por la apropiaci\u00f3n de Papel Prensa durante la \u00faltima dictadura. Deber\u00e1n exponer ante los camaristas los argumentos por los cuales apelaron la decisi\u00f3n del juez Juli\u00e1n Ercolini. La causa sobre Papel Prensa podr\u00eda dar un paso\u2026","rel":"","context":"En \u00abMemoria\u00bb","block_context":{"text":"Memoria","link":"https:\/\/www.24baires.com\/?cat=50"},"img":{"alt_text":"","src":"","width":0,"height":0},"classes":[]},{"id":65971,"url":"https:\/\/www.24baires.com\/?p=65971","url_meta":{"origin":94746,"position":3},"title":"Fijan nueva audiencia para tratar indagatorias por Papel Prensa","author":"AF","date":"15\/05\/2015","format":false,"excerpt":"La C\u00e1mara Federal porte\u00f1a fij\u00f3 para el 23 de junio pr\u00f3ximo una nueva audiencia para tratar el pedido del fiscal Leonel G\u00f3mez Barbella, para indagar a Ernestina Herrera de Noble, H\u00e9ctor Magnetto y Bartolom\u00e9 Luis Mitre, en la causa que investiga la compra extorsiva de la empresa Papel Prensa durante\u2026","rel":"","context":"En \u00abJUDICIALES\u00bb","block_context":{"text":"JUDICIALES","link":"https:\/\/www.24baires.com\/?cat=68"},"img":{"alt_text":"papel prensa","src":"https:\/\/i0.wp.com\/www.24baires.com\/wp-content\/uploads\/2013\/06\/papel-prensa-300x224.jpg?resize=350%2C200","width":350,"height":200},"classes":[]},{"id":26139,"url":"https:\/\/www.24baires.com\/?p=26139","url_meta":{"origin":94746,"position":4},"title":"\u00abSi declara Magnetto se comprobar\u00e1 que hubo delito de lesa humanidad\u00bb","author":"Grupo Sierra","date":"16\/06\/2013","format":false,"excerpt":"Lidia Papaleo asegur\u00f3 hoy que si el juez federal Juli\u00e1n Ercolini llama a declarar a H\u00e9ctor Magnetto, Bartolom\u00e9 Mitre y Ernestina Herrera de Noble por la causa en que se investiga la apropiaci\u00f3n de Papel Prensa durante la \u00faltima dictadura c\u00edvico militar comprobar\u00e1 que hubo \u201cun delito de lesa humanidad\u2026","rel":"","context":"En \u00abJUDICIALES\u00bb","block_context":{"text":"JUDICIALES","link":"https:\/\/www.24baires.com\/?cat=68"},"img":{"alt_text":"lidia papaleo","src":"https:\/\/i0.wp.com\/www.24baires.com\/wp-content\/uploads\/2013\/06\/lidia-papaleo.jpg?resize=350%2C200","width":350,"height":200,"srcset":"https:\/\/i0.wp.com\/www.24baires.com\/wp-content\/uploads\/2013\/06\/lidia-papaleo.jpg?resize=350%2C200 1x, https:\/\/i0.wp.com\/www.24baires.com\/wp-content\/uploads\/2013\/06\/lidia-papaleo.jpg?resize=525%2C300 1.5x"},"classes":[]},{"id":7827,"url":"https:\/\/www.24baires.com\/?p=7827","url_meta":{"origin":94746,"position":5},"title":"La Secretar\u00eda de Derechos Humanos pidi\u00f3 indagatorias por la causa Papel Prensa","author":"AF","date":"04\/12\/2012","format":false,"excerpt":"Solicit\u00f3 al juez, Juli\u00e1n Ercolini, que cite a la directora de Clar\u00edn, Ernestina Herrera de Noble; al CEO del grupo, H\u00e9ctor Magnetto; al presidente de La Naci\u00f3n, Bartolom\u00e9 Mitre, al dictador Jorge Rafael Videla y al ex ministro de Econom\u00eda de la dictadura, Jos\u00e9 Alfredo Mart\u00ednez de Hoz, entre otros\u2026","rel":"","context":"En \u00abMemoria\u00bb","block_context":{"text":"Memoria","link":"https:\/\/www.24baires.com\/?cat=50"},"img":{"alt_text":"","src":"","width":0,"height":0},"classes":[]}],"jetpack_sharing_enabled":true,"jetpack_likes_enabled":true,"_links":{"self":[{"href":"https:\/\/www.24baires.com\/index.php?rest_route=\/wp\/v2\/posts\/94746","targetHints":{"allow":["GET"]}}],"collection":[{"href":"https:\/\/www.24baires.com\/index.php?rest_route=\/wp\/v2\/posts"}],"about":[{"href":"https:\/\/www.24baires.com\/index.php?rest_route=\/wp\/v2\/types\/post"}],"author":[{"embeddable":true,"href":"https:\/\/www.24baires.com\/index.php?rest_route=\/wp\/v2\/users\/8"}],"replies":[{"embeddable":true,"href":"https:\/\/www.24baires.com\/index.php?rest_route=%2Fwp%2Fv2%2Fcomments&post=94746"}],"version-history":[{"count":1,"href":"https:\/\/www.24baires.com\/index.php?rest_route=\/wp\/v2\/posts\/94746\/revisions"}],"predecessor-version":[{"id":94747,"href":"https:\/\/www.24baires.com\/index.php?rest_route=\/wp\/v2\/posts\/94746\/revisions\/94747"}],"wp:attachment":[{"href":"https:\/\/www.24baires.com\/index.php?rest_route=%2Fwp%2Fv2%2Fmedia&parent=94746"}],"wp:term":[{"taxonomy":"category","embeddable":true,"href":"https:\/\/www.24baires.com\/index.php?rest_route=%2Fwp%2Fv2%2Fcategories&post=94746"},{"taxonomy":"post_tag","embeddable":true,"href":"https:\/\/www.24baires.com\/index.php?rest_route=%2Fwp%2Fv2%2Ftags&post=94746"}],"curies":[{"name":"wp","href":"https:\/\/api.w.org\/{rel}","templated":true}]}}