{"id":9473,"date":"2012-12-17T13:41:31","date_gmt":"2012-12-17T16:41:31","guid":{"rendered":"http:\/\/www.24baires.com\/?p=9473"},"modified":"2012-12-17T13:41:31","modified_gmt":"2012-12-17T16:41:31","slug":"anuncian-trabajos-de-mantenimiento-y-preservacion-en-rutas-provinciales","status":"publish","type":"post","link":"https:\/\/www.24baires.com\/?p=9473","title":{"rendered":"Anuncian trabajos de mantenimiento y preservaci\u00f3n en rutas provinciales"},"content":{"rendered":"<p><a href=\"http:\/\/www.24baires.com\/locales\/7794-trenque-lauquen-y-rivadavia-reparan-la-ruta-33\/attachment\/ruta-33\/\" rel=\"attachment wp-att-7795\"><img data-recalc-dims=\"1\" loading=\"lazy\" decoding=\"async\" class=\"size-full wp-image-7795 alignleft\" alt=\"ruta 33\" src=\"https:\/\/i0.wp.com\/www.24baires.com\/wp-content\/uploads\/2012\/12\/ruta-33.jpg?resize=207%2C138\" width=\"207\" height=\"138\" \/><\/a>La Direcci\u00f3n Provincial de Vialidad anunci\u00f3 este lunes la apertura de sobres de licitaci\u00f3n para las tareas de mantenimiento y preservaci\u00f3n de las rutas 76 y 67, que unen diversos distritos bonaerenses.<!--more--><br \/>\nEl subgerente de Administraci\u00f3n de la Direcci\u00f3n de Vialidad de la provincia de Buenos Aires (DVBA), Luciano Barreda, y el subgerente de Obras de Construcci\u00f3n, Conservaci\u00f3n y Pavimentos, Eduardo Benozzi, encabezaron hoy la apertura de sobres para la adjudicaci\u00f3n de los trabajos, cuyo presupuesto oficial es de $2.160.720.<br \/>\nLa obra de fresado corrector, bacheo superficial y profundo se realizar\u00e1 en jurisdicci\u00f3n del Departamento Zona XI (Bah\u00eda Blanca) que abarca los partidos de Coronel Rosales, Coronel Su\u00e1rez, Saavedra y Bah\u00eda Blanca.<br \/>\nLos trabajos de conservaci\u00f3n ser\u00e1n en la ruta provincial 76, en el tramo que va desde Ruta 85 (San Eloy) a Sauce Grande; en la ruta 67, en el tramo ruta 85 (Coronel Su\u00e1rez) y ruta nacional 33 (Pig\u00fc\u00e9); y Camino 007, 05 y 113, en el tramo Aeropuerto de Bah\u00eda Blanca y ruta nacional 3 norte.<br \/>\nEl \u00fanico oferente presente fue la empresa Ingenier\u00eda y Arquitectura S.R.L. que presupuest\u00f3 un total de $ 2.714.884.<\/p>\n<p>&nbsp;<\/p>\n<p>&nbsp;<\/p>\n<p>&nbsp;<\/p>\n<p>&nbsp;<\/p>\n<p>&nbsp;<\/p>\n<p>&nbsp;<\/p>\n<p>&nbsp;<\/p>\n<p>&nbsp;<\/p>\n<p>&nbsp;<\/p>\n<p>&nbsp;<\/p>\n<p>&nbsp;<\/p>\n<p>&nbsp;<\/p>\n<p>&nbsp;<\/p>\n<p>&nbsp;<\/p>\n<p>&nbsp;<\/p>\n<p>&nbsp;<\/p>\n<p>&nbsp;<\/p>\n","protected":false},"excerpt":{"rendered":"<p>La Direcci\u00f3n Provincial de Vialidad anunci\u00f3 este lunes la apertura de sobres de licitaci\u00f3n para las tareas de mantenimiento y preservaci\u00f3n de las rutas 76 y 67, que unen diversos distritos bonaerenses.<\/p>\n","protected":false},"author":4,"featured_media":0,"comment_status":"open","ping_status":"open","sticky":false,"template":"","format":"standard","meta":{"_jetpack_newsletter_access":"","_jetpack_dont_email_post_to_subs":false,"_jetpack_newsletter_tier_id":0,"_jetpack_memberships_contains_paywalled_content":false,"_jetpack_memberships_contains_paid_content":false,"footnotes":""},"categories":[40],"tags":[],"class_list":["post-9473","post","type-post","status-publish","format-standard","hentry","category-provincia"],"jetpack_featured_media_url":"","jetpack_shortlink":"https:\/\/wp.me\/p2JWE0-2sN","jetpack-related-posts":[{"id":48070,"url":"https:\/\/www.24baires.com\/?p=48070","url_meta":{"origin":9473,"position":0},"title":"Licitaron obras viales para la Ruta provincial 55","author":"AF","date":"15\/06\/2014","format":false,"excerpt":"Con una inversi\u00f3n de m\u00e1s de 34 millones de pesos el Gobierno provincial, a trav\u00e9s de la Direcci\u00f3n de Vialidad \u2013dependiente de Infraestructura-, licit\u00f3 obras viales para intervenir rutas provinciales que atraviesan seis municipios bonaerenses, entre ellos el Partido de Mar Chiquita, en el marco de la obra \u201cRehabilitaci\u00f3n y\u2026","rel":"","context":"En \u00abLocales\u00bb","block_context":{"text":"Locales","link":"https:\/\/www.24baires.com\/?cat=38"},"img":{"alt_text":"ruta","src":"https:\/\/i0.wp.com\/www.24baires.com\/wp-content\/uploads\/2013\/12\/ruta.jpg?resize=350%2C200","width":350,"height":200,"srcset":"https:\/\/i0.wp.com\/www.24baires.com\/wp-content\/uploads\/2013\/12\/ruta.jpg?resize=350%2C200 1x, https:\/\/i0.wp.com\/www.24baires.com\/wp-content\/uploads\/2013\/12\/ruta.jpg?resize=525%2C300 1.5x"},"classes":[]},{"id":19454,"url":"https:\/\/www.24baires.com\/?p=19454","url_meta":{"origin":9473,"position":1},"title":"Cuatro empresas aspiran a reparar la Ruta 65, entre Daireaux y Guamin\u00ed","author":"AF","date":"27\/03\/2013","format":false,"excerpt":"\u201cEsta nueva obra abarca m\u00e1s de 80 km y sumado al tramo Bolivar \u2013 Daireaux, estar\u00edamos completando un total de 150 km de repavimentaci\u00f3n, que demandar\u00e1 a la provincia de Buenos Aires una inversi\u00f3n de aproximadamente $ 120 millones\u201d, dijo Arl\u00eda. Con una inversi\u00f3n de m\u00e1s de 56 millones de\u2026","rel":"","context":"En \u00abMunicipios\u00bb","block_context":{"text":"Municipios","link":"https:\/\/www.24baires.com\/?cat=44"},"img":{"alt_text":"","src":"","width":0,"height":0},"classes":[]},{"id":48609,"url":"https:\/\/www.24baires.com\/?p=48609","url_meta":{"origin":9473,"position":2},"title":"Anuncian la repavimentaci\u00f3n de la Ruta 67","author":"AF","date":"24\/06\/2014","format":false,"excerpt":"En el marco del plan intensivo de inversiones en materia vial que lleva adelante el gobierno bonaerense, la administradora de Vialidad, Patricia Tombesi, licit\u00f3 este lunes en el distrito de Saavedra trabajos viales por m\u00e1s de 84 millones de pesos. Se trata de la obra \u201crepavimentaci\u00f3n y ensanche de la\u2026","rel":"","context":"En \u00abLocales\u00bb","block_context":{"text":"Locales","link":"https:\/\/www.24baires.com\/?cat=38"},"img":{"alt_text":"ruta 80","src":"https:\/\/i0.wp.com\/www.24baires.com\/wp-content\/uploads\/2013\/07\/ruta-80.jpg?resize=350%2C200","width":350,"height":200,"srcset":"https:\/\/i0.wp.com\/www.24baires.com\/wp-content\/uploads\/2013\/07\/ruta-80.jpg?resize=350%2C200 1x, https:\/\/i0.wp.com\/www.24baires.com\/wp-content\/uploads\/2013\/07\/ruta-80.jpg?resize=525%2C300 1.5x"},"classes":[]},{"id":42542,"url":"https:\/\/www.24baires.com\/?p=42542","url_meta":{"origin":9473,"position":3},"title":"Por buen camino: licitan obras para rutas provinciales","author":"Grupo Sierra","date":"21\/03\/2014","format":false,"excerpt":"La administradora de Vialidad bonaerense, Patricia Tombesi, presidi\u00f3 este jueves en Baradero, junto al jefe comunal de ese distrito, Aldo Carossi ,el acto licitatorio de la obras de \u201cRehabilitaci\u00f3n y Conservaci\u00f3n de capa de rodamiento para las rutas provinciales 191, 41, 32 y 30\u201d. Acompa\u00f1ada por el Intendente de Baradero,\u2026","rel":"","context":"En \u00abProvincia\u00bb","block_context":{"text":"Provincia","link":"https:\/\/www.24baires.com\/?cat=40"},"img":{"alt_text":"ruta","src":"https:\/\/i0.wp.com\/www.24baires.com\/wp-content\/uploads\/2013\/12\/ruta-300x170.jpg?resize=350%2C200","width":350,"height":200},"classes":[]},{"id":38537,"url":"https:\/\/www.24baires.com\/?p=38537","url_meta":{"origin":9473,"position":4},"title":"A un mes del incendio, reparan rutas afectadas en Tornquist","author":"Grupo Sierra","date":"15\/01\/2014","format":false,"excerpt":"La administradora general de la direcci\u00f3n de Vialidad Patricia Tombesi, visit\u00f3 el municipio de Tornquist y junto al intendente Gustavo Tranquels, recorri\u00f3 las rutas que atraviesan la zona afectada por los incendios forestales. Actualmente se est\u00e1n reparando y reacondicionando los lugares m\u00e1s afectados. Durante la recorrida, la titular de Vialidad\u2026","rel":"","context":"En \u00abLocales\u00bb","block_context":{"text":"Locales","link":"https:\/\/www.24baires.com\/?cat=38"},"img":{"alt_text":"","src":"","width":0,"height":0},"classes":[]},{"id":425,"url":"https:\/\/www.24baires.com\/?p=425","url_meta":{"origin":9473,"position":5},"title":"Abrieron los sobres por la Ruta 6 y Scioli anunci\u00f3 el traspaso de la Autopista La Plata-Buenos Aires a la Provincia","author":"Grupo Sierra","date":"25\/09\/2012","format":false,"excerpt":"Daniel Scioli encabez\u00f3 la apertura de sobres para la licitaci\u00f3n de las obras de la Ruta 6, el cuarto anillo de circunvalaci\u00f3n del Gran Buenos Aires, que une La Plata con la zona portuaria de Campana-Z\u00e1rate y vincula las rutas nacionales m\u00e1s transitadas. Tambi\u00e9n ante varios incumplimientos de la concesionaria\u2026","rel":"","context":"En \u00abProvincia\u00bb","block_context":{"text":"Provincia","link":"https:\/\/www.24baires.com\/?cat=40"},"img":{"alt_text":"","src":"","width":0,"height":0},"classes":[]}],"jetpack_sharing_enabled":true,"jetpack_likes_enabled":true,"_links":{"self":[{"href":"https:\/\/www.24baires.com\/index.php?rest_route=\/wp\/v2\/posts\/9473","targetHints":{"allow":["GET"]}}],"collection":[{"href":"https:\/\/www.24baires.com\/index.php?rest_route=\/wp\/v2\/posts"}],"about":[{"href":"https:\/\/www.24baires.com\/index.php?rest_route=\/wp\/v2\/types\/post"}],"author":[{"embeddable":true,"href":"https:\/\/www.24baires.com\/index.php?rest_route=\/wp\/v2\/users\/4"}],"replies":[{"embeddable":true,"href":"https:\/\/www.24baires.com\/index.php?rest_route=%2Fwp%2Fv2%2Fcomments&post=9473"}],"version-history":[{"count":2,"href":"https:\/\/www.24baires.com\/index.php?rest_route=\/wp\/v2\/posts\/9473\/revisions"}],"predecessor-version":[{"id":9475,"href":"https:\/\/www.24baires.com\/index.php?rest_route=\/wp\/v2\/posts\/9473\/revisions\/9475"}],"wp:attachment":[{"href":"https:\/\/www.24baires.com\/index.php?rest_route=%2Fwp%2Fv2%2Fmedia&parent=9473"}],"wp:term":[{"taxonomy":"category","embeddable":true,"href":"https:\/\/www.24baires.com\/index.php?rest_route=%2Fwp%2Fv2%2Fcategories&post=9473"},{"taxonomy":"post_tag","embeddable":true,"href":"https:\/\/www.24baires.com\/index.php?rest_route=%2Fwp%2Fv2%2Ftags&post=9473"}],"curies":[{"name":"wp","href":"https:\/\/api.w.org\/{rel}","templated":true}]}}