{"id":947,"date":"2012-10-04T09:45:44","date_gmt":"2012-10-04T12:45:44","guid":{"rendered":"http:\/\/www.24baires.com\/?p=947"},"modified":"2012-10-04T09:52:27","modified_gmt":"2012-10-04T12:52:27","slug":"quequen-vuelve-a-cortar-la-ruta-2-por-su-autonomia","status":"publish","type":"post","link":"https:\/\/www.24baires.com\/?p=947","title":{"rendered":"Quequ\u00e9n vuelve a la ruta 2 pidiendo por su autonom\u00eda"},"content":{"rendered":"<p><img data-recalc-dims=\"1\" loading=\"lazy\" decoding=\"async\" class=\"alignleft size-medium wp-image-948\" title=\"quequenruta2\" src=\"https:\/\/i0.wp.com\/www.24baires.com\/wp-content\/uploads\/2012\/10\/quequenruta2.jpg?resize=300%2C163\" alt=\"\" width=\"300\" height=\"163\" srcset=\"https:\/\/i0.wp.com\/www.24baires.com\/wp-content\/uploads\/2012\/10\/quequenruta2.jpg?resize=300%2C163&amp;ssl=1 300w, https:\/\/i0.wp.com\/www.24baires.com\/wp-content\/uploads\/2012\/10\/quequenruta2.jpg?w=500&amp;ssl=1 500w\" sizes=\"auto, (max-width: 300px) 100vw, 300px\" \/>Cuando a\u00fan no se han acallado los ecos de la reciente protesta en la ruta 2, que consigui\u00f3 una repercusi\u00f3n a nivel nacional, los vecinos que integran el grupo de los Autoconvocados en La Carpa de la Esperanza y la Comisi\u00f3n para el Reconocimiento del Municipio de Quequ\u00e9n, anunciaron una medida similar para el pr\u00f3ximo lunes 8, aprovechando el nuevo fin de semana largo.<!--more--><\/p>\n<p>El lugar elegido esta vez ser\u00e1 a la altura de la localidad de Dolores, en inmediaciones de la estaci\u00f3n de servicio del Autom\u00f3vil Club Argentino, y seg\u00fan anticip\u00f3 el dirigente Abel Agesta, \u201cel s\u00e1bado estar\u00e1 viajando un grupo en forma de avanzada, para montar las carpas y dem\u00e1s, y aguardar al grueso de la gente, que ir\u00e1 el lunes. La idea es superar la cantidad de asistentes a la protesta del pasado lunes 24 de septiembre a la altura de la localidad de las Armas, cuando acudimos 120 quequenenses\u201d.<\/p>\n<p>La delegaci\u00f3n de autonomistas viajar\u00e1 el lunes en las primeras horas de la ma\u00f1ana, para instalarse a la vera de la ruta y comenzar a detener los veh\u00edculos que se dirijan en sentido hacia la Ciudad Aut\u00f3noma de Buenos Aires. \u201cLes entregaremos volantes exponiendo nuestra situaci\u00f3n, solicitando que de una vez por todas sea creado el municipio de Quequ\u00e9n. Ante la falta de respuestas del Ejecutivo provincial y de la Legislatura, nos sentimos empujados a realizar estas movilizaciones\u201d.<\/p>\n<p>De todas maneras se destac\u00f3 que \u201cla protesta ser\u00e1 en forma pac\u00edfica, tratando de molestar lo menos posible a quienes est\u00e1n viajando, pero es la \u00fanica manera de hacernos o\u00edr\u201d. Asimismo se anticip\u00f3 que la detenci\u00f3n del tr\u00e1nsito ser\u00e1 por espacios mayores de tiempo que en la reciente movilizaci\u00f3n, en la que al mediod\u00eda se lleg\u00f3 a formar una cola de veh\u00edculos de 12 kil\u00f3metros de largo.<\/p>\n<p>El pr\u00f3ximo lunes volver\u00e1n a apostarse mujeres y hombres con chalecos lum\u00ednicos identificatorios, habr\u00e1 carpas a la vera de la cinta asf\u00e1ltica, y se entregar\u00e1n volantes con la siguiente consigna: \u201cAutonom\u00eda ya para Quequ\u00e9n\u201d.<\/p>\n<p>\u201cEstas manifestaciones no tienen ninguna ideolog\u00eda pol\u00edtica y no portan ninguna bandera. S\u00f3lo queremos que Quequ\u00e9n logre su autonom\u00eda\u201d, concluyeron.<\/p>\n","protected":false},"excerpt":{"rendered":"<p>Cuando a\u00fan no se han acallado los ecos de la reciente protesta en la ruta 2, que consigui\u00f3 una repercusi\u00f3n a nivel nacional, los vecinos que integran el grupo de los Autoconvocados en La Carpa de la Esperanza y la Comisi\u00f3n para el Reconocimiento del Municipio de Quequ\u00e9n, anunciaron una medida similar para el pr\u00f3ximo lunes 8, aprovechando el nuevo [&#8230;]<\/p>\n","protected":false},"author":4,"featured_media":0,"comment_status":"open","ping_status":"open","sticky":false,"template":"","format":"standard","meta":{"_jetpack_newsletter_access":"","_jetpack_dont_email_post_to_subs":false,"_jetpack_newsletter_tier_id":0,"_jetpack_memberships_contains_paywalled_content":false,"_jetpack_memberships_contains_paid_content":false,"footnotes":""},"categories":[1],"tags":[],"class_list":["post-947","post","type-post","status-publish","format-standard","hentry","category-sociedad"],"jetpack_featured_media_url":"","jetpack_shortlink":"https:\/\/wp.me\/p2JWE0-fh","jetpack-related-posts":[{"id":1489,"url":"https:\/\/www.24baires.com\/?p=1489","url_meta":{"origin":947,"position":0},"title":"Autonomistas de Quequ\u00e9n satisfechos por su reclamo en la Autov\u00eda 2","author":"AF","date":"09\/10\/2012","format":false,"excerpt":"Los autonomistas de Quequ\u00e9n volvieron a publicitar su reclamo para la creaci\u00f3n de un nuevo municipio y los principales receptores del pedido fueron todos los turistas que regresaban ayer de la Costa Atl\u00e1ntica, luego de pasar el fin de semana largo correspondiente al 12 de octubre. El grupo de manifestantes\u2026","rel":"","context":"En \u00abMunicipios\u00bb","block_context":{"text":"Municipios","link":"https:\/\/www.24baires.com\/?cat=44"},"img":{"alt_text":"","src":"https:\/\/i0.wp.com\/www.24baires.com\/wp-content\/uploads\/2012\/10\/autonomistasquequen.jpg?resize=350%2C200","width":350,"height":200},"classes":[]},{"id":325,"url":"https:\/\/www.24baires.com\/?p=325","url_meta":{"origin":947,"position":1},"title":"Cortan la ruta 2 en reclamo de la autonom\u00eda de Quequ\u00e9n","author":"Grupo Sierra","date":"24\/09\/2012","format":false,"excerpt":"Un grupo de vecinos realizan un bloqueo en la ruta 2 a la altura de Coronel Vidal, en el kil\u00f3metro 343, sentido a la Capital Federal. Exigen la autonom\u00eda de Quequ\u00e9n. Por este corte total, hay demoras de hasta media hora. Seg\u00fan adelantaron los dirigentes de la manifestaci\u00f3n, la protesta\u2026","rel":"","context":"En \u00abProvincia\u00bb","block_context":{"text":"Provincia","link":"https:\/\/www.24baires.com\/?cat=40"},"img":{"alt_text":"","src":"https:\/\/i0.wp.com\/www.24baires.com\/wp-content\/uploads\/2012\/09\/corte-ruta-quequen.jpg?resize=350%2C200","width":350,"height":200,"srcset":"https:\/\/i0.wp.com\/www.24baires.com\/wp-content\/uploads\/2012\/09\/corte-ruta-quequen.jpg?resize=350%2C200 1x, https:\/\/i0.wp.com\/www.24baires.com\/wp-content\/uploads\/2012\/09\/corte-ruta-quequen.jpg?resize=525%2C300 1.5x"},"classes":[]},{"id":11611,"url":"https:\/\/www.24baires.com\/?p=11611","url_meta":{"origin":947,"position":2},"title":"Autonomistas de Quequ\u00e9n volver\u00e1n a reclamar sobre la ruta 2 este fin de semana","author":"AF","date":"09\/01\/2013","format":false,"excerpt":"Luego de los impedimentos que tuvieron para manifestarse el pasado 28 de diciembre, los Autoconvocados en la Carpa de la Esperanza y la Comisi\u00f3n para el Reconocimiento del Municipio de Quequ\u00e9n, se movilizar\u00e1n nuevamente a la autov\u00eda 2 el pr\u00f3ximo viernes, s\u00e1bado y domingo. Si bien no precisaron el sitio\u2026","rel":"","context":"En \u00abSociedad\u00bb","block_context":{"text":"Sociedad","link":"https:\/\/www.24baires.com\/?cat=1"},"img":{"alt_text":"autonomistas quequ\u00e9n 3","src":"https:\/\/i0.wp.com\/www.24baires.com\/wp-content\/uploads\/2013\/01\/autonomistas-quequ%C3%A9n-3-300x185.jpg?resize=350%2C200","width":350,"height":200},"classes":[]},{"id":11813,"url":"https:\/\/www.24baires.com\/?p=11813","url_meta":{"origin":947,"position":3},"title":"Autonomistas de Quequ\u00e9n no cortar\u00e1n la Ruta 2, s\u00f3lo se manifestar\u00e1n sobre la banquina","author":"AF","date":"11\/01\/2013","format":false,"excerpt":"Los manifestantes s\u00f3lo estar\u00e1n en la banquina de la autov\u00eda con pancartas en respaldo de su reclamo. El integrante del movimiento autonomista de Quequ\u00e9n, Mat\u00edas Asife, dijo que estuvimos en la Carpa de la Esperanza para preparar las actividades que se realizar\u00e1n este fin de semana en la Autov\u00eda 2.\u2026","rel":"","context":"En \u00abSociedad\u00bb","block_context":{"text":"Sociedad","link":"https:\/\/www.24baires.com\/?cat=1"},"img":{"alt_text":"autonomistas quequ\u00e9n 4","src":"https:\/\/i0.wp.com\/www.24baires.com\/wp-content\/uploads\/2013\/01\/autonomistas-quequ%C3%A9n-4.jpg?resize=350%2C200","width":350,"height":200},"classes":[]},{"id":57095,"url":"https:\/\/www.24baires.com\/?p=57095","url_meta":{"origin":947,"position":4},"title":"Quequ\u00e9n vuelve al reclamo por la autonom\u00eda","author":"Grupo Sierra","date":"13\/11\/2014","format":false,"excerpt":"En todos estos a\u00f1os desde el 2011, hubo numerosas reuniones con legisladores de todo el arco pol\u00edtico y en un par de ocasiones con el vicegobernador Gabriel Mariotto, en busca de lograr la aprobaci\u00f3n de la Ley Marco (tiene media sanci\u00f3n en la C\u00e1mara de Senadores de la provincia), que\u2026","rel":"","context":"En \u00abLocales\u00bb","block_context":{"text":"Locales","link":"https:\/\/www.24baires.com\/?cat=38"},"img":{"alt_text":"quequen","src":"https:\/\/i0.wp.com\/www.24baires.com\/wp-content\/uploads\/2014\/05\/quequen.jpg?resize=350%2C200","width":350,"height":200,"srcset":"https:\/\/i0.wp.com\/www.24baires.com\/wp-content\/uploads\/2014\/05\/quequen.jpg?resize=350%2C200 1x, https:\/\/i0.wp.com\/www.24baires.com\/wp-content\/uploads\/2014\/05\/quequen.jpg?resize=525%2C300 1.5x"},"classes":[]},{"id":10523,"url":"https:\/\/www.24baires.com\/?p=10523","url_meta":{"origin":947,"position":5},"title":"Autonomistas volver\u00e1n a cortar la autopista 2 para intensificar sus reclamos","author":"AF","date":"27\/12\/2012","format":false,"excerpt":"Los movimientos autonomistas de la provincia de Buenos Aires realizar\u00e1n un corte de ruta el pr\u00f3ximo s\u00e1bado en la ruta 2 a 13 kil\u00f3metros del ingreso a Mar del Plata, a la altura del parque acu\u00e1tico, y prometen realizar manifestaciones a lo largo de todo el verano. La decisi\u00f3n adoptada\u2026","rel":"","context":"En \u00abSociedad\u00bb","block_context":{"text":"Sociedad","link":"https:\/\/www.24baires.com\/?cat=1"},"img":{"alt_text":"","src":"","width":0,"height":0},"classes":[]}],"jetpack_sharing_enabled":true,"jetpack_likes_enabled":true,"_links":{"self":[{"href":"https:\/\/www.24baires.com\/index.php?rest_route=\/wp\/v2\/posts\/947","targetHints":{"allow":["GET"]}}],"collection":[{"href":"https:\/\/www.24baires.com\/index.php?rest_route=\/wp\/v2\/posts"}],"about":[{"href":"https:\/\/www.24baires.com\/index.php?rest_route=\/wp\/v2\/types\/post"}],"author":[{"embeddable":true,"href":"https:\/\/www.24baires.com\/index.php?rest_route=\/wp\/v2\/users\/4"}],"replies":[{"embeddable":true,"href":"https:\/\/www.24baires.com\/index.php?rest_route=%2Fwp%2Fv2%2Fcomments&post=947"}],"version-history":[{"count":0,"href":"https:\/\/www.24baires.com\/index.php?rest_route=\/wp\/v2\/posts\/947\/revisions"}],"wp:attachment":[{"href":"https:\/\/www.24baires.com\/index.php?rest_route=%2Fwp%2Fv2%2Fmedia&parent=947"}],"wp:term":[{"taxonomy":"category","embeddable":true,"href":"https:\/\/www.24baires.com\/index.php?rest_route=%2Fwp%2Fv2%2Fcategories&post=947"},{"taxonomy":"post_tag","embeddable":true,"href":"https:\/\/www.24baires.com\/index.php?rest_route=%2Fwp%2Fv2%2Ftags&post=947"}],"curies":[{"name":"wp","href":"https:\/\/api.w.org\/{rel}","templated":true}]}}