{"id":94277,"date":"2017-05-04T15:00:10","date_gmt":"2017-05-04T18:00:10","guid":{"rendered":"http:\/\/www.24baires.com\/?p=94277"},"modified":"2017-05-04T14:08:50","modified_gmt":"2017-05-04T17:08:50","slug":"no-perdonamos-no-olvidamos-no-hay-reconciliacion-posible","status":"publish","type":"post","link":"https:\/\/www.24baires.com\/?p=94277","title":{"rendered":"No perdonamos, no olvidamos: no hay reconciliaci\u00f3n posible"},"content":{"rendered":"<p><img data-recalc-dims=\"1\" loading=\"lazy\" decoding=\"async\" class=\"aligncenter size-full wp-image-94278\" src=\"https:\/\/i0.wp.com\/www.24baires.com\/wp-content\/uploads\/2017\/05\/corte-suprema.jpg?resize=560%2C309\" alt=\"\" width=\"560\" height=\"309\" srcset=\"https:\/\/i0.wp.com\/www.24baires.com\/wp-content\/uploads\/2017\/05\/corte-suprema.jpg?w=560&amp;ssl=1 560w, https:\/\/i0.wp.com\/www.24baires.com\/wp-content\/uploads\/2017\/05\/corte-suprema.jpg?resize=300%2C166&amp;ssl=1 300w\" sizes=\"auto, (max-width: 560px) 100vw, 560px\" \/>Dijimos que no perdonamos. Y no perdonamos. Dijimos que no hab\u00eda reconciliaci\u00f3n posible, y no la hubo, jam\u00e1s. Dijimos que no olvidamos, y nosotros ejercitamos la Memoria todos los d\u00edas, por elecci\u00f3n tenemos vedado el acceso al olvido.<!--more--><\/p>\n<p>No mentimos. Tampoco odiamos, por eso buscamos justicia, cobijados bajo el techo de la verdad, que contiene y abriga. Porque nos hicieron mal, nos lastimaron de la manera m\u00e1s cruel: nos robaron a nuestros hijos. Se los llevaron, as\u00ed, un d\u00eda. Les hicieron las pesadillas que todav\u00eda nos atacan en sue\u00f1os y nunca, pero nunca m\u00e1s supimos nada de ellos. Entonces, cuando pidieron que perdonemos y olvidemos, les explicamos que no podemos reconciliarnos con quienes secuestraron, violaron y asesinaron nuestros hijos, sustray\u00e9ndole la identidad a cientos de nuestros nietos.<\/p>\n<p>Porque lo m\u00e1s justo hubiera sido que no los secuestren, no los torturen, no les roben sus beb\u00e9s, no los asesinen, no los desaparezcan de nosotros para siempre. Pero esa noche oscura pas\u00f3, nos atraves\u00f3, nos acuchill\u00f3 salvaje, y nos dej\u00f3 as\u00ed, como somos, como estamos. Somos lo que hicieron de nosotros, mientras intentamos ser nosotros.<\/p>\n<p>Pero la justicia que obtuvimos los mand\u00f3 a la c\u00e1rcel, que era lo que buscamos, despu\u00e9s de la masacre. Algunos represores murieron ah\u00ed, como Videla, en el sitio que la Historia les depar\u00f3. La Historia que escribimos con la sangre que derramaron 30.000 compa\u00f1eros y compa\u00f1eras. Escribimos con el pulso firme de los pu\u00f1os que ellos alzaron contra el capitalismo, contra la eliminaci\u00f3n de la industria nacional, contra el endeudamiento, contra la represi\u00f3n y la pobreza sistematizada. Y esa Historia, la del Pueblo, juzg\u00f3 y dijo que los genocidas van a prisi\u00f3n. \u00c9sos fueron y son los juicios a los represores, a los c\u00f3mplices, incluidos los civiles y eclesi\u00e1sticos: el resultado es c\u00e1rcel com\u00fan, perpetua y efectiva. Y hay que escribirlo, aunque repetido, as\u00ed, clarito, porque parece que hay gente que todav\u00eda no entiende.<\/p>\n<p>Los cr\u00edmenes de Lesa Humanidad no prescriben. Punto. Ni a la casa por viejos, ni a la casa por reducci\u00f3n de penas. Sus atrocidades repercuten d\u00eda a d\u00eda en la sociedad que desbastaron, por eso no son cr\u00edmenes comunes: un plan sistem\u00e1tico de eliminaci\u00f3n del Pueblo no puede reducirse al 2&#215;1. Y nos hablan de que la buena conducta de los detenidos puede hacerlos susceptibles a este beneficio. \u00bfBuena conducta? Que digan qu\u00e9 hicieron con nuestros hijos e hijas secuestrados y torturados. Que digan d\u00f3nde est\u00e1n los 400 nietos que nos faltan. Que digan a qui\u00e9nes repartieron los bienes de los desaparecidos. Si ni siquiera se arrepintieron de sus actos durante los juicios, sino que los reivindicaron.<\/p>\n<p>Los cr\u00edmenes de Lesa Humanidad s\u00f3lo merecen las condenas que obtuvimos despu\u00e9s de 40 a\u00f1os de lucha permanente, merecen el eterno repudio de un pa\u00eds que padeci\u00f3 la destrucci\u00f3n del entramado social en manos de dictadores sanguinarios. Desde la Corte Suprema de Justicia, con los votos positivos de Elena Highton de Nolasco, Carlos Rosenkrantz y Horacio Rosatti, intentan demoler la construcci\u00f3n de la Memoria. Vinieron por todo, vinieron a aniquilarnos la voluntad, nos quieren tristes y quietos, sin reacci\u00f3n. Nos quieren partidos al medio, abiertos de lado a lado con la herida siempre expuesta. Porque la reconciliaci\u00f3n que ans\u00edan los que se beneficiaron con la dictadura no existe. Hace unos a\u00f1os eran millonarios asustados porque la justicia se iba acercando a sus empresas, porque les ped\u00edamos explicaciones, porque sab\u00edan que nosotros sabemos lo que hicieron, c\u00f3mplices del genocidio. Pero ahora son millonarios tranquilos, porque ven que nos gobierna un amigo de ellos, otro empresario que increment\u00f3 obscenamente sus activos con la dictadura. Porque el cambio que vivimos es profundo y despiadado. No se detiene, nada lo frena excepto un pueblo organizado, empoderado, conocedor de sus derechos, defensor de sus conquistas y sus muertos. Y eso, todav\u00eda, les da p\u00e1nico, por eso nos reprimen y reprimir\u00e1n en cada una de las protestas y reclamos por todo lo que nos van quitando.<\/p>\n<p>Hoy es jueves, hay ronda en la plaza. Me voy a dar la vuelta con ellas. Hoy, adem\u00e1s, es el cumple de Angelita, una Abuela que encontr\u00f3 a su nieto. Vamos a festejar eso, a festejarla, porque la alegr\u00eda sigue siendo nuestra, porque el amor es el motor de la lucha, porque seguimos ac\u00e1, al lado de nuestras Madres, de pie.<\/p>\n","protected":false},"excerpt":{"rendered":"<p>Dijimos que no perdonamos. Y no perdonamos. Dijimos que no hab\u00eda reconciliaci\u00f3n posible, y no la hubo, jam\u00e1s. Dijimos que no olvidamos, y nosotros ejercitamos la Memoria todos los d\u00edas, por elecci\u00f3n tenemos vedado el acceso al olvido.<\/p>\n","protected":false},"author":4,"featured_media":0,"comment_status":"open","ping_status":"open","sticky":false,"template":"","format":"standard","meta":{"_jetpack_newsletter_access":"","_jetpack_dont_email_post_to_subs":false,"_jetpack_newsletter_tier_id":0,"_jetpack_memberships_contains_paywalled_content":false,"_jetpack_memberships_contains_paid_content":false,"footnotes":""},"categories":[64],"tags":[],"class_list":["post-94277","post","type-post","status-publish","format-standard","hentry","category-opinion"],"jetpack_featured_media_url":"","jetpack_shortlink":"https:\/\/wp.me\/p2JWE0-owB","jetpack-related-posts":[{"id":100074,"url":"https:\/\/www.24baires.com\/?p=100074","url_meta":{"origin":94277,"position":0},"title":"Diputado PRO pidi\u00f3 \u00abreconciliaci\u00f3n\u00bb y \u00abperd\u00f3n\u00bb para los genocidas de la dictadura","author":"AF","date":"21\/01\/2018","format":false,"excerpt":"El presidente del bloque de diputados del PRO, Nicol\u00e1s Massot, opin\u00f3 sobre los cr\u00edmenes de lesa humanidad cometidos en los '70 y consider\u00f3 que las v\u00edctimas de los represores quieren que \"el tema\" siga vigente porque obtienen \"alg\u00fan r\u00e9dito\". En un giro radical con la pol\u00edtica implementada en la \u00faltima\u2026","rel":"","context":"En \u00abPol\u00edtica\u00bb","block_context":{"text":"Pol\u00edtica","link":"https:\/\/www.24baires.com\/?cat=51"},"img":{"alt_text":"Resultado de imagen para massot","src":"https:\/\/i0.wp.com\/www.filo.news\/export\/sites\/claro\/img\/2017\/12\/15\/nicolas_massot_diputado.jpg_751523899.jpg?resize=350%2C200&ssl=1","width":350,"height":200,"srcset":"https:\/\/i0.wp.com\/www.filo.news\/export\/sites\/claro\/img\/2017\/12\/15\/nicolas_massot_diputado.jpg_751523899.jpg?resize=350%2C200&ssl=1 1x, https:\/\/i0.wp.com\/www.filo.news\/export\/sites\/claro\/img\/2017\/12\/15\/nicolas_massot_diputado.jpg_751523899.jpg?resize=525%2C300&ssl=1 1.5x"},"classes":[]},{"id":108392,"url":"https:\/\/www.24baires.com\/?p=108392","url_meta":{"origin":94277,"position":1},"title":"Alberto y Cristina Fern\u00e1ndez presentaron su candidatura en Merlo","author":"AF","date":"26\/05\/2019","format":false,"excerpt":"El precandidato a presidente se present\u00f3 con su candidata a vice, la ex mandataria Cristina Kirchner: \"Yo estuve en el laberinto de la crisis y se c\u00f3mo salir\", enfatiz\u00f3 Alberto. Alberto Fern\u00e1ndez present\u00f3 su f\u00f3rmula junto a Cristina Kirchner de cara a las elecciones presidenciales de octubre en la que\u2026","rel":"","context":"En \u00abPol\u00edtica\u00bb","block_context":{"text":"Pol\u00edtica","link":"https:\/\/www.24baires.com\/?cat=51"},"img":{"alt_text":"","src":"https:\/\/i0.wp.com\/www.24baires.com\/wp-content\/uploads\/2019\/05\/alberto-cristina-fernandez-merlo.jpg?resize=350%2C200","width":350,"height":200,"srcset":"https:\/\/i0.wp.com\/www.24baires.com\/wp-content\/uploads\/2019\/05\/alberto-cristina-fernandez-merlo.jpg?resize=350%2C200 1x, https:\/\/i0.wp.com\/www.24baires.com\/wp-content\/uploads\/2019\/05\/alberto-cristina-fernandez-merlo.jpg?resize=525%2C300 1.5x"},"classes":[]},{"id":86147,"url":"https:\/\/www.24baires.com\/?p=86147","url_meta":{"origin":94277,"position":2},"title":"Varios dirigentes de DDHH cargaron contra Macri por sus dichos sobre la \u00abguerra sucia\u00bb","author":"Grupo Sierra","date":"10\/08\/2016","format":false,"excerpt":"Referentes de derechos humanos cargaron hoy contra el presidente Mauricio Macri por sus expresiones sobre los a\u00f1os de la dictadura militar, a los que mencion\u00f3 como \"guerra sucia\", y calificaron de \"lamentables\" sus dichos sobre el emblem\u00e1tico n\u00famero de 30 mil desaparecidos. \"En boca de un Presidente de la Rep\u00fablica,\u2026","rel":"","context":"En \u00abMemoria\u00bb","block_context":{"text":"Memoria","link":"https:\/\/www.24baires.com\/?cat=50"},"img":{"alt_text":"desaparecidos","src":"https:\/\/i0.wp.com\/www.24baires.com\/wp-content\/uploads\/2016\/04\/desaparecidos.jpg?resize=350%2C200","width":350,"height":200,"srcset":"https:\/\/i0.wp.com\/www.24baires.com\/wp-content\/uploads\/2016\/04\/desaparecidos.jpg?resize=350%2C200 1x, https:\/\/i0.wp.com\/www.24baires.com\/wp-content\/uploads\/2016\/04\/desaparecidos.jpg?resize=525%2C300 1.5x"},"classes":[]},{"id":4841,"url":"https:\/\/www.24baires.com\/?p=4841","url_meta":{"origin":94277,"position":3},"title":"Otra vez la Iglesia pide perd\u00f3n e \u00abinvestigar\u00e1\u00bb m\u00e1s a fondo los a\u00f1os de plomo y su rol","author":"Grupo Sierra","date":"09\/11\/2012","format":false,"excerpt":"La Conferencia Episcopal Argentina (CEA) reiter\u00f3 su pedido de perd\u00f3n por el rol de algunos de sus integrantes durante la \u00faltima dictadura c\u00edvico militar y se propuso encarar \"un estudio m\u00e1s completo de los acontecimientos\" que ocurrieron durante esos a\u00f1os. As\u00ed lo expresaron en una \"Carta al pueblo de Dios\"\u2026","rel":"","context":"En \u00abSociedad\u00bb","block_context":{"text":"Sociedad","link":"https:\/\/www.24baires.com\/?cat=1"},"img":{"alt_text":"","src":"","width":0,"height":0},"classes":[]},{"id":51238,"url":"https:\/\/www.24baires.com\/?p=51238","url_meta":{"origin":94277,"position":4},"title":"El amor venci\u00f3 al odio","author":"Grupo Sierra","date":"05\/08\/2014","format":false,"excerpt":"Un d\u00eda fui a ver una pel\u00edcula al Festival de cine de Mar del Plata, Verdades verdaderas. La historia de la lucha de Estella de Carlotto durante la desaparici\u00f3n de su hija Laura, cuando fue a reconocer su cad\u00e1ver, cuando se enter\u00f3 que Laura estaba embarazada de 6 meses al\u2026","rel":"","context":"En \u00abOpini\u00f3n\u00bb","block_context":{"text":"Opini\u00f3n","link":"https:\/\/www.24baires.com\/?cat=64"},"img":{"alt_text":"carlotto estela","src":"https:\/\/i0.wp.com\/www.24baires.com\/wp-content\/uploads\/2012\/10\/carlotto-estela.jpg?resize=350%2C200","width":350,"height":200,"srcset":"https:\/\/i0.wp.com\/www.24baires.com\/wp-content\/uploads\/2012\/10\/carlotto-estela.jpg?resize=350%2C200 1x, https:\/\/i0.wp.com\/www.24baires.com\/wp-content\/uploads\/2012\/10\/carlotto-estela.jpg?resize=525%2C300 1.5x"},"classes":[]},{"id":94985,"url":"https:\/\/www.24baires.com\/?p=94985","url_meta":{"origin":94277,"position":5},"title":"\u00abPerd\u00f3n, los quiero\u00bb, dijo Ferr\u00e9 a sus hijos","author":"GB","date":"05\/06\/2017","format":false,"excerpt":"El femicida aprovech\u00f3 el tiempo del que dispone en los alegatos para intentar conmover al jurado civil que ma\u00f1ana dar\u00e1 su veredicto. En 2015 Farr\u00e9 mat\u00f3 a su esposa, Claudia Schaefer, de 44 a\u00f1os, de 74 pu\u00f1aladas. Fernando Farr\u00e9, quien en 2015 mat\u00f3 de 74 pu\u00f1aladas a su mujer Claudia\u2026","rel":"","context":"En \u00abPoliciales\u00bb","block_context":{"text":"Policiales","link":"https:\/\/www.24baires.com\/?cat=49"},"img":{"alt_text":"","src":"https:\/\/i0.wp.com\/www.24baires.com\/wp-content\/uploads\/2015\/08\/farre.jpg?resize=350%2C200","width":350,"height":200,"srcset":"https:\/\/i0.wp.com\/www.24baires.com\/wp-content\/uploads\/2015\/08\/farre.jpg?resize=350%2C200 1x, https:\/\/i0.wp.com\/www.24baires.com\/wp-content\/uploads\/2015\/08\/farre.jpg?resize=525%2C300 1.5x"},"classes":[]}],"jetpack_sharing_enabled":true,"jetpack_likes_enabled":true,"_links":{"self":[{"href":"https:\/\/www.24baires.com\/index.php?rest_route=\/wp\/v2\/posts\/94277","targetHints":{"allow":["GET"]}}],"collection":[{"href":"https:\/\/www.24baires.com\/index.php?rest_route=\/wp\/v2\/posts"}],"about":[{"href":"https:\/\/www.24baires.com\/index.php?rest_route=\/wp\/v2\/types\/post"}],"author":[{"embeddable":true,"href":"https:\/\/www.24baires.com\/index.php?rest_route=\/wp\/v2\/users\/4"}],"replies":[{"embeddable":true,"href":"https:\/\/www.24baires.com\/index.php?rest_route=%2Fwp%2Fv2%2Fcomments&post=94277"}],"version-history":[{"count":3,"href":"https:\/\/www.24baires.com\/index.php?rest_route=\/wp\/v2\/posts\/94277\/revisions"}],"predecessor-version":[{"id":94281,"href":"https:\/\/www.24baires.com\/index.php?rest_route=\/wp\/v2\/posts\/94277\/revisions\/94281"}],"wp:attachment":[{"href":"https:\/\/www.24baires.com\/index.php?rest_route=%2Fwp%2Fv2%2Fmedia&parent=94277"}],"wp:term":[{"taxonomy":"category","embeddable":true,"href":"https:\/\/www.24baires.com\/index.php?rest_route=%2Fwp%2Fv2%2Fcategories&post=94277"},{"taxonomy":"post_tag","embeddable":true,"href":"https:\/\/www.24baires.com\/index.php?rest_route=%2Fwp%2Fv2%2Ftags&post=94277"}],"curies":[{"name":"wp","href":"https:\/\/api.w.org\/{rel}","templated":true}]}}