{"id":9425,"date":"2012-12-17T00:36:13","date_gmt":"2012-12-17T03:36:13","guid":{"rendered":"http:\/\/www.24baires.com\/?p=9425"},"modified":"2012-12-17T12:17:44","modified_gmt":"2012-12-17T15:17:44","slug":"hoy-sabbatella-notificara-al-grupo-clarin-de-la-transferencia-de-oficio-de-sus-licencias","status":"publish","type":"post","link":"https:\/\/www.24baires.com\/?p=9425","title":{"rendered":"Hoy Sabbatella notificar\u00e1 al Grupo Clar\u00edn de la transferencia de oficio de sus licencias"},"content":{"rendered":"<p>El titular de la AFSCA anunci\u00f3 que se realizar\u00e1 de acuerdo a lo establecido por la ley de medios, que se encuentra en plena vigencia a partir del <a href=\"http:\/\/www.24baires.com\/medios\/9128-termino-el-monopolio-el-juez-horacio-alfonso-declaro-la-constitucionalidad-de-la-ley-de-medios\/\" target=\"_blank\">fallo del juez federal Horacio Alfonso.<\/a><!--more--><\/p>\n<p>Mart\u00edn Sabbatella, responsable del \u00f3rgano de aplicaci\u00f3n de la ley de medios explic\u00f3 que la \u00abtransferencia de oficio tiene cien d\u00edas h\u00e1biles y se inicia con su notificaci\u00f3n para quien no haya presentado su plan voluntario de adecuaci\u00f3n. Eso tiene un primer cap\u00edtulo que es la tasaci\u00f3n de las licencias y los bienes afectados al uso de las mismas\u00bb.<\/p>\n<p>\u00abUn segundo cap\u00edtulo que es la selecci\u00f3n de las licencias a concursar, un tercero que es el concurso de las mismas, y por \u00faltimo la adjudicaci\u00f3n y el traspaso de la licencia al nuevo titular al final del proceso\u00bb, detall\u00f3 Sabbatella, en di\u00e1logo con el programa televisivo 6-7-8 que se emite por la TV P\u00fablica.<\/p>\n<p>Hasta que el proceso de transferencia concluya, seg\u00fan explic\u00f3, el actual titular de las licencias \u00abdeber\u00e1 hacerse cargo del servicio, cuidarlo, mantener las fuentes de trabajo y proteger los bienes. Y esto es lo que le pedir\u00e1 el Estado que haga hasta que llegue el nuevo titular\u00bb al Grupo Clar\u00edn, el \u00fanico grupo de medios que no present\u00f3 su plan de adecuaci\u00f3n voluntario.<\/p>\n<p>\u00abLa diferencia entre el plan de adecuaci\u00f3n voluntaria y el proceso de oficio es que en el primer caso el que lo organiza es el propio grupo empresario, y en el proceso de oficio lo hace el Estado al no haber un cumplimiento de la norma\u00bb, agreg\u00f3 el referente de Nuevo Encuentro sobre el proceso de aplicaci\u00f3n de la Ley de Servicios de Comunicaci\u00f3n Audiovisual.<\/p>\n<p>El funcionario sostuvo que \u00abdurante estos tres a\u00f1os hubo una ley de la democracia, votada por el Congreso, suspendida por medidas cautelares. Y eso nos parec\u00eda una barbaridad y lo dijimos\u00bb.<\/p>\n<p>\u00abUna ley de la democracia no puede ser suspendida por una medida cautelar cuando no hay riesgo inminente ni riesgo para la libertad de expresi\u00f3n, tal como lo dijo la Corte Suprema\u00bb, subray\u00f3.<\/p>\n","protected":false},"excerpt":{"rendered":"<p>El titular de la AFSCA anunci\u00f3 que se realizar\u00e1 de acuerdo a lo establecido por la ley de medios, que se encuentra en plena vigencia a partir del fallo del juez federal Horacio Alfonso.<\/p>\n","protected":false},"author":11,"featured_media":0,"comment_status":"open","ping_status":"open","sticky":false,"template":"","format":"standard","meta":{"_jetpack_newsletter_access":"","_jetpack_dont_email_post_to_subs":false,"_jetpack_newsletter_tier_id":0,"_jetpack_memberships_contains_paywalled_content":false,"_jetpack_memberships_contains_paid_content":false,"footnotes":""},"categories":[54],"tags":[],"class_list":["post-9425","post","type-post","status-publish","format-standard","hentry","category-medios"],"jetpack_featured_media_url":"","jetpack_shortlink":"https:\/\/wp.me\/p2JWE0-2s1","jetpack-related-posts":[{"id":9465,"url":"https:\/\/www.24baires.com\/?p=9465","url_meta":{"origin":9425,"position":0},"title":"Sabbatella ya notific\u00f3 a Clar\u00edn el inicio de la transferencia de oficio","author":"AF","date":"17\/12\/2012","format":false,"excerpt":"El titular de la Afsca, Mart\u00edn Sabbatella, concurri\u00f3 a las oficinas del Grupo Clar\u00edn para realizar \"la notificaci\u00f3n del inicio de transferencia de oficio\", confirm\u00f3 el propio funcionario, quien record\u00f3 que la ley se encuentra en plena vigencia. Mart\u00edn Sabbatella, responsable del \u00f3rgano de aplicaci\u00f3n de la ley de medios\u2026","rel":"","context":"En \u00abMedios\u00bb","block_context":{"text":"Medios","link":"https:\/\/www.24baires.com\/?cat=54"},"img":{"alt_text":"","src":"","width":0,"height":0},"classes":[]},{"id":6032,"url":"https:\/\/www.24baires.com\/?p=6032","url_meta":{"origin":9425,"position":1},"title":"Llaman a concurso para 85 licencias de FM en la provincia de Mendoza","author":"Grupo Sierra","date":"19\/11\/2012","format":false,"excerpt":"El titular de la AFSCA, Mart\u00edn Sabbatella, reiter\u00f3 en Mendoza que \"estamos trabajando para que el conjunto de los grupos econ\u00f3micos que est\u00e1n excedidos (en licencias), presenten su plan de adecuaci\u00f3n\". \u00a0Al mismo tiempo el organismo que preside Sabbatella abri\u00f3 un concurso p\u00fablico para la adjudicaci\u00f3n de licencias para la\u00a0prestaci\u00f3n\u00a0del\u2026","rel":"","context":"En \u00abMedios\u00bb","block_context":{"text":"Medios","link":"https:\/\/www.24baires.com\/?cat=54"},"img":{"alt_text":"","src":"https:\/\/i0.wp.com\/www.24baires.com\/wp-content\/uploads\/2012\/11\/sabbatella-mendoza.jpg?resize=350%2C200","width":350,"height":200,"srcset":"https:\/\/i0.wp.com\/www.24baires.com\/wp-content\/uploads\/2012\/11\/sabbatella-mendoza.jpg?resize=350%2C200 1x, https:\/\/i0.wp.com\/www.24baires.com\/wp-content\/uploads\/2012\/11\/sabbatella-mendoza.jpg?resize=525%2C300 1.5x"},"classes":[]},{"id":3951,"url":"https:\/\/www.24baires.com\/?p=3951","url_meta":{"origin":9425,"position":2},"title":"Sabbatella asegur\u00f3 que \u00abClar\u00edn est\u00e1 desafiando a la democracia\u00bb","author":"Grupo Sierra","date":"31\/10\/2012","format":false,"excerpt":"El titular de la Autoridad Federal de Servicios de Comunicaci\u00f3n Audiovisual, Mart\u00edn Sabbatella, se refiri\u00f3 a la negativa de Clar\u00edn a presentar un plan de adecuaci\u00f3n a la ley. Adem\u00e1s reiter\u00f3 que despu\u00e9s del 7 de diciembre el organismo \"actuar\u00e1 de oficio\". \"Es un desaf\u00edo a la democracia, al estado\u2026","rel":"","context":"En \u00abMedios\u00bb","block_context":{"text":"Medios","link":"https:\/\/www.24baires.com\/?cat=54"},"img":{"alt_text":"","src":"https:\/\/i0.wp.com\/www.24baires.com\/wp-content\/uploads\/2012\/10\/sabbatella-desafio.jpg?resize=350%2C200","width":350,"height":200,"srcset":"https:\/\/i0.wp.com\/www.24baires.com\/wp-content\/uploads\/2012\/10\/sabbatella-desafio.jpg?resize=350%2C200 1x, https:\/\/i0.wp.com\/www.24baires.com\/wp-content\/uploads\/2012\/10\/sabbatella-desafio.jpg?resize=525%2C300 1.5x"},"classes":[]},{"id":17513,"url":"https:\/\/www.24baires.com\/?p=17513","url_meta":{"origin":9425,"position":3},"title":"Sabbatella, clar\u00edsimo: \u00abNadie tiene coronita, las reglas son parejas\u00bb","author":"AF","date":"05\/03\/2013","format":false,"excerpt":"El titular de la Autoridad Federal de Servicios de Comunicaci\u00f3n Audiovisual (Afsca), Mart\u00edn Sabbatella, asegur\u00f3 hoy que la venta de medios del grupo Hadad al grupo Indalo, aprobada por ese organismo, \"se ajusta perfectamente a la ley\" porque se enmarca en el plan de adecuaci\u00f3n, e insisti\u00f3 con que \"las\u2026","rel":"","context":"En \u00abMedios\u00bb","block_context":{"text":"Medios","link":"https:\/\/www.24baires.com\/?cat=54"},"img":{"alt_text":"","src":"","width":0,"height":0},"classes":[]},{"id":34549,"url":"https:\/\/www.24baires.com\/?p=34549","url_meta":{"origin":9425,"position":4},"title":"Sabbatella: \u00abno vamos a esperar ni un minuto porque es una deuda de hace 30 a\u00f1os\u00bb","author":"GB","date":"03\/11\/2013","format":false,"excerpt":"El presidente de la Autoridad Federal de Servicios de Comunicaci\u00f3n Audiovisual (Afsca) Mart\u00edn Sabbatella se refiri\u00f3 as\u00ed a la adecuaci\u00f3n de oficio del Grupo Clar\u00edn a la ley de Medios y reafirm\u00f3 que la normativa \"busca que est\u00e9n todas las voces\". \"No vamos a esperar ni un minuto, porque ya\u2026","rel":"","context":"En \u00abMedios\u00bb","block_context":{"text":"Medios","link":"https:\/\/www.24baires.com\/?cat=54"},"img":{"alt_text":"sabbatella desafio","src":"https:\/\/i0.wp.com\/www.24baires.com\/wp-content\/uploads\/2012\/10\/sabbatella-desafio.jpg?resize=350%2C200","width":350,"height":200,"srcset":"https:\/\/i0.wp.com\/www.24baires.com\/wp-content\/uploads\/2012\/10\/sabbatella-desafio.jpg?resize=350%2C200 1x, https:\/\/i0.wp.com\/www.24baires.com\/wp-content\/uploads\/2012\/10\/sabbatella-desafio.jpg?resize=525%2C300 1.5x"},"classes":[]},{"id":5405,"url":"https:\/\/www.24baires.com\/?p=5405","url_meta":{"origin":9425,"position":5},"title":"Sabbatella: \u00abNadie puede tener en una ciudad m\u00e1s de 3 licencias de radio\u00bb","author":"Grupo Sierra","date":"14\/11\/2012","format":false,"excerpt":"El titular de la Afsca, Mart\u00edn Sabbatella, confirm\u00f3 que \"despu\u00e9s del 7 de diciembre comienza el proceso de oficio\". Y detall\u00f3 que el grupo Clar\u00edn \"puede tener 24 y hoy tiene 237 licencias\" de cable.\u00a0\"De esta manera, despu\u00e9s del 7 de diciembre la AFSCA inicia el proceso de transferencia de\u2026","rel":"","context":"En \u00abMedios\u00bb","block_context":{"text":"Medios","link":"https:\/\/www.24baires.com\/?cat=54"},"img":{"alt_text":"","src":"","width":0,"height":0},"classes":[]}],"jetpack_sharing_enabled":true,"jetpack_likes_enabled":true,"_links":{"self":[{"href":"https:\/\/www.24baires.com\/index.php?rest_route=\/wp\/v2\/posts\/9425","targetHints":{"allow":["GET"]}}],"collection":[{"href":"https:\/\/www.24baires.com\/index.php?rest_route=\/wp\/v2\/posts"}],"about":[{"href":"https:\/\/www.24baires.com\/index.php?rest_route=\/wp\/v2\/types\/post"}],"author":[{"embeddable":true,"href":"https:\/\/www.24baires.com\/index.php?rest_route=\/wp\/v2\/users\/11"}],"replies":[{"embeddable":true,"href":"https:\/\/www.24baires.com\/index.php?rest_route=%2Fwp%2Fv2%2Fcomments&post=9425"}],"version-history":[{"count":2,"href":"https:\/\/www.24baires.com\/index.php?rest_route=\/wp\/v2\/posts\/9425\/revisions"}],"predecessor-version":[{"id":9468,"href":"https:\/\/www.24baires.com\/index.php?rest_route=\/wp\/v2\/posts\/9425\/revisions\/9468"}],"wp:attachment":[{"href":"https:\/\/www.24baires.com\/index.php?rest_route=%2Fwp%2Fv2%2Fmedia&parent=9425"}],"wp:term":[{"taxonomy":"category","embeddable":true,"href":"https:\/\/www.24baires.com\/index.php?rest_route=%2Fwp%2Fv2%2Fcategories&post=9425"},{"taxonomy":"post_tag","embeddable":true,"href":"https:\/\/www.24baires.com\/index.php?rest_route=%2Fwp%2Fv2%2Ftags&post=9425"}],"curies":[{"name":"wp","href":"https:\/\/api.w.org\/{rel}","templated":true}]}}