{"id":94171,"date":"2017-04-28T12:00:52","date_gmt":"2017-04-28T15:00:52","guid":{"rendered":"http:\/\/www.24baires.com\/?p=94171"},"modified":"2017-04-29T19:23:43","modified_gmt":"2017-04-29T22:23:43","slug":"nacimos-para-vivir","status":"publish","type":"post","link":"https:\/\/www.24baires.com\/?p=94171","title":{"rendered":"Nacimos para vivir"},"content":{"rendered":"<p><img data-recalc-dims=\"1\" loading=\"lazy\" decoding=\"async\" class=\"aligncenter size-full wp-image-94172\" src=\"https:\/\/i0.wp.com\/www.24baires.com\/wp-content\/uploads\/2017\/04\/micaela-garc%C3%ADa.jpg?resize=560%2C343\" alt=\"\" width=\"560\" height=\"343\" srcset=\"https:\/\/i0.wp.com\/www.24baires.com\/wp-content\/uploads\/2017\/04\/micaela-garc%C3%ADa.jpg?w=560&amp;ssl=1 560w, https:\/\/i0.wp.com\/www.24baires.com\/wp-content\/uploads\/2017\/04\/micaela-garc%C3%ADa.jpg?resize=300%2C184&amp;ssl=1 300w\" sizes=\"auto, (max-width: 560px) 100vw, 560px\" \/>\u00bfQui\u00e9n de nosotras no vuelve hoy a su casa? \u00bfQui\u00e9n de nosotras hoy no vuelve nunca m\u00e1s a su casa? Miramos a nuestro alrededor y nos preguntamos eso, todo los d\u00edas. Cuando dejamos a una amiga, de noche, le pedimos que nos avise cuando llegue a destino, porque no sabemos si llega. Porque tenemos miedo que no, que ese mensaje falte, que ella desaparezca en esta oscuridad y haya que buscarla, y pedir, y preguntar, y no saber. Y vivir as\u00ed no est\u00e1 bien. <!--more--><\/p>\n<p>Yo no nac\u00ed para que me mate un d\u00e9spota que odia a las mujeres por ser mujeres. Que cree que mi cuerpo es el campo f\u00e9rtil para que germine su perversi\u00f3n. Micaela no naci\u00f3 para que la maten y la entierren por ah\u00ed. Araceli no naci\u00f3 para que la maten y la tapen con cemento. Nacimos para vivir. \u00bfEntend\u00e9s? Queremos vivir. Pero parece que es eso, justamente, lo que m\u00e1s molesta. Como si no tuvi\u00e9ramos el derecho, como si muchas de nosotras, cada vez con m\u00e1s frecuencia, tuvi\u00e9ramos que, con nuestra sangre, pagarles a los hombres una especie de peaje por estar vivas.<br \/>\nLa misoginia y el machismo nos est\u00e1n matando, pero siguen pensando que las violentas somos nosotras, cuando pintamos una pared. Violencia es otra cosa. \u00bfSab\u00e9s por qu\u00e9? Porque Micaela no vuelve, pero a vos todav\u00eda te parece gracioso hacer \u00abchistes\u00bb sobre mujeres, cre\u00e9s que no hac\u00e9s ning\u00fan da\u00f1o con eso. Porque Araceli no vuelve, pero a vos todav\u00eda te parece m\u00e1s indignante un patrullero escrachado por la bronca, o que una mina se quede en tetas en la playa.<br \/>\nPorque todav\u00eda no entend\u00e9s que mi cuerpo, es m\u00edo y que nada, nada, te habilita a decidir por m\u00ed, nunca. Porque todav\u00eda no entend\u00e9s que NO, es NO. Que me puedo vestir como quiera, porque no te estoy provocando: sos vos y toda tu ignorancia, proyectando sobre m\u00ed.<br \/>\n\u00bfSab\u00e9s por qu\u00e9 a veces no nos gusta caminar solas de noche? Por vos. Porque vos pod\u00e9s estar por ah\u00ed, en la sombra. Porque el problema no es c\u00f3mo vayamos vestidas, ni qu\u00e9 hora es, ni si estoy o no acompa\u00f1ada. El problema sos vos. Porque cre\u00e9s que algo en mi apariencia busca provocarte. Porque cre\u00e9s que si voy con otra mujer tambi\u00e9n estamos \u201csolas\u201d, porque no hay un hombre entre nosotras. Porque vos de verdad cre\u00e9s que pod\u00e9s hacer lo que quieras conmigo.<br \/>\nLos hombres nos violan y nos matan porque pueden. Porque les ense\u00f1aron que estamos ac\u00e1 para servirlos, aun si eso significa morir en sus manos. Porque cuando gobiernan, dicen que nos gusta que nos digan qu\u00e9 lindo culo ten\u00e9s, o explican con un desconocimiento que abruma, que las campa\u00f1as por Ni una Menos son una moda. Porque eligen desfinanciar las pol\u00edticas que deber\u00edan educar y prevenir.<br \/>\nLos hombres nos violan y nos matan, porque hay otras mujeres que tambi\u00e9n piensan que mi pollera corta tiene la culpa de todo. A todos ellos y todas ellas: no nos mientan m\u00e1s. Dicen que nos quieren vivas, y su discurso oportunista se destruye contra el pared\u00f3n de una misoginia que ni siquiera atinan a revisar.<br \/>\nSiglos y siglos machacando la mentira, encerr\u00e1ndonos entre cuatro paredes, junto a una hornalla. Siglos y siglos ahondando en la desigualdad, violent\u00e1ndonos no s\u00f3lo f\u00edsicamente, sino tambi\u00e9n psicol\u00f3gica y econ\u00f3micamente. Porque el sometimiento ha intentado ser total.<br \/>\nPero les decimos que no, que el problema son ellos, los hijos sanos de esta injusta sociedad patriarcal, que tiene que caer. Les decimos que nacimos para vivir. Les decimos que somos hermanas, que nuestro abrazo se ensancha y nos busca, nos une. Las abrazo, entonces, compa\u00f1eras. Me hago fuerte ah\u00ed. Que el dolor se haga trinchera. De ac\u00e1 no nos mueven. Nunca un paso atr\u00e1s. Porque si resistimos, si aguantamos, si no dejamos de un luchar, un d\u00eda se va a acabar, se va a acabar esta costumbre de matar.<\/p>\n","protected":false},"excerpt":{"rendered":"<p>\u00bfQui\u00e9n de nosotras no vuelve hoy a su casa? \u00bfQui\u00e9n de nosotras hoy no vuelve nunca m\u00e1s a su casa? Miramos a nuestro alrededor y nos preguntamos eso, todo los d\u00edas. Cuando dejamos a una amiga, de noche, le pedimos que nos avise cuando llegue a destino, porque no sabemos si llega. Porque tenemos miedo que no, que ese mensaje [&#8230;]<\/p>\n","protected":false},"author":4,"featured_media":0,"comment_status":"open","ping_status":"open","sticky":false,"template":"","format":"standard","meta":{"_jetpack_newsletter_access":"","_jetpack_dont_email_post_to_subs":false,"_jetpack_newsletter_tier_id":0,"_jetpack_memberships_contains_paywalled_content":false,"_jetpack_memberships_contains_paid_content":false,"footnotes":""},"categories":[64],"tags":[],"class_list":["post-94171","post","type-post","status-publish","format-standard","hentry","category-opinion"],"jetpack_featured_media_url":"","jetpack_shortlink":"https:\/\/wp.me\/p2JWE0-ouT","jetpack-related-posts":[{"id":48420,"url":"https:\/\/www.24baires.com\/?p=48420","url_meta":{"origin":94171,"position":0},"title":"Buscan intensamente a una mujer a punto de dar a luz","author":"Grupo Sierra","date":"20\/06\/2014","format":false,"excerpt":"LA MATANZA- \"Es raro que salga sin llevar nada, ni siquiera el celular, estando con un embarazo tan avanzado\", dijo su cu\u00f1ada. Est\u00e1 de ocho meses y medio. Brenda Rodr\u00edguez, una mujer de 30 a\u00f1os embarazada de 8 meses y medio, desapareci\u00f3 el pasado 6 de junio al mediod\u00eda, cuando\u2026","rel":"","context":"En \u00abLocales\u00bb","block_context":{"text":"Locales","link":"https:\/\/www.24baires.com\/?cat=38"},"img":{"alt_text":"brenda rodriguez","src":"https:\/\/i0.wp.com\/www.24baires.com\/wp-content\/uploads\/2014\/06\/brenda-rodriguez-280x300.jpg?resize=350%2C200","width":350,"height":200},"classes":[]},{"id":48472,"url":"https:\/\/www.24baires.com\/?p=48472","url_meta":{"origin":94171,"position":1},"title":"Buscan en La Matanza a una mujer embarazada que desapareci\u00f3","author":"GB","date":"22\/06\/2014","format":false,"excerpt":"Brenda Rodr\u00edguez, una mujer de 30 a\u00f1os embarazada de 8 meses y medio, desapareci\u00f3 el pasado 6 de junio, cuando se la vio por \u00faltima vez al salir de su casa en la localidad de Isidro Casanova, partido de La Matanza, informaron sus familiares. Brenda \"ten\u00eda fecha de parto para\u2026","rel":"","context":"En \u00abMunicipios\u00bb","block_context":{"text":"Municipios","link":"https:\/\/www.24baires.com\/?cat=44"},"img":{"alt_text":"mujer desa","src":"https:\/\/i0.wp.com\/www.24baires.com\/wp-content\/uploads\/2014\/06\/mujer-desa.jpg?resize=350%2C200","width":350,"height":200,"srcset":"https:\/\/i0.wp.com\/www.24baires.com\/wp-content\/uploads\/2014\/06\/mujer-desa.jpg?resize=350%2C200 1x, https:\/\/i0.wp.com\/www.24baires.com\/wp-content\/uploads\/2014\/06\/mujer-desa.jpg?resize=525%2C300 1.5x"},"classes":[]},{"id":54222,"url":"https:\/\/www.24baires.com\/?p=54222","url_meta":{"origin":94171,"position":2},"title":"Estela de Carlotto visit\u00f3 Olavarr\u00eda por primera vez con su nieto","author":"Grupo Sierra","date":"24\/09\/2014","format":false,"excerpt":"\u201cEncontrar a mi nieto fue como darme un baldazo de vida\u201d, coment\u00f3 a la prensa, junto a Ignacio Guido. Acompa\u00f1ada por su nieto y su hijo \u201cKibo\u201d, se refiri\u00f3 a su encuentro con el m\u00fasico olavarriense tras 37 a\u00f1os de b\u00fasqueda. La presidente de Abuelas de Plaza de Mayo dialog\u00f3\u2026","rel":"","context":"En \u00abLocales\u00bb","block_context":{"text":"Locales","link":"https:\/\/www.24baires.com\/?cat=38"},"img":{"alt_text":"guido-estela","src":"https:\/\/i0.wp.com\/www.24baires.com\/wp-content\/uploads\/2014\/08\/guido-estela.jpg?resize=350%2C200","width":350,"height":200,"srcset":"https:\/\/i0.wp.com\/www.24baires.com\/wp-content\/uploads\/2014\/08\/guido-estela.jpg?resize=350%2C200 1x, https:\/\/i0.wp.com\/www.24baires.com\/wp-content\/uploads\/2014\/08\/guido-estela.jpg?resize=525%2C300 1.5x"},"classes":[]},{"id":24679,"url":"https:\/\/www.24baires.com\/?p=24679","url_meta":{"origin":94171,"position":3},"title":"Una mujer marplatense apropiada al nacer busca su identidad biol\u00f3gica","author":"Grupo Sierra","date":"29\/05\/2013","format":false,"excerpt":"Una mujer nacida en 1975 en Mar del Plata, donde fue apropiada por una familia, busca a sus padres biol\u00f3gicos para conocer su identidad, luego de descartar mediante estudios gen\u00e9ticos el v\u00ednculo con desaparecidos en la dictadura, cuyos datos figuran en un banco de ADN. Mar\u00eda de los Angeles Andrevich\u2026","rel":"","context":"En \u00abSociedad\u00bb","block_context":{"text":"Sociedad","link":"https:\/\/www.24baires.com\/?cat=1"},"img":{"alt_text":"","src":"","width":0,"height":0},"classes":[]},{"id":59506,"url":"https:\/\/www.24baires.com\/?p=59506","url_meta":{"origin":94171,"position":4},"title":"\u00abEs hora de que La Matanza ponga al gobernador\u00bb reclam\u00f3 Espinoza","author":"Grupo Sierra","date":"03\/01\/2015","format":false,"excerpt":"\u201cSabemos lo que La Matanza se juega en los pr\u00f3ximos meses y les aseguro que no son las ganas de una persona, yo no quiero ser nada, yo no soy nadie sin ustedes, lo \u00fanico que si siento, desde hace un tiempo atr\u00e1s, es que al interpretar a mi pueblo\u2026","rel":"","context":"En \u00abPol\u00edtica\u00bb","block_context":{"text":"Pol\u00edtica","link":"https:\/\/www.24baires.com\/?cat=51"},"img":{"alt_text":"matanza","src":"https:\/\/i0.wp.com\/www.24baires.com\/wp-content\/uploads\/2015\/01\/matanza.jpg?resize=350%2C200","width":350,"height":200,"srcset":"https:\/\/i0.wp.com\/www.24baires.com\/wp-content\/uploads\/2015\/01\/matanza.jpg?resize=350%2C200 1x, https:\/\/i0.wp.com\/www.24baires.com\/wp-content\/uploads\/2015\/01\/matanza.jpg?resize=525%2C300 1.5x"},"classes":[]},{"id":104022,"url":"https:\/\/www.24baires.com\/?p=104022","url_meta":{"origin":94171,"position":5},"title":"Ser\u00e1 Ley","author":"AF","date":"21\/08\/2018","format":false,"excerpt":"Venimos de la trastienda de la Historia, del rinc\u00f3n oscuro del pasado, de la invisibilidad del desprecio, arrastrando milenios de explotaci\u00f3n y abuso. Atravesamos desnudas el hielo del peor de los silencios, el impuesto por el otro. Caminamos descalzas en el fuego de la ignorancia, que destruye generaciones, se\u00f1ala con\u2026","rel":"","context":"En \u00abOpini\u00f3n\u00bb","block_context":{"text":"Opini\u00f3n","link":"https:\/\/www.24baires.com\/?cat=64"},"img":{"alt_text":"","src":"https:\/\/i0.wp.com\/www.24baires.com\/wp-content\/uploads\/2018\/02\/aborto-congreso.jpg?resize=350%2C200","width":350,"height":200,"srcset":"https:\/\/i0.wp.com\/www.24baires.com\/wp-content\/uploads\/2018\/02\/aborto-congreso.jpg?resize=350%2C200 1x, https:\/\/i0.wp.com\/www.24baires.com\/wp-content\/uploads\/2018\/02\/aborto-congreso.jpg?resize=525%2C300 1.5x"},"classes":[]}],"jetpack_sharing_enabled":true,"jetpack_likes_enabled":true,"_links":{"self":[{"href":"https:\/\/www.24baires.com\/index.php?rest_route=\/wp\/v2\/posts\/94171","targetHints":{"allow":["GET"]}}],"collection":[{"href":"https:\/\/www.24baires.com\/index.php?rest_route=\/wp\/v2\/posts"}],"about":[{"href":"https:\/\/www.24baires.com\/index.php?rest_route=\/wp\/v2\/types\/post"}],"author":[{"embeddable":true,"href":"https:\/\/www.24baires.com\/index.php?rest_route=\/wp\/v2\/users\/4"}],"replies":[{"embeddable":true,"href":"https:\/\/www.24baires.com\/index.php?rest_route=%2Fwp%2Fv2%2Fcomments&post=94171"}],"version-history":[{"count":2,"href":"https:\/\/www.24baires.com\/index.php?rest_route=\/wp\/v2\/posts\/94171\/revisions"}],"predecessor-version":[{"id":94196,"href":"https:\/\/www.24baires.com\/index.php?rest_route=\/wp\/v2\/posts\/94171\/revisions\/94196"}],"wp:attachment":[{"href":"https:\/\/www.24baires.com\/index.php?rest_route=%2Fwp%2Fv2%2Fmedia&parent=94171"}],"wp:term":[{"taxonomy":"category","embeddable":true,"href":"https:\/\/www.24baires.com\/index.php?rest_route=%2Fwp%2Fv2%2Fcategories&post=94171"},{"taxonomy":"post_tag","embeddable":true,"href":"https:\/\/www.24baires.com\/index.php?rest_route=%2Fwp%2Fv2%2Ftags&post=94171"}],"curies":[{"name":"wp","href":"https:\/\/api.w.org\/{rel}","templated":true}]}}