{"id":9414,"date":"2012-12-16T11:45:53","date_gmt":"2012-12-16T14:45:53","guid":{"rendered":"http:\/\/www.24baires.com\/?p=9414"},"modified":"2012-12-16T23:15:47","modified_gmt":"2012-12-17T02:15:47","slug":"abal-medina-reconocio-el-trabajo-de-arbia-y-lacorameco-entre-los-medios-pymes","status":"publish","type":"post","link":"https:\/\/www.24baires.com\/?p=9414","title":{"rendered":"Abal Medina reconoci\u00f3 el trabajo de ARBIA y LaCoRaMeCo entre los medios Pymes"},"content":{"rendered":"<p><a href=\"http:\/\/www.24baires.com\/medios\/9414-abal-medina-reconocio-el-trabajo-de-arbia-y-lacorameco-entre-los-medios-pymes\/attachment\/gelbard\/\" rel=\"attachment wp-att-9415\"><img data-recalc-dims=\"1\" loading=\"lazy\" decoding=\"async\" class=\"alignleft size-medium wp-image-9415\" alt=\"gelbard\" src=\"https:\/\/i0.wp.com\/www.24baires.com\/wp-content\/uploads\/2012\/12\/gelbard.jpg?resize=300%2C197\" width=\"300\" height=\"197\" srcset=\"https:\/\/i0.wp.com\/www.24baires.com\/wp-content\/uploads\/2012\/12\/gelbard.jpg?resize=300%2C197&amp;ssl=1 300w, https:\/\/i0.wp.com\/www.24baires.com\/wp-content\/uploads\/2012\/12\/gelbard.jpg?w=412&amp;ssl=1 412w\" sizes=\"auto, (max-width: 300px) 100vw, 300px\" \/><\/a>Empresarios nucleados en &#8216;La Gelbard&#8217; despidieron el a\u00f1o con una cena celebrada en Tecn\u00f3polis, en la que, junto a funcionarios del gabinete nacional, elogiaron las &#8216;pol\u00edticas productivas impulsadas por el gobierno&#8217; de la presidenta Cristina Fern\u00e1ndez de Kirchner. \u00a0Juan Manuel Abal Medina, reconoci\u00f3 el trabajo de ARBIA y LaCoRaMeCo como representantes de los medios Pymes.\u00a0<!--more--><\/p>\n<p>En el encuentro estuvieron presentes el jefe de Gabinete, Juan Manuel Abal Medina; la ministra de Industria, D\u00e9bora Giorgi; los secretarios de Comercio Interior, Guillermo Moreno; de Comercio Exterior, Beatriz Paglieri; de la PyME, Horacio Roura; el secretario general de la Presidencia, Oscar Parrilli; la secretaria de Integraci\u00f3n Nacional y el Subsecretario PyME , Andr\u00e9s Elgarrista, entre otros.<\/p>\n<p>Juan Manuel Abal Medina reconoci\u00f3 el trabajo de ARBIA y La CoRaMeCo en la construcci\u00f3n de la nueva comunicaci\u00f3n.<\/p>\n<p>Al momento de los discursos y ante un auditorio de alrededor de 1500 personas, Marcelo Fern\u00e1ndez, celebr\u00f3 la &#8216;multitudinaria convocatoria&#8217; y elogi\u00f3 las pol\u00edticas del Gobierno nacional. &#8216;Debemos reconocer las medidas que ha tomado el Ejecutivo para cuidar el mercado interno y el funcionamiento de nuestras empresas&#8217;, dijo Fern\u00e1ndez.<br \/>\n\u00abPese a los agoreros del fracaso, hay que entender que no s\u00f3lo nos mantuvimos, sino tuvimos un crecimiento, ahora apostamos al 2013\u00bb, agreg\u00f3 el empresario textil.<br \/>\nRepresentantes de \u00abLa Gelbard\u00bb de todo el pa\u00eds estaban presentes, como fue el caso de Osvaldo Franc\u00e9s (Mar del Plata); Ariel Aguilar y Felipe Artacho (Mor\u00f3n); Marco Meloni y Horacio Castagnini (Quilmes); Enrique Mora y Gabriel Francioni (San Martin); Ezequiel Murray (Vicente L\u00f3pez), Mario Renzi (Santa Fe); Horacio Consolo y Aldo lo Russo (3 de Febrero); Fancisco Varde, Mario Elkouss, Cristina Lionti, Pedro Bergaglio, Raul Zylbersztein (todos ellos por la Ciudad); Horacio Moschetto (Avellaneda); Marcelo Girard (Lan\u00fas); Roque Primerano e Ignacio Tirelli (Moreno); Sandra Rey (Ituzaingo); Facundo Gald\u00f3s y Mirta D\u00edaz (Florencio Varela); entre otros empresarios MiPyMes que participaron.<\/p>\n","protected":false},"excerpt":{"rendered":"<p>Empresarios nucleados en &#8216;La Gelbard&#8217; despidieron el a\u00f1o con una cena celebrada en Tecn\u00f3polis, en la que, junto a funcionarios del gabinete nacional, elogiaron las &#8216;pol\u00edticas productivas impulsadas por el gobierno&#8217; de la presidenta Cristina Fern\u00e1ndez de Kirchner. \u00a0Juan Manuel Abal Medina, reconoci\u00f3 el trabajo de ARBIA y LaCoRaMeCo como representantes de los medios Pymes.\u00a0<\/p>\n","protected":false},"author":11,"featured_media":0,"comment_status":"open","ping_status":"open","sticky":false,"template":"","format":"standard","meta":{"_jetpack_newsletter_access":"","_jetpack_dont_email_post_to_subs":false,"_jetpack_newsletter_tier_id":0,"_jetpack_memberships_contains_paywalled_content":false,"_jetpack_memberships_contains_paid_content":false,"footnotes":""},"categories":[54],"tags":[],"class_list":["post-9414","post","type-post","status-publish","format-standard","hentry","category-medios"],"jetpack_featured_media_url":"","jetpack_shortlink":"https:\/\/wp.me\/p2JWE0-2rQ","jetpack-related-posts":[{"id":105765,"url":"https:\/\/www.24baires.com\/?p=105765","url_meta":{"origin":9414,"position":0},"title":"Piden detener a Rocca y Abal Medina por la causa de los cuadernos","author":"GB","date":"05\/12\/2018","format":false,"excerpt":"As\u00ed lo solicitaron los fiscales Stornelli y R\u00edvolo al juez Claudio Bonadio sobre el CEO de Techint y el ex jefe de Gabinete. El fiscal Carlos Stornelli y Carlos R\u00edvolo solicitaron este mi\u00e9rcoles la detenci\u00f3n de Paolo Rocca, CEO de Techint, al apelar la decisi\u00f3n del juez Claudio Bonadio de\u2026","rel":"","context":"En \u00abPoliciales\u00bb","block_context":{"text":"Policiales","link":"https:\/\/www.24baires.com\/?cat=49"},"img":{"alt_text":"","src":"https:\/\/i0.wp.com\/www.24baires.com\/wp-content\/uploads\/2018\/12\/rocca.jpg?resize=350%2C200","width":350,"height":200,"srcset":"https:\/\/i0.wp.com\/www.24baires.com\/wp-content\/uploads\/2018\/12\/rocca.jpg?resize=350%2C200 1x, https:\/\/i0.wp.com\/www.24baires.com\/wp-content\/uploads\/2018\/12\/rocca.jpg?resize=525%2C300 1.5x"},"classes":[]},{"id":62955,"url":"https:\/\/www.24baires.com\/?p=62955","url_meta":{"origin":9414,"position":1},"title":"Abal Medina asumi\u00f3 la presidencia de Presupuesto y Hacienda en el Senado","author":"Grupo Sierra","date":"10\/03\/2015","format":false,"excerpt":"El senador por la provincia de Buenos Aires por el FpV fue designado hoy por unanimidad nuevo presidente de esa Comisi\u00f3n. Juan Manuel Abal Medina, fue designado hoy por unanimidad nuevo presidente de la Comisi\u00f3n de Presupuesto y Hacienda de la C\u00e1mara alta. De ese modo, el ex jefe de\u2026","rel":"","context":"En \u00abLegislativo\u00bb","block_context":{"text":"Legislativo","link":"https:\/\/www.24baires.com\/?cat=75"},"img":{"alt_text":"abal medina","src":"https:\/\/i0.wp.com\/www.24baires.com\/wp-content\/uploads\/2012\/12\/abal-medina.jpg?resize=350%2C200","width":350,"height":200,"srcset":"https:\/\/i0.wp.com\/www.24baires.com\/wp-content\/uploads\/2012\/12\/abal-medina.jpg?resize=350%2C200 1x, https:\/\/i0.wp.com\/www.24baires.com\/wp-content\/uploads\/2012\/12\/abal-medina.jpg?resize=525%2C300 1.5x"},"classes":[]},{"id":15733,"url":"https:\/\/www.24baires.com\/?p=15733","url_meta":{"origin":9414,"position":2},"title":"Abal Medina ponder\u00f3 obras de recuperaci\u00f3n del Riachuelo en la zona de \u00abLa Saladita\u00bb","author":"AF","date":"15\/02\/2013","format":false,"excerpt":"\"Hace un a\u00f1o ten\u00edamos 10 mil puestos que contaminaban el Riachuelo y bloqueaban la circulaci\u00f3n\", dijo Juan Manuel Abal Medina durante una recorrida por las obras del plan de saneamiento de la cuenca. El jefe de Gabinete, Juan Manuel Abal Medina, ponder\u00f3 esta ma\u00f1ana las obras de recuperaci\u00f3n y de\u2026","rel":"","context":"En \u00abSociedad\u00bb","block_context":{"text":"Sociedad","link":"https:\/\/www.24baires.com\/?cat=1"},"img":{"alt_text":"","src":"","width":0,"height":0},"classes":[]},{"id":58761,"url":"https:\/\/www.24baires.com\/?p=58761","url_meta":{"origin":9414,"position":3},"title":"An\u00edbal Fern\u00e1ndez renuncia hoy a su banca para volver al Gabinete Nacional","author":"AF","date":"17\/12\/2014","format":false,"excerpt":"El designado Secretario General de la Presidencia, An\u00edbal Fern\u00e1ndez, inform\u00f3 que este mi\u00e9rcoles renunciar\u00e1 a su banca en el Senado de la Naci\u00f3n para volver al elenco del gabinete nacional. \"Si, renuncio\", respondi\u00f3 Fern\u00e1ndez ante la consulta period\u00edstica acerca de qu\u00e9 ocurrir\u00eda con su banca en la C\u00e1mara Alta, al\u2026","rel":"","context":"En \u00abLocales\u00bb","block_context":{"text":"Locales","link":"https:\/\/www.24baires.com\/?cat=38"},"img":{"alt_text":"fern\u00e1ndez an\u00edbal","src":"https:\/\/i0.wp.com\/www.24baires.com\/wp-content\/uploads\/2012\/12\/fern%C3%A1ndez-an%C3%ADbal.jpg?resize=350%2C200","width":350,"height":200,"srcset":"https:\/\/i0.wp.com\/www.24baires.com\/wp-content\/uploads\/2012\/12\/fern%C3%A1ndez-an%C3%ADbal.jpg?resize=350%2C200 1x, https:\/\/i0.wp.com\/www.24baires.com\/wp-content\/uploads\/2012\/12\/fern%C3%A1ndez-an%C3%ADbal.jpg?resize=525%2C300 1.5x"},"classes":[]},{"id":35156,"url":"https:\/\/www.24baires.com\/?p=35156","url_meta":{"origin":9414,"position":4},"title":"\u00abSe trabaja con mucha intensidad para el control del narcotr\u00e1fico\u00bb","author":"AF","date":"14\/11\/2013","format":false,"excerpt":"El jefe de Gabinete, Juan Manuel Abal Medina, asegur\u00f3 que el Gobierno nacional viene trabajando \"con mucha fuerza y mucha intensidad para el control del narcotr\u00e1fico en la frontera y en el resto del pa\u00eds\". Adem\u00e1s, Abal Medina sostuvo que \"combatir este delito terrible como es el narcotr\u00e1fico es un\u2026","rel":"","context":"En \u00abPol\u00edtica\u00bb","block_context":{"text":"Pol\u00edtica","link":"https:\/\/www.24baires.com\/?cat=51"},"img":{"alt_text":"abal medina","src":"https:\/\/i0.wp.com\/www.24baires.com\/wp-content\/uploads\/2012\/11\/abal-medina.jpg?resize=350%2C200","width":350,"height":200,"srcset":"https:\/\/i0.wp.com\/www.24baires.com\/wp-content\/uploads\/2012\/11\/abal-medina.jpg?resize=350%2C200 1x, https:\/\/i0.wp.com\/www.24baires.com\/wp-content\/uploads\/2012\/11\/abal-medina.jpg?resize=525%2C300 1.5x"},"classes":[]},{"id":33177,"url":"https:\/\/www.24baires.com\/?p=33177","url_meta":{"origin":9414,"position":5},"title":"Abal Medina: \u00abno puede ser que algunos no puedan dejar de lado sus mezquindades\u00bb","author":"GB","date":"07\/10\/2013","format":false,"excerpt":"El Jefe de Gabinete, Juan Manuel Abal Medina, se refiri\u00f3 hoy a diversas manifestaciones \"malintencionadas\" de dirigentes pol\u00edticos y opinadores medi\u00e1ticos sobre la salud de la Presidenta y les exigi\u00f3 \"responsabilidad y sensatez en sus planteos\". \u201cNo puede ser que frente a un hecho de esta naturaleza, que involucra la\u2026","rel":"","context":"En \u00abPol\u00edtica\u00bb","block_context":{"text":"Pol\u00edtica","link":"https:\/\/www.24baires.com\/?cat=51"},"img":{"alt_text":"","src":"","width":0,"height":0},"classes":[]}],"jetpack_sharing_enabled":true,"jetpack_likes_enabled":true,"_links":{"self":[{"href":"https:\/\/www.24baires.com\/index.php?rest_route=\/wp\/v2\/posts\/9414","targetHints":{"allow":["GET"]}}],"collection":[{"href":"https:\/\/www.24baires.com\/index.php?rest_route=\/wp\/v2\/posts"}],"about":[{"href":"https:\/\/www.24baires.com\/index.php?rest_route=\/wp\/v2\/types\/post"}],"author":[{"embeddable":true,"href":"https:\/\/www.24baires.com\/index.php?rest_route=\/wp\/v2\/users\/11"}],"replies":[{"embeddable":true,"href":"https:\/\/www.24baires.com\/index.php?rest_route=%2Fwp%2Fv2%2Fcomments&post=9414"}],"version-history":[{"count":4,"href":"https:\/\/www.24baires.com\/index.php?rest_route=\/wp\/v2\/posts\/9414\/revisions"}],"predecessor-version":[{"id":9423,"href":"https:\/\/www.24baires.com\/index.php?rest_route=\/wp\/v2\/posts\/9414\/revisions\/9423"}],"wp:attachment":[{"href":"https:\/\/www.24baires.com\/index.php?rest_route=%2Fwp%2Fv2%2Fmedia&parent=9414"}],"wp:term":[{"taxonomy":"category","embeddable":true,"href":"https:\/\/www.24baires.com\/index.php?rest_route=%2Fwp%2Fv2%2Fcategories&post=9414"},{"taxonomy":"post_tag","embeddable":true,"href":"https:\/\/www.24baires.com\/index.php?rest_route=%2Fwp%2Fv2%2Ftags&post=9414"}],"curies":[{"name":"wp","href":"https:\/\/api.w.org\/{rel}","templated":true}]}}