{"id":9376,"date":"2012-12-16T10:03:04","date_gmt":"2012-12-16T13:03:04","guid":{"rendered":"http:\/\/www.24baires.com\/?p=9376"},"modified":"2012-12-16T21:10:40","modified_gmt":"2012-12-17T00:10:40","slug":"el-arte-de-dos-bonaerenses-llega-al-hotel-del-hielo-de-suecia","status":"publish","type":"post","link":"https:\/\/www.24baires.com\/?p=9376","title":{"rendered":"El arte de dos bonaerenses llega al Hotel del Hielo de Suecia"},"content":{"rendered":"<p><a href=\"http:\/\/www.24baires.com\/sociedad\/9376-el-arte-de-dos-bonaerenses-llega-al-hotel-del-hielo-de-suecia\/attachment\/artistas-hielo\/\" rel=\"attachment wp-att-9377\"><img data-recalc-dims=\"1\" loading=\"lazy\" decoding=\"async\" class=\"aligncenter size-full wp-image-9377\" alt=\"artistas hielo\" src=\"https:\/\/i0.wp.com\/www.24baires.com\/wp-content\/uploads\/2012\/12\/artistas-hielo.jpg?resize=560%2C420\" width=\"560\" height=\"420\" srcset=\"https:\/\/i0.wp.com\/www.24baires.com\/wp-content\/uploads\/2012\/12\/artistas-hielo.jpg?w=560&amp;ssl=1 560w, https:\/\/i0.wp.com\/www.24baires.com\/wp-content\/uploads\/2012\/12\/artistas-hielo.jpg?resize=300%2C225&amp;ssl=1 300w\" sizes=\"auto, (max-width: 560px) 100vw, 560px\" \/><\/a><\/p>\n<p>Es el famoso Ice Hotel de Suecia, a poco del \u00c1rtico. Fernando Incaurgarat y Alfredo Juan Diez, del <strong>Partido de La Costa<\/strong>, tomar\u00e1n parte en esta actividad, que lleva 23 temporadas y congrega a artistas de todo el mundo.<!--more--><\/p>\n<p>El dise\u00f1o para una instalaci\u00f3n art\u00edstica en una habitaci\u00f3n del Hotel de Hielo, en Suecia, de dos artistas pl\u00e1sticos de Santa Teresita fue seleccionado para su realizaci\u00f3n esta temporada. En total son 15 los proyectos elegidos entre m\u00e1s de 300 y provienen de todas partes del mundo, incluyendo a pa\u00edses como Holanda, Italia, Alemania, Lituania, Grecia, Rumania, Grecia, Mongolia, Estados Unidos, Chile, Bulgaria, Inglaterra, Francia y Jap\u00f3n.<\/p>\n<p>Cabe destacar que cada a\u00f1o se construye este hotel que combina funcionalidad con creatividad art\u00edstica: es la peque\u00f1a aldea de Jukkasjarvi, cerca de la ciudad de Kiruna, a m\u00e1s de 200 kil\u00f3metros del C\u00edrculo Polar \u00c1rtico. Hasta ah\u00ed llegan unos 10.000 turistas cada a\u00f1o, e incluso fue retratado por distintos medios de prensa.<\/p>\n<p>La realizaci\u00f3n art\u00edstica del hotel tambi\u00e9n est\u00e1 presente en la recepci\u00f3n, en el hall principal, en la iglesia y en un bar donde los vasos y las copas tambi\u00e9n son de hielo. La nieve se hace artificialmente con el agua del R\u00edo Torne y el hielo es extra\u00eddo directamente del mismo, con una transparencia absoluta.<\/p>\n<p>Lleva 23 temporadas y cada a\u00f1o se construye llegando el invierno en esa parte del mundo. Se derrite naturalmente cuando se aproxima la primavera.<\/p>\n<p>&nbsp;<\/p>\n<p>&nbsp;<\/p>\n<p>&nbsp;<\/p>\n","protected":false},"excerpt":{"rendered":"<p>Es el famoso Ice Hotel de Suecia, a poco del \u00c1rtico. Fernando Incaurgarat y Alfredo Juan Diez, del Partido de La Costa, tomar\u00e1n parte en esta actividad, que lleva 23 temporadas y congrega a artistas de todo el mundo.<\/p>\n","protected":false},"author":11,"featured_media":0,"comment_status":"open","ping_status":"open","sticky":false,"template":"","format":"standard","meta":{"_jetpack_newsletter_access":"","_jetpack_dont_email_post_to_subs":false,"_jetpack_newsletter_tier_id":0,"_jetpack_memberships_contains_paywalled_content":false,"_jetpack_memberships_contains_paid_content":false,"footnotes":""},"categories":[1],"tags":[],"class_list":["post-9376","post","type-post","status-publish","format-standard","hentry","category-sociedad"],"jetpack_featured_media_url":"","jetpack_shortlink":"https:\/\/wp.me\/p2JWE0-2re","jetpack-related-posts":[{"id":121887,"url":"https:\/\/www.24baires.com\/?p=121887","url_meta":{"origin":9376,"position":0},"title":"Provincia busca \u00abasociaciones estrat\u00e9gicas\u00bb para zafar del Plan Motosierra","author":"GB","date":"05\/12\/2024","format":false,"excerpt":"Una comitiva de diplom\u00e1ticos europeos se reuni\u00f3 con funcionarios del gobierno bonaerense. RIGI, educaci\u00f3n y ciencia. El ministro de Gobierno de la provincia de Buenos Aires, Carlos Bianco, encabez\u00f3 una importante reuni\u00f3n con diplom\u00e1ticos de pa\u00edses europeos y con autoridades de la Uni\u00f3n Europea. Fue en el marco de una\u2026","rel":"","context":"En \u00abProvincia\u00bb","block_context":{"text":"Provincia","link":"https:\/\/www.24baires.com\/?cat=40"},"img":{"alt_text":"","src":"https:\/\/i0.wp.com\/www.24baires.com\/wp-content\/uploads\/2024\/12\/reunion-provincia.webp?resize=350%2C200","width":350,"height":200,"srcset":"https:\/\/i0.wp.com\/www.24baires.com\/wp-content\/uploads\/2024\/12\/reunion-provincia.webp?resize=350%2C200 1x, https:\/\/i0.wp.com\/www.24baires.com\/wp-content\/uploads\/2024\/12\/reunion-provincia.webp?resize=525%2C300 1.5x, https:\/\/i0.wp.com\/www.24baires.com\/wp-content\/uploads\/2024\/12\/reunion-provincia.webp?resize=700%2C400 2x"},"classes":[]},{"id":58314,"url":"https:\/\/www.24baires.com\/?p=58314","url_meta":{"origin":9376,"position":1},"title":"Ideal para el verano: los 5 tragos m\u00e1s refrescantes","author":"Grupo Sierra","date":"08\/12\/2014","format":false,"excerpt":"En los agobiantes d\u00edas de calor para algunos la cerveza parece ser la \u00fanica opci\u00f3n entre las bebidas, pero siempre aparece alguno con ganas de mezclar colores, bebidas y sabores. Estos son 5 tragos sencillos, f\u00e1ciles y refrescantes. Pritz Es el trago cl\u00e1sico de Venecia y, aunque no tengas gondolero\u2026","rel":"","context":"En \u00abCocina &amp; Vinos\u00bb","block_context":{"text":"Cocina &amp; Vinos","link":"https:\/\/www.24baires.com\/?cat=52"},"img":{"alt_text":"tragos-en-la-playa","src":"https:\/\/i0.wp.com\/www.24baires.com\/wp-content\/uploads\/2014\/12\/tragos-en-la-playa.jpg?resize=350%2C200","width":350,"height":200,"srcset":"https:\/\/i0.wp.com\/www.24baires.com\/wp-content\/uploads\/2014\/12\/tragos-en-la-playa.jpg?resize=350%2C200 1x, https:\/\/i0.wp.com\/www.24baires.com\/wp-content\/uploads\/2014\/12\/tragos-en-la-playa.jpg?resize=525%2C300 1.5x"},"classes":[]},{"id":48132,"url":"https:\/\/www.24baires.com\/?p=48132","url_meta":{"origin":9376,"position":2},"title":"Scioli con embajadores de la UE: \u00abGeneramos grandes oportunidades de inversi\u00f3n\u00bb","author":"Grupo Sierra","date":"16\/06\/2014","format":false,"excerpt":"MAR DEL PLATA- El gobernador bonaerense asegur\u00f3 hoy que desde la Provincia se busca \"mejorar la inversi\u00f3n y promover las oportunidades existentes\", al encabezar el encuentro en el Hotel Provincial. Acompa\u00f1ado por el ministro de la Producci\u00f3n, Ciencia y Tecnolog\u00eda, Cristian Breitenstein y el intendente local, Gustavo Pulti, el Gobernador\u2026","rel":"","context":"En \u00abProvincia\u00bb","block_context":{"text":"Provincia","link":"https:\/\/www.24baires.com\/?cat=40"},"img":{"alt_text":"scioli embajadores","src":"https:\/\/i0.wp.com\/www.24baires.com\/wp-content\/uploads\/2014\/06\/scioli-embajadores-300x199.jpg?resize=350%2C200","width":350,"height":200},"classes":[]},{"id":69914,"url":"https:\/\/www.24baires.com\/?p=69914","url_meta":{"origin":9376,"position":3},"title":"En vacaciones de invierno, Tecn\u00f3polis tuvo m\u00e1s de dos millones de visitantes","author":"AF","date":"02\/08\/2015","format":false,"excerpt":"La muestra de ciencia, arte y tecnolog\u00eda m\u00e1s grande de Am\u00e9rica Latina, recibi\u00f3 durante las vacaciones de invierno a casi 2.400.000 visitantes, que disfrutaron de atracciones como Tierra de Dinos, la pista de patinaje sobre hielo, entre otras cientos de propuestas para toda la familia. A dos semanas de su\u2026","rel":"","context":"En \u00abSociedad\u00bb","block_context":{"text":"Sociedad","link":"https:\/\/www.24baires.com\/?cat=1"},"img":{"alt_text":"tecnopolis 3ra","src":"https:\/\/i0.wp.com\/www.24baires.com\/wp-content\/uploads\/2013\/07\/tecnopolis-3ra.jpg?resize=350%2C200","width":350,"height":200,"srcset":"https:\/\/i0.wp.com\/www.24baires.com\/wp-content\/uploads\/2013\/07\/tecnopolis-3ra.jpg?resize=350%2C200 1x, https:\/\/i0.wp.com\/www.24baires.com\/wp-content\/uploads\/2013\/07\/tecnopolis-3ra.jpg?resize=525%2C300 1.5x"},"classes":[]},{"id":62425,"url":"https:\/\/www.24baires.com\/?p=62425","url_meta":{"origin":9376,"position":4},"title":"Mat\u00f3 a su novia queriendo recrear una escena de \u00ab50 sombras de Grey\u00bb","author":"GB","date":"28\/02\/2015","format":false,"excerpt":"La pel\u00edcula sigue siendo un \u00e9xito en las boleter\u00edas, pero tambi\u00e9n sumando cada vez m\u00e1s agresiones sexuales por imitar lo que pasa en el filme de Sam Taylor Johnson, basado en el libro de E.L. James. Ocurri\u00f3 en la localidad de Umea, Suecia, cuando una pareja estaba recreando las escenas\u2026","rel":"","context":"En \u00abMuy Bizarro\u00bb","block_context":{"text":"Muy Bizarro","link":"https:\/\/www.24baires.com\/?cat=77"},"img":{"alt_text":"latigo","src":"https:\/\/i0.wp.com\/www.24baires.com\/wp-content\/uploads\/2015\/02\/latigo.jpg?resize=350%2C200","width":350,"height":200,"srcset":"https:\/\/i0.wp.com\/www.24baires.com\/wp-content\/uploads\/2015\/02\/latigo.jpg?resize=350%2C200 1x, https:\/\/i0.wp.com\/www.24baires.com\/wp-content\/uploads\/2015\/02\/latigo.jpg?resize=525%2C300 1.5x"},"classes":[]},{"id":20188,"url":"https:\/\/www.24baires.com\/?p=20188","url_meta":{"origin":9376,"position":5},"title":"Presentaron proyecto de Ley para penalizar a clientes de v\u00edctimas de trata","author":"AF","date":"04\/04\/2013","format":false,"excerpt":"La iniciativa es impulsada por el senador nacional del Frente para la Victoria An\u00edbal Fern\u00e1ndez que sostuvo que \u201clleg\u00f3 el momento de que aquel que sabe o deber\u00eda saber que est\u00e1n consumiendo prostituci\u00f3n de mujeres fundamentalmente en condici\u00f3n de trata pague por ello en funci\u00f3n de lo que dice el\u2026","rel":"","context":"En \u00abSociedad\u00bb","block_context":{"text":"Sociedad","link":"https:\/\/www.24baires.com\/?cat=1"},"img":{"alt_text":"an\u00edbal fern\u00e1ndez","src":"https:\/\/i0.wp.com\/www.24baires.com\/wp-content\/uploads\/2013\/01\/an%C3%ADbal-fern%C3%A1ndez.jpg?resize=350%2C200","width":350,"height":200},"classes":[]}],"jetpack_sharing_enabled":true,"jetpack_likes_enabled":true,"_links":{"self":[{"href":"https:\/\/www.24baires.com\/index.php?rest_route=\/wp\/v2\/posts\/9376","targetHints":{"allow":["GET"]}}],"collection":[{"href":"https:\/\/www.24baires.com\/index.php?rest_route=\/wp\/v2\/posts"}],"about":[{"href":"https:\/\/www.24baires.com\/index.php?rest_route=\/wp\/v2\/types\/post"}],"author":[{"embeddable":true,"href":"https:\/\/www.24baires.com\/index.php?rest_route=\/wp\/v2\/users\/11"}],"replies":[{"embeddable":true,"href":"https:\/\/www.24baires.com\/index.php?rest_route=%2Fwp%2Fv2%2Fcomments&post=9376"}],"version-history":[{"count":3,"href":"https:\/\/www.24baires.com\/index.php?rest_route=\/wp\/v2\/posts\/9376\/revisions"}],"predecessor-version":[{"id":9381,"href":"https:\/\/www.24baires.com\/index.php?rest_route=\/wp\/v2\/posts\/9376\/revisions\/9381"}],"wp:attachment":[{"href":"https:\/\/www.24baires.com\/index.php?rest_route=%2Fwp%2Fv2%2Fmedia&parent=9376"}],"wp:term":[{"taxonomy":"category","embeddable":true,"href":"https:\/\/www.24baires.com\/index.php?rest_route=%2Fwp%2Fv2%2Fcategories&post=9376"},{"taxonomy":"post_tag","embeddable":true,"href":"https:\/\/www.24baires.com\/index.php?rest_route=%2Fwp%2Fv2%2Ftags&post=9376"}],"curies":[{"name":"wp","href":"https:\/\/api.w.org\/{rel}","templated":true}]}}