{"id":9373,"date":"2012-12-16T10:15:45","date_gmt":"2012-12-16T13:15:45","guid":{"rendered":"http:\/\/www.24baires.com\/?p=9373"},"modified":"2012-12-16T19:59:50","modified_gmt":"2012-12-16T22:59:50","slug":"nuevos-horarios-en-la-linea-sarmiento-por-obras","status":"publish","type":"post","link":"https:\/\/www.24baires.com\/?p=9373","title":{"rendered":"Nuevos horarios en la l\u00ednea Sarmiento por obras"},"content":{"rendered":"<p>El servicio tendr\u00e1 nuevos horarios a partir de este lunes, inform\u00f3 la Unidad de Gesti\u00f3n Operativa Mitre Sarmiento. Las modificaciones se deben a m\u00faltiples trabajos en v\u00edas, pasos a nivel, estaciones y material rodante, que permitir\u00e1n ampliar la seguridad y el confort de los pasajeros.<!--more--><\/p>\n<p>La Unidad de Gesti\u00f3n Operativa Mitre Sarmiento inform\u00f3 que se encuentra ejecutando un plan de renovaci\u00f3n de v\u00edas que limitar\u00e1 el servicio nocturno de trenes de la l\u00ednea Sarmiento.<\/p>\n<p>De lunes a s\u00e1bados h\u00e1biles, el primer tren que partir\u00e1 desde la estaci\u00f3n Once lo har\u00e1 a las 04:53 y el \u00faltimo a las 21:55, mientras que el primero de Moreno lo har\u00e1 a las 04:16 y el \u00faltimo a las 20:46.<\/p>\n<p>La obra de renovaci\u00f3n de v\u00edas ya iniciada, tambi\u00e9n se est\u00e1 llevando a cabo los domingos y feriados por lo que el servicio de trenes continuar\u00e1 prest\u00e1ndose \u00fanicamente entre las estaciones de Liniers y Moreno.<\/p>\n<p>Asimismo, se recuerda que como alternativa a estas interrupciones de servicio por las obras de mejoras, se encuentra a disposici\u00f3n de los pasajeros un servicio suplementario de colectivos con paradas preestablecidas.<\/p>\n<p>&nbsp;<\/p>\n<p>&nbsp;<\/p>\n<p>&nbsp;<\/p>\n","protected":false},"excerpt":{"rendered":"<p>El servicio tendr\u00e1 nuevos horarios a partir de este lunes, inform\u00f3 la Unidad de Gesti\u00f3n Operativa Mitre Sarmiento. Las modificaciones se deben a m\u00faltiples trabajos en v\u00edas, pasos a nivel, estaciones y material rodante, que permitir\u00e1n ampliar la seguridad y el confort de los pasajeros.<\/p>\n","protected":false},"author":11,"featured_media":0,"comment_status":"open","ping_status":"open","sticky":false,"template":"","format":"standard","meta":{"_jetpack_newsletter_access":"","_jetpack_dont_email_post_to_subs":false,"_jetpack_newsletter_tier_id":0,"_jetpack_memberships_contains_paywalled_content":false,"_jetpack_memberships_contains_paid_content":false,"footnotes":""},"categories":[1],"tags":[],"class_list":["post-9373","post","type-post","status-publish","format-standard","hentry","category-sociedad"],"jetpack_featured_media_url":"","jetpack_shortlink":"https:\/\/wp.me\/p2JWE0-2rb","jetpack-related-posts":[{"id":25301,"url":"https:\/\/www.24baires.com\/?p=25301","url_meta":{"origin":9373,"position":0},"title":"Despu\u00e9s de m\u00e1s de medio siglo, rodaron trenes nuevos sobre las v\u00edas de la l\u00ednea Mitre","author":"AF","date":"07\/06\/2013","format":false,"excerpt":"El ministro de Interior y Transporte, Florencio Randazzo, anunci\u00f3 la incorporaci\u00f3n de tres nuevas formaciones en la l\u00ednea Mitre al ramal que conecta las terminales Retiro y Tigre. Hac\u00eda 52 a\u00f1os que no se renovaba material rodante. La \u00faltima vez fue en el a\u00f1o 1961 cuando llegaron los coches Toshiba\u2026","rel":"","context":"En \u00abSociedad\u00bb","block_context":{"text":"Sociedad","link":"https:\/\/www.24baires.com\/?cat=1"},"img":{"alt_text":"","src":"","width":0,"height":0},"classes":[]},{"id":40296,"url":"https:\/\/www.24baires.com\/?p=40296","url_meta":{"origin":9373,"position":1},"title":"Randazzo aprob\u00f3 los nuevos acuerdos para las l\u00edneas ferroviarias","author":"Grupo Sierra","date":"12\/02\/2014","format":false,"excerpt":"El ministro del Interior y Transporte estableci\u00f3 un nuevo r\u00e9gimen de operaciones para las l\u00edneas Mitre, San Mart\u00edn, Belgrano Sur y Roca, con el objetivo de mejorar la calidad de los servicios e incrementar el control sobre las empresas que operan los trenes. \"Hemos dispuesto un nuevo r\u00e9gimen de operaci\u00f3n\u2026","rel":"","context":"En \u00abGeneral\u00bb","block_context":{"text":"General","link":"https:\/\/www.24baires.com\/?cat=67"},"img":{"alt_text":"randazzo trenes\u00e7","src":"https:\/\/i0.wp.com\/www.24baires.com\/wp-content\/uploads\/2013\/11\/randazzo-trenes%C3%A7.jpg?resize=350%2C200","width":350,"height":200,"srcset":"https:\/\/i0.wp.com\/www.24baires.com\/wp-content\/uploads\/2013\/11\/randazzo-trenes%C3%A7.jpg?resize=350%2C200 1x, https:\/\/i0.wp.com\/www.24baires.com\/wp-content\/uploads\/2013\/11\/randazzo-trenes%C3%A7.jpg?resize=525%2C300 1.5x"},"classes":[]},{"id":59356,"url":"https:\/\/www.24baires.com\/?p=59356","url_meta":{"origin":9373,"position":2},"title":"Randazzo recibi\u00f3 los trenes que completan la flota de la l\u00ednea Mitre","author":"GB","date":"30\/12\/2014","format":false,"excerpt":"El ministro del Interior y Transporte, Florencio Randazzo, recibi\u00f3 esta ma\u00f1ana en el puerto de Buenos Aires los \u00faltimos 30 coches cero kil\u00f3metro que completar\u00e1n la renovaci\u00f3n integral del ferrocarril Mitre y anunci\u00f3 que, de esta manera, se duplicar\u00e1 la capacidad ya que los tres ramales pasar\u00e1n de tener 87\u2026","rel":"","context":"En \u00abSociedad\u00bb","block_context":{"text":"Sociedad","link":"https:\/\/www.24baires.com\/?cat=1"},"img":{"alt_text":"randazzo trenes\u00e7","src":"https:\/\/i0.wp.com\/www.24baires.com\/wp-content\/uploads\/2013\/11\/randazzo-trenes%C3%A7.jpg?resize=350%2C200","width":350,"height":200,"srcset":"https:\/\/i0.wp.com\/www.24baires.com\/wp-content\/uploads\/2013\/11\/randazzo-trenes%C3%A7.jpg?resize=350%2C200 1x, https:\/\/i0.wp.com\/www.24baires.com\/wp-content\/uploads\/2013\/11\/randazzo-trenes%C3%A7.jpg?resize=525%2C300 1.5x"},"classes":[]},{"id":66471,"url":"https:\/\/www.24baires.com\/?p=66471","url_meta":{"origin":9373,"position":3},"title":"Destinar\u00e1n 9.000 millones de pesos para mejorar la infraestructura ferroviaria","author":"AF","date":"25\/05\/2015","format":false,"excerpt":"Estos fondos se destinar\u00e1n al Belgrano Cargas, a los ramales metropolitanos Roca, San Mart\u00edn, Mitre, Sarmiento, Belgrano Norte y Sur; y a los corredores Buenos Aires-Rosario y Buenos Aires-Mar del Plata. La empresa Administraci\u00f3n de Infraestructuras Ferroviarias Sociedad del Estado (ADIF) invertir\u00e1 este a\u00f1o casi 9 mil millones de pesos\u2026","rel":"","context":"En \u00abLocales\u00bb","block_context":{"text":"Locales","link":"https:\/\/www.24baires.com\/?cat=38"},"img":{"alt_text":"","src":"","width":0,"height":0},"classes":[]},{"id":26758,"url":"https:\/\/www.24baires.com\/?p=26758","url_meta":{"origin":9373,"position":4},"title":"Oficializan el r\u00e9gimen de penalidades a servicios ferroviarios","author":"AF","date":"24\/06\/2013","format":false,"excerpt":"Se penalizar\u00e1 la cancelaci\u00f3n de trenes, la impuntualidad, la falta de limpieza en los coches, las estaciones, las se\u00f1alizaciones, seguridad en las v\u00edas. Las penalidades se cuantificar\u00e1n en funci\u00f3n de un porcentual de la retribuci\u00f3n que perciben mensualmente las operadoras. Los informes ser\u00e1n elaborados por la CNRT y las sanciones\u2026","rel":"","context":"En \u00abSociedad\u00bb","block_context":{"text":"Sociedad","link":"https:\/\/www.24baires.com\/?cat=1"},"img":{"alt_text":"tren mdp ba","src":"https:\/\/i0.wp.com\/www.24baires.com\/wp-content\/uploads\/2013\/01\/tren-mdp-ba-300x212.jpg?resize=350%2C200","width":350,"height":200},"classes":[]},{"id":100189,"url":"https:\/\/www.24baires.com\/?p=100189","url_meta":{"origin":9373,"position":5},"title":"Medio mill\u00f3n de bonaerenses reclamaron por el regreso del tren al interior","author":"AF","date":"26\/01\/2018","format":false,"excerpt":"Unas 500.000 personas votaron a favor de que retorne el servicio de tren de pasajeros al interior de la provincia de Buenos Aires, a partir de una consulta abierta convocada por organizaciones de usuarios, trabajadores ferroviarios y sectores vinculados a las econom\u00edas regionales. #QueVuelvaElTren es el nombre de la iniciativa\u2026","rel":"","context":"En \u00abSociedad\u00bb","block_context":{"text":"Sociedad","link":"https:\/\/www.24baires.com\/?cat=1"},"img":{"alt_text":"","src":"https:\/\/i0.wp.com\/www.24baires.com\/wp-content\/uploads\/2017\/06\/ferovaires-tren.jpg?resize=350%2C200","width":350,"height":200,"srcset":"https:\/\/i0.wp.com\/www.24baires.com\/wp-content\/uploads\/2017\/06\/ferovaires-tren.jpg?resize=350%2C200 1x, https:\/\/i0.wp.com\/www.24baires.com\/wp-content\/uploads\/2017\/06\/ferovaires-tren.jpg?resize=525%2C300 1.5x"},"classes":[]}],"jetpack_sharing_enabled":true,"jetpack_likes_enabled":true,"_links":{"self":[{"href":"https:\/\/www.24baires.com\/index.php?rest_route=\/wp\/v2\/posts\/9373","targetHints":{"allow":["GET"]}}],"collection":[{"href":"https:\/\/www.24baires.com\/index.php?rest_route=\/wp\/v2\/posts"}],"about":[{"href":"https:\/\/www.24baires.com\/index.php?rest_route=\/wp\/v2\/types\/post"}],"author":[{"embeddable":true,"href":"https:\/\/www.24baires.com\/index.php?rest_route=\/wp\/v2\/users\/11"}],"replies":[{"embeddable":true,"href":"https:\/\/www.24baires.com\/index.php?rest_route=%2Fwp%2Fv2%2Fcomments&post=9373"}],"version-history":[{"count":1,"href":"https:\/\/www.24baires.com\/index.php?rest_route=\/wp\/v2\/posts\/9373\/revisions"}],"predecessor-version":[{"id":9374,"href":"https:\/\/www.24baires.com\/index.php?rest_route=\/wp\/v2\/posts\/9373\/revisions\/9374"}],"wp:attachment":[{"href":"https:\/\/www.24baires.com\/index.php?rest_route=%2Fwp%2Fv2%2Fmedia&parent=9373"}],"wp:term":[{"taxonomy":"category","embeddable":true,"href":"https:\/\/www.24baires.com\/index.php?rest_route=%2Fwp%2Fv2%2Fcategories&post=9373"},{"taxonomy":"post_tag","embeddable":true,"href":"https:\/\/www.24baires.com\/index.php?rest_route=%2Fwp%2Fv2%2Ftags&post=9373"}],"curies":[{"name":"wp","href":"https:\/\/api.w.org\/{rel}","templated":true}]}}