{"id":93658,"date":"2017-04-07T19:00:49","date_gmt":"2017-04-07T22:00:49","guid":{"rendered":"http:\/\/www.24baires.com\/?p=93658"},"modified":"2017-04-07T19:28:29","modified_gmt":"2017-04-07T22:28:29","slug":"nosotros-tambien-sabemos","status":"publish","type":"post","link":"https:\/\/www.24baires.com\/?p=93658","title":{"rendered":"Nosotros tambi\u00e9n sabemos"},"content":{"rendered":"<p><img data-recalc-dims=\"1\" loading=\"lazy\" decoding=\"async\" src=\"https:\/\/i0.wp.com\/www.24baires.com\/wp-content\/uploads\/2017\/03\/24-de-marzo.jpg?resize=560%2C362\" alt=\"\" width=\"560\" height=\"362\" class=\"aligncenter size-full wp-image-93321\" srcset=\"https:\/\/i0.wp.com\/www.24baires.com\/wp-content\/uploads\/2017\/03\/24-de-marzo.jpg?w=560&amp;ssl=1 560w, https:\/\/i0.wp.com\/www.24baires.com\/wp-content\/uploads\/2017\/03\/24-de-marzo.jpg?resize=300%2C194&amp;ssl=1 300w\" sizes=\"auto, (max-width: 560px) 100vw, 560px\" \/>Termin\u00f3 un marzo hist\u00f3rico, de lucha, de empoderamiento popular, que nos encontr\u00f3 en las calles peleando por nuestros derechos. Porque no s\u00f3lo salimos a marchar y exigir el fin de los tarifazos y despidos, tambi\u00e9n salimos a denunciar que los hijos dilectos del patriarcado nos matan por ser mujeres, y entendimos que debemos proteger aquello que creemos intocable: defendimos la Educaci\u00f3n P\u00fablica, la Memoria, la Verdad y la Justicia, como siempre, como nunca.<!--more--><\/p>\n<p>Este jueves un Paro General volvi\u00f3 a se\u00f1alar \u201ccaliente\u201d en el term\u00f3metro social, a pesar de que algunos de los m\u00e1ximos dirigentes gremiales del pa\u00eds hayan perdido la vehemencia de otras \u00e9pocas, donde de verdad deten\u00edan todo, concentraban y marchaban y realizaban encendidos discursos por el Impuesto a las Ganancias, por ejemplo.<br \/>\nPero la radicalizaci\u00f3n de anta\u00f1o hoy se extingue bajo acuerdos espurios y traidores, donde los trabajadores dejan de ser sujetos de derecho para transformarse en la moneda de un cambio vil, entre un pu\u00f1ado de empresarios que se juntan en triunvirato y el gobierno actual.<br \/>\nFue un paro que surgi\u00f3 desde las entra\u00f1as de un pueblo maltratado, abrumado, acechado por el gran cuco del desempleo, porque el hambre le respira cerca a quienes antes, y no hace tanto, s\u00ed lograban mantenerlo a raya sin padecer la cercan\u00eda de su aliento a diario. La dirigencia, por una vez, se allan\u00f3 a sus dirigidos y le puso fecha a un grito que retumbaba (y retumba) en todas las calles del pa\u00eds. Pero surgi\u00f3 pervertido por una CGT que lo convoc\u00f3 ba\u00f1ado por la tibieza de la falta de convicciones, con los dedos cruzados, casi como de mentirita, para quitarle la movilizaci\u00f3n a una huelga que no pudieron contener.<br \/>\nEs que no hay espacio ni tiempo para tibiezas y dudas. Est\u00e1n destripando nuestro presente con la excusa incre\u00edble de que es para arreglar el pasado. Y con esa mentira en sus bocas, van comi\u00e9ndose nuestros derechos conquistados siempre con esfuerzo. Le dicen \u201cherencia\u201d a las \u00e9pocas donde esos derechos pod\u00edan obtenerse o fortalecerse, y para ellos eso es un capital negativo, a corregir o eliminar. Porque vinieron a destruir y eso est\u00e1n haciendo con obsesi\u00f3n meticulosa.<br \/>\nNo se confunden, no se equivocan, no est\u00e1n aprendiendo. Saben lo que hacen. Est\u00e1n implementando un plan sistem\u00e1tico de vaciamiento de las instituciones, de entrega de la soberan\u00eda, de endeudamiento, de estigmatizaci\u00f3n a la educaci\u00f3n p\u00fablica (porque es para todos y gratuita), de multiplicaci\u00f3n exponencial de la pobreza y la miseria, de criminalizaci\u00f3n de la protesta social, porque te pueden arrancan hasta el pellejo de los huesos, pero no pod\u00e9s quejarte.<br \/>\nEl plan es conocido, el plan es obvio: ajuste mortal, tarifazos imposibles, despidos a mansalva, cierre de pymes, perdida paulatina de derechos, represi\u00f3n, hambre, hambre, hambre.<br \/>\nEllos saben qu\u00e9 hacen, tienen plena conciencia de todo. Y nosotros tambi\u00e9n sabemos. Porque si estuvi\u00e9ramos sumidos en esa ignorancia a la que quieren empujarnos, no saldr\u00edamos a las calles, no marchar\u00edamos para bancar a los maestros, no gritar\u00edamos fuerte y claro \u00a1mi cuerpo es m\u00edo!, no dir\u00edamos que las Madres y las Abuelas no se tocan, que la Memoria es tierra conquistada, y que nadie podr\u00e1 echarnos nunca de all\u00ed. Si no fu\u00e9ramos el pueblo empoderado que somos, no saldr\u00edamos a enfrentar las balas y los gases con las convicciones firmes, como rocas.<br \/>\nEllos son fuertes, tienen los medios de comunicaci\u00f3n y todo el aparato del Estado, que supo ser contenedor, y hoy se vuele opresor y atroz. Pero nosotros estamos de pie. Somos un pueblo digno, aunque nos hayan dicho que nos mal acostumbramos, que no ten\u00edamos los derechos que cre\u00edamos, que no nos merec\u00edamos vivir mejor. Somos dignos mientras luchemos por el otro, que siempre, siempre es la Patria. <\/p>\n","protected":false},"excerpt":{"rendered":"<p>Termin\u00f3 un marzo hist\u00f3rico, de lucha, de empoderamiento popular, que nos encontr\u00f3 en las calles peleando por nuestros derechos. Porque no s\u00f3lo salimos a marchar y exigir el fin de los tarifazos y despidos, tambi\u00e9n salimos a denunciar que los hijos dilectos del patriarcado nos matan por ser mujeres, y entendimos que debemos proteger aquello que creemos intocable: defendimos la [&#8230;]<\/p>\n","protected":false},"author":8,"featured_media":0,"comment_status":"open","ping_status":"open","sticky":false,"template":"","format":"standard","meta":{"_jetpack_newsletter_access":"","_jetpack_dont_email_post_to_subs":false,"_jetpack_newsletter_tier_id":0,"_jetpack_memberships_contains_paywalled_content":false,"_jetpack_memberships_contains_paid_content":false,"footnotes":""},"categories":[64],"tags":[],"class_list":["post-93658","post","type-post","status-publish","format-standard","hentry","category-opinion"],"jetpack_featured_media_url":"","jetpack_shortlink":"https:\/\/wp.me\/p2JWE0-omC","jetpack-related-posts":[{"id":61997,"url":"https:\/\/www.24baires.com\/?p=61997","url_meta":{"origin":93658,"position":0},"title":"Despu\u00e9s del 18F","author":"Grupo Sierra","date":"19\/02\/2015","format":false,"excerpt":"La marcha de ayer nos dej\u00f3 varias cosas, muchas de ellas confirmaciones de cuestiones que ya sosten\u00edamos con anterioridad. Qued\u00f3 claro que fue una manifestaci\u00f3n opositora, hubo expresiones violentas para con el gobierno nacional, -para con la Presidenta, puntualmente-, como en las otras salidas a la calle orquestadas por los\u2026","rel":"","context":"En \u00abOpini\u00f3n\u00bb","block_context":{"text":"Opini\u00f3n","link":"https:\/\/www.24baires.com\/?cat=64"},"img":{"alt_text":"fiscale marcha 18f","src":"https:\/\/i0.wp.com\/www.24baires.com\/wp-content\/uploads\/2015\/02\/fiscale-marcha-18f.jpg?resize=350%2C200","width":350,"height":200,"srcset":"https:\/\/i0.wp.com\/www.24baires.com\/wp-content\/uploads\/2015\/02\/fiscale-marcha-18f.jpg?resize=350%2C200 1x, https:\/\/i0.wp.com\/www.24baires.com\/wp-content\/uploads\/2015\/02\/fiscale-marcha-18f.jpg?resize=525%2C300 1.5x"},"classes":[]},{"id":62150,"url":"https:\/\/www.24baires.com\/?p=62150","url_meta":{"origin":93658,"position":1},"title":"Para Randazzo \u00ablos fiscales y jueces tienen que investigar e impartir justicia\u00bb","author":"GB","date":"23\/02\/2015","format":false,"excerpt":"El ministro de Interior y Transporte, Florencio Randazzo, manifest\u00f3 en la ciudad de C\u00f3rdoba que \u201clos fiscales y jueces tienen que investigar e impartir justicia y no marchar para que se aclare\u201d la muerte del fiscal Alberto Nisman y a\u00f1adi\u00f3 que la marcha del 18F fue \u201cutilizada pol\u00edticamente por el\u2026","rel":"","context":"En \u00abPol\u00edtica\u00bb","block_context":{"text":"Pol\u00edtica","link":"https:\/\/www.24baires.com\/?cat=51"},"img":{"alt_text":"randazzo 1","src":"https:\/\/i0.wp.com\/www.24baires.com\/wp-content\/uploads\/2014\/01\/randazzo-1.jpg?resize=350%2C200","width":350,"height":200,"srcset":"https:\/\/i0.wp.com\/www.24baires.com\/wp-content\/uploads\/2014\/01\/randazzo-1.jpg?resize=350%2C200 1x, https:\/\/i0.wp.com\/www.24baires.com\/wp-content\/uploads\/2014\/01\/randazzo-1.jpg?resize=525%2C300 1.5x"},"classes":[]},{"id":98467,"url":"https:\/\/www.24baires.com\/?p=98467","url_meta":{"origin":93658,"position":2},"title":"Marchar\u00e1n en todo el pa\u00eds y el exterior para pedir justicia por Santiago Maldonado","author":"GB","date":"01\/11\/2017","format":false,"excerpt":"La convocatoria realizada por los familiares del joven hallado sin vida en Chubut ser\u00e1 para pedir \"Verdad y Justicia por Santiago Maldonado. El gobierno es responsable\". Desde las 17.30 en Plaza de Mayo ser\u00e1 la marcha que se espera que sea multitudinaria. Familiares de Santiago Maldonado junto a organismos de\u2026","rel":"","context":"En \u00abSociedad\u00bb","block_context":{"text":"Sociedad","link":"https:\/\/www.24baires.com\/?cat=1"},"img":{"alt_text":"","src":"https:\/\/i0.wp.com\/www.24baires.com\/wp-content\/uploads\/2017\/08\/aparicion-de-maldonado.jpg?resize=350%2C200","width":350,"height":200,"srcset":"https:\/\/i0.wp.com\/www.24baires.com\/wp-content\/uploads\/2017\/08\/aparicion-de-maldonado.jpg?resize=350%2C200 1x, https:\/\/i0.wp.com\/www.24baires.com\/wp-content\/uploads\/2017\/08\/aparicion-de-maldonado.jpg?resize=525%2C300 1.5x"},"classes":[]},{"id":90340,"url":"https:\/\/www.24baires.com\/?p=90340","url_meta":{"origin":93658,"position":3},"title":"Macri y Vidal anunciaron obras para la cuenca del R\u00edo Salado","author":"AF","date":"29\/11\/2016","format":false,"excerpt":"El presidente Mauricio Macri asegur\u00f3 este martes que, en su gobierno, las obras p\u00fablicas son \"un sin\u00f3nimo de alegr\u00eda\", y \"nunca m\u00e1s de estafa, corrupci\u00f3n y mentira\", al presentar la construcci\u00f3n de nuevos canales en la cuenca del r\u00edo Salado con el fin de evitar inundaciones en localidades ribere\u00f1as. Las\u2026","rel":"","context":"En \u00abSociedad\u00bb","block_context":{"text":"Sociedad","link":"https:\/\/www.24baires.com\/?cat=1"},"img":{"alt_text":"vidal macri","src":"https:\/\/i0.wp.com\/www.24baires.com\/wp-content\/uploads\/2016\/04\/vidal-macri.jpg?resize=350%2C200","width":350,"height":200,"srcset":"https:\/\/i0.wp.com\/www.24baires.com\/wp-content\/uploads\/2016\/04\/vidal-macri.jpg?resize=350%2C200 1x, https:\/\/i0.wp.com\/www.24baires.com\/wp-content\/uploads\/2016\/04\/vidal-macri.jpg?resize=525%2C300 1.5x"},"classes":[]},{"id":39134,"url":"https:\/\/www.24baires.com\/?p=39134","url_meta":{"origin":93658,"position":4},"title":"Mar del Plata: Vecinos marchar\u00e1n en contra de la privatizaci\u00f3n de playas","author":"Grupo Sierra","date":"24\/01\/2014","format":false,"excerpt":"El domingo 26 de enero, se realizar\u00e1 en la ciudad una jornada en defensa de los espacios p\u00fablicos y naturales, con una denuncia por incumplimiento de accesos p\u00fablicos a los balnearios locales. El presidente de la Asociaci\u00f3n Civil Verde Mundo, sostuvo que la entidad \"nace por la problem\u00e1tica de los\u2026","rel":"","context":"En \u00abLocales\u00bb","block_context":{"text":"Locales","link":"https:\/\/www.24baires.com\/?cat=38"},"img":{"alt_text":"","src":"","width":0,"height":0},"classes":[]},{"id":114487,"url":"https:\/\/www.24baires.com\/?p=114487","url_meta":{"origin":93658,"position":5},"title":"\u00abPa\u00f1uelazo blanco\u00bb por el D\u00eda de la Memoria en medio del aislamiento","author":"GB","date":"24\/03\/2020","format":false,"excerpt":"Este 24 de marzo ser\u00e1 un D\u00eda Nacional de la Memoria por la Verdad y la Justicia at\u00edpico, en medio del aislamiento social preventivo y obligatorio dispuesto por el avance del coronavirus. Los organismos de derechos humanos convocaron para este martes 24 de marzo a un \u201cpa\u00f1uelazo blanco\u201d, una original\u2026","rel":"","context":"En \u00abMemoria\u00bb","block_context":{"text":"Memoria","link":"https:\/\/www.24baires.com\/?cat=50"},"img":{"alt_text":"","src":"https:\/\/i0.wp.com\/www.24baires.com\/wp-content\/uploads\/2020\/03\/dia-de-la-memoria.jpg?resize=350%2C200","width":350,"height":200,"srcset":"https:\/\/i0.wp.com\/www.24baires.com\/wp-content\/uploads\/2020\/03\/dia-de-la-memoria.jpg?resize=350%2C200 1x, https:\/\/i0.wp.com\/www.24baires.com\/wp-content\/uploads\/2020\/03\/dia-de-la-memoria.jpg?resize=525%2C300 1.5x"},"classes":[]}],"jetpack_sharing_enabled":true,"jetpack_likes_enabled":true,"_links":{"self":[{"href":"https:\/\/www.24baires.com\/index.php?rest_route=\/wp\/v2\/posts\/93658","targetHints":{"allow":["GET"]}}],"collection":[{"href":"https:\/\/www.24baires.com\/index.php?rest_route=\/wp\/v2\/posts"}],"about":[{"href":"https:\/\/www.24baires.com\/index.php?rest_route=\/wp\/v2\/types\/post"}],"author":[{"embeddable":true,"href":"https:\/\/www.24baires.com\/index.php?rest_route=\/wp\/v2\/users\/8"}],"replies":[{"embeddable":true,"href":"https:\/\/www.24baires.com\/index.php?rest_route=%2Fwp%2Fv2%2Fcomments&post=93658"}],"version-history":[{"count":1,"href":"https:\/\/www.24baires.com\/index.php?rest_route=\/wp\/v2\/posts\/93658\/revisions"}],"predecessor-version":[{"id":93659,"href":"https:\/\/www.24baires.com\/index.php?rest_route=\/wp\/v2\/posts\/93658\/revisions\/93659"}],"wp:attachment":[{"href":"https:\/\/www.24baires.com\/index.php?rest_route=%2Fwp%2Fv2%2Fmedia&parent=93658"}],"wp:term":[{"taxonomy":"category","embeddable":true,"href":"https:\/\/www.24baires.com\/index.php?rest_route=%2Fwp%2Fv2%2Fcategories&post=93658"},{"taxonomy":"post_tag","embeddable":true,"href":"https:\/\/www.24baires.com\/index.php?rest_route=%2Fwp%2Fv2%2Ftags&post=93658"}],"curies":[{"name":"wp","href":"https:\/\/api.w.org\/{rel}","templated":true}]}}