{"id":9358,"date":"2012-12-16T15:51:15","date_gmt":"2012-12-16T18:51:15","guid":{"rendered":"http:\/\/www.24baires.com\/?p=9358"},"modified":"2012-12-16T15:51:15","modified_gmt":"2012-12-16T18:51:15","slug":"el-neoalfonsinismo-bonaerense-busca-acordar-con-el-fap","status":"publish","type":"post","link":"https:\/\/www.24baires.com\/?p=9358","title":{"rendered":"El &#8216;neoalfonsinismo&#8217; bonaerense busca acordar con el FAP"},"content":{"rendered":"<p>Los seguidores del hijo de Ra\u00fal Alfons\u00edn, tienen todas sus expectativas puestas en lograr un acuerdo con el Frente Amplio Progresista de Hermes Binner en Buenos Aires, y est\u00e1 dispuesto a definir las candidaturas de esa alianza en las primarias abiertas y obligatorias, tras una interna partidaria propia.<!--more--><\/p>\n<p>As\u00ed lo confirmaron fuentes del Movimiento de Renovaci\u00f3n Nacional (Morena), que encabeza Ricardo Alfons\u00edn, quienes argumentaron que Binner \u00abnecesita la presencia territorial de la UCR\u00bb para ganar en Buenos Aires en las legislativas de 2013.<br \/>\nSeg\u00fan se\u00f1alaron, el alfonsinismo est\u00e1 decidido a \u00abdevolverle\u00bb al partido su \u00abperfil de centroizquierda\u00bb, tras el costo que debi\u00f3 asumir por el pol\u00e9mico y fallido acuerdo con el peronista disidente Francisco De Narv\u00e1ez.<\/p>\n<p>\u00abLa pol\u00edtica de fondo consiste en la construcci\u00f3n de una alternativa de centro izquierda competitiva en el plano electoral, coherente y homog\u00e9nea desde el punto de vista de las ideas y moralmente impecable\u00bb, se\u00f1al\u00f3 el Morena en un documento divulgado d\u00edas atr\u00e1s tras un encuentro del sector.<br \/>\nEn ese sentido, en el Morena piensan que un entendimiento con la fuerza de Binner es el camino \u00abnatural\u00bb para lograrlo.<br \/>\nCuando le preguntan sobre una eventual alianza con la UCR, Binner responde que a \u00e9l le agradar\u00eda repetir la experiencia santafesina en todo el pa\u00eds, pero mantiene la ambig\u00fcedad necesaria hasta lograr una posici\u00f3n \u00fanica en su espacio.<\/p>\n<p>Es que el FAP est\u00e1 dividido con respecto a la UCR: por un lado Margarita Stolbizer (GEN) y Humberto Tumini (Libres del Sur) dan cada vez m\u00e1s muestras de acercamiento hacia el alfonsinismo y, por el otro, Claudio Lozano y V\u00edctor De Gennaro (Unidad Popular), rechazan rotundamente un acuerdo con el partido de Alem.<br \/>\nEn los \u00faltimos d\u00edas, Binner y Stolbizer dieron muestras claras de un acercamiento al radicalismo.<\/p>\n<p>La dirigente del GEN comparti\u00f3 varias actividades con Alfons\u00edn, con quien, en reserva, mantiene contactos en pos de un acuerdo.<br \/>\nEn tanto, el l\u00edder del FAP particip\u00f3, junto a otros dirigentes de la oposici\u00f3n, de un acto en el Comit\u00e9 Nacional de la UCR, invitado por su titular, Mario Barletta, para celebrar los 29 a\u00f1os de la restauraci\u00f3n democr\u00e1tica.<\/p>\n<p>Lo cierto es que, seg\u00fan la realidad de cada distrito, la relaci\u00f3n UCR-FAP se presenta diametralmente opuesta: en Santa Fe comparten una sociedad de 20 a\u00f1os, pero son adversarios irreconciliables en la C\u00f3rdoba del radical Oscar Aguad, donde el\u00a0Frente C\u00edvico de Luis Juez considera inviable un entendimiento con el radicalismo.<\/p>\n<p>Con todo, el alfonsinismo conf\u00eda en que la oposici\u00f3n de Unidad Popular a un entendimiento con la UCR bonaerense no tenga incidencia en la decisi\u00f3n final que tome el FAP.<br \/>\n\u00abDe Gennaro no tiene un candidato potente en la provincia, de modo que si quieren tener cierto grado de representaci\u00f3n tendr\u00e1n que hacerlo dentro del FAP y en el marco de un acuerdo con nosotros\u00bb, especulan desde el alfonsinismo. Inclusive, en el Morena eval\u00faan diferentes opciones para la definici\u00f3n de candidaturas en el marco de un eventual acuerdo, pero la opci\u00f3n que suma m\u00e1s adeptos es la que propone que la UCR y el FAP definan sus candidatos en internas, para luego competir con listas cruzadas en las PASO.<\/p>\n<p>Sin embargo, la c\u00fapula del frente resolvi\u00f3 que para los pr\u00f3ximos comicios no interferir\u00e1 para resolver las disputas que pudieran surgir a la hora de definir las candidaturas entre las fuerzas socias, y que si hubieran tironeos insalvables utilizar\u00edan a las PASO para dirimir esas diferencias.<br \/>\nEn ese contexto, al alfonsinismo parecen preocuparle poco los continuos coqueteos de su aliado en la interna partidaria e intendente de San Isidro, Gustavo Posse, con el PRO.<\/p>\n<p>El viernes pasado, Posse volvi\u00f3 a mostrarse junto a su par de Vicente L\u00f3pez, Jorge Macri, durante un acto organizado por un edil radical del distrito.<br \/>\n\u00abGustavo cree que ese modo de construcci\u00f3n pol\u00edtica le aporta a su proyecto, pero es un hombre del partido y va a respetar la decisi\u00f3n org\u00e1nica del radicalismo\u00bb, dijo a T\u00e9lam un hombre cercano al hijo del ex presidente Ra\u00fal Alfons\u00edn, para quien \u00abun acuerdo con el PRO \u00abno va pasar\u00bb en la Convenci\u00f3n de la UCR bonaerense.<\/p>\n<p>&nbsp;<\/p>\n<p>&nbsp;<\/p>\n<p>&nbsp;<\/p>\n<p>&nbsp;<\/p>\n<p>&nbsp;<\/p>\n<p>&nbsp;<\/p>\n<p>&nbsp;<\/p>\n","protected":false},"excerpt":{"rendered":"<p>Los seguidores del hijo de Ra\u00fal Alfons\u00edn, tienen todas sus expectativas puestas en lograr un acuerdo con el Frente Amplio Progresista de Hermes Binner en Buenos Aires, y est\u00e1 dispuesto a definir las candidaturas de esa alianza en las primarias abiertas y obligatorias, tras una interna partidaria propia.<\/p>\n","protected":false},"author":11,"featured_media":0,"comment_status":"open","ping_status":"open","sticky":false,"template":"","format":"standard","meta":{"_jetpack_newsletter_access":"","_jetpack_dont_email_post_to_subs":false,"_jetpack_newsletter_tier_id":0,"_jetpack_memberships_contains_paywalled_content":false,"_jetpack_memberships_contains_paid_content":false,"footnotes":""},"categories":[40],"tags":[],"class_list":["post-9358","post","type-post","status-publish","format-standard","hentry","category-provincia"],"jetpack_featured_media_url":"","jetpack_shortlink":"https:\/\/wp.me\/p2JWE0-2qW","jetpack-related-posts":[{"id":24937,"url":"https:\/\/www.24baires.com\/?p=24937","url_meta":{"origin":9358,"position":0},"title":"Se aleja la posibilidad de un acuerdo entre la UCR y el FAP","author":"AF","date":"02\/06\/2013","format":false,"excerpt":"Mientras que el Frente decidi\u00f3 privilegiar su \"unidad\" y anunciar la candidatura del ex canciller Dante Caputo, los radicales a\u00fan siguen sin consensuar un criterio electoral para los comicios de octubre en la Provincia de Buenos Aires. La postulaci\u00f3n de Caputo, quien acept\u00f3 la propuesta de Hermes Binner y el\u2026","rel":"","context":"En \u00abPol\u00edtica\u00bb","block_context":{"text":"Pol\u00edtica","link":"https:\/\/www.24baires.com\/?cat=51"},"img":{"alt_text":"","src":"","width":0,"height":0},"classes":[]},{"id":26802,"url":"https:\/\/www.24baires.com\/?p=26802","url_meta":{"origin":9358,"position":1},"title":"Stolbizer y Alfons\u00edn presentaron la lista de diputados para Buenos Aires por el FPCyS","author":"Grupo Sierra","date":"24\/06\/2013","format":false,"excerpt":"El Frente Progresista C\u00edvico y Social (FPCyS), liderado por los candidatos a diputados Margarita Stolbizer y Ricardo Alfons\u00edn, present\u00f3 hoy la n\u00f3mina de postulantes con la que el espacio pelear\u00e1 las 35 bancas de la c\u00e1mara baja que renueva la provincia de Buenos Aires en los comicios de octubre. \"Estamos\u2026","rel":"","context":"En \u00abPol\u00edtica\u00bb","block_context":{"text":"Pol\u00edtica","link":"https:\/\/www.24baires.com\/?cat=51"},"img":{"alt_text":"stolbizer alfonsin lanzamiento2","src":"https:\/\/i0.wp.com\/www.24baires.com\/wp-content\/uploads\/2013\/06\/stolbizer-alfonsin-lanzamiento2.jpg?resize=350%2C200","width":350,"height":200,"srcset":"https:\/\/i0.wp.com\/www.24baires.com\/wp-content\/uploads\/2013\/06\/stolbizer-alfonsin-lanzamiento2.jpg?resize=350%2C200 1x, https:\/\/i0.wp.com\/www.24baires.com\/wp-content\/uploads\/2013\/06\/stolbizer-alfonsin-lanzamiento2.jpg?resize=525%2C300 1.5x"},"classes":[]},{"id":23998,"url":"https:\/\/www.24baires.com\/?p=23998","url_meta":{"origin":9358,"position":2},"title":"Alfons\u00edn lanza su campa\u00f1a a Diputado Nacional por Buenos Aires en Capital Federal","author":"Grupo Sierra","date":"20\/05\/2013","format":false,"excerpt":"Ricardo Alfons\u00edn presentar\u00e1 el pr\u00f3ximo jueves su candidatura a diputado nacional por la provincia de Buenos Aires con un acto en la Federaci\u00f3n de Box de la Capital Federal, luego de que su competidor en la interna radical, Ernesto Sanz, lanzara su proyecto presidencial de cara a 2015. El encuentro\u2026","rel":"","context":"En \u00abPol\u00edtica\u00bb","block_context":{"text":"Pol\u00edtica","link":"https:\/\/www.24baires.com\/?cat=51"},"img":{"alt_text":"","src":"","width":0,"height":0},"classes":[]},{"id":24242,"url":"https:\/\/www.24baires.com\/?p=24242","url_meta":{"origin":9358,"position":3},"title":"Alfons\u00edn lanz\u00f3 su candidatura a Diputado Nacional en la Federaci\u00f3n de Box","author":"Grupo Sierra","date":"24\/05\/2013","format":false,"excerpt":"El dirigente radical Ricardo Alfons\u00edn lanz\u00f3 su candidatura para renovar su banca en la C\u00e1mara de Diputados por la provincia de Buenos Aires, con un acto en la Federaci\u00f3n de Box porte\u00f1a, donde llam\u00f3 a \"reunir a todas las fuerzas progresistas para gobernar el pa\u00eds en el 2015\". \"Tenemos que\u2026","rel":"","context":"En \u00abPol\u00edtica\u00bb","block_context":{"text":"Pol\u00edtica","link":"https:\/\/www.24baires.com\/?cat=51"},"img":{"alt_text":"alfonsin fed box","src":"https:\/\/i0.wp.com\/www.24baires.com\/wp-content\/uploads\/2013\/05\/alfonsin-fed-box.jpg?resize=350%2C200","width":350,"height":200,"srcset":"https:\/\/i0.wp.com\/www.24baires.com\/wp-content\/uploads\/2013\/05\/alfonsin-fed-box.jpg?resize=350%2C200 1x, https:\/\/i0.wp.com\/www.24baires.com\/wp-content\/uploads\/2013\/05\/alfonsin-fed-box.jpg?resize=525%2C300 1.5x"},"classes":[]},{"id":36399,"url":"https:\/\/www.24baires.com\/?p=36399","url_meta":{"origin":9358,"position":4},"title":"Alfons\u00edn celebr\u00f3 el encuentro Cobos-Binner en Mendoza","author":"Grupo Sierra","date":"07\/12\/2013","format":false,"excerpt":"\u201cDurante la campa\u00f1a dijimos que no estar\u00edamos a la altura de las circunstancias si no \u00e9ramos capaces de comprender que los acuerdos celebrados en distintas provincias con el socialismo, el GEN, Libres del Sur y la Coalici\u00f3n C\u00edvica, deb\u00edan trascender los calendarios electorales\u201d, sostuvo el diputado nacional Ricardo en declaraciones\u2026","rel":"","context":"En \u00abPol\u00edtica\u00bb","block_context":{"text":"Pol\u00edtica","link":"https:\/\/www.24baires.com\/?cat=51"},"img":{"alt_text":"Alfons\u00edn mdp","src":"https:\/\/i0.wp.com\/www.24baires.com\/wp-content\/uploads\/2013\/01\/Alfons%C3%ADn-mdp-300x225.jpg?resize=350%2C200","width":350,"height":200},"classes":[]},{"id":32270,"url":"https:\/\/www.24baires.com\/?p=32270","url_meta":{"origin":9358,"position":5},"title":"Binner y Cobos recorrer\u00e1n la Provincia con el objeto de \u00abapuntalar\u00bb a Stolbizer","author":"Grupo Sierra","date":"22\/09\/2013","format":false,"excerpt":"Hermes Binner y Julio Cobos intensificar\u00e1n su presencia en suelo bonaerense en lo que resta de la campa\u00f1a, con el objetivo de apuntalar la candidatura de Margarita Stolbizer a la C\u00e1mara de Diputados y mostrar al Frente Progresista C\u00edvico y Social (FPCyS) como parte de un armado nacional de cara\u2026","rel":"","context":"En \u00abPol\u00edtica\u00bb","block_context":{"text":"Pol\u00edtica","link":"https:\/\/www.24baires.com\/?cat=51"},"img":{"alt_text":"","src":"","width":0,"height":0},"classes":[]}],"jetpack_sharing_enabled":true,"jetpack_likes_enabled":true,"_links":{"self":[{"href":"https:\/\/www.24baires.com\/index.php?rest_route=\/wp\/v2\/posts\/9358","targetHints":{"allow":["GET"]}}],"collection":[{"href":"https:\/\/www.24baires.com\/index.php?rest_route=\/wp\/v2\/posts"}],"about":[{"href":"https:\/\/www.24baires.com\/index.php?rest_route=\/wp\/v2\/types\/post"}],"author":[{"embeddable":true,"href":"https:\/\/www.24baires.com\/index.php?rest_route=\/wp\/v2\/users\/11"}],"replies":[{"embeddable":true,"href":"https:\/\/www.24baires.com\/index.php?rest_route=%2Fwp%2Fv2%2Fcomments&post=9358"}],"version-history":[{"count":1,"href":"https:\/\/www.24baires.com\/index.php?rest_route=\/wp\/v2\/posts\/9358\/revisions"}],"predecessor-version":[{"id":9359,"href":"https:\/\/www.24baires.com\/index.php?rest_route=\/wp\/v2\/posts\/9358\/revisions\/9359"}],"wp:attachment":[{"href":"https:\/\/www.24baires.com\/index.php?rest_route=%2Fwp%2Fv2%2Fmedia&parent=9358"}],"wp:term":[{"taxonomy":"category","embeddable":true,"href":"https:\/\/www.24baires.com\/index.php?rest_route=%2Fwp%2Fv2%2Fcategories&post=9358"},{"taxonomy":"post_tag","embeddable":true,"href":"https:\/\/www.24baires.com\/index.php?rest_route=%2Fwp%2Fv2%2Ftags&post=9358"}],"curies":[{"name":"wp","href":"https:\/\/api.w.org\/{rel}","templated":true}]}}