{"id":93499,"date":"2017-03-31T17:00:59","date_gmt":"2017-03-31T20:00:59","guid":{"rendered":"http:\/\/www.24baires.com\/?p=93499"},"modified":"2017-03-31T19:27:58","modified_gmt":"2017-03-31T22:27:58","slug":"la-renga-denuncio-odio-y-discriminacion-tras-la-suspension-de-su-show","status":"publish","type":"post","link":"https:\/\/www.24baires.com\/?p=93499","title":{"rendered":"La Renga denunci\u00f3 \u00abodio y discriminaci\u00f3n\u00bb tras la suspensi\u00f3n de su show"},"content":{"rendered":"<p><img data-recalc-dims=\"1\" loading=\"lazy\" decoding=\"async\" src=\"https:\/\/i0.wp.com\/www.24baires.com\/wp-content\/uploads\/2017\/03\/la-renga.jpg?resize=560%2C285\" alt=\"\" width=\"560\" height=\"285\" class=\"aligncenter size-full wp-image-93500\" srcset=\"https:\/\/i0.wp.com\/www.24baires.com\/wp-content\/uploads\/2017\/03\/la-renga.jpg?w=560&amp;ssl=1 560w, https:\/\/i0.wp.com\/www.24baires.com\/wp-content\/uploads\/2017\/03\/la-renga.jpg?resize=300%2C153&amp;ssl=1 300w\" sizes=\"auto, (max-width: 560px) 100vw, 560px\" \/>En un comunicado, el grupo de rock La Renga denunci\u00f3 \u00ablas propias inseguridades (del gobierno sanjuanino) alimentadas por el odio y la desinformaci\u00f3n\u00bb tras la suspensi\u00f3n del recital que iban a realizar en esa provincia el 29 de abril.<!--more--><\/p>\n<p>El convocante grupo rockero argentino La Renga consider\u00f3 que la decisi\u00f3n del gobierno de San Juan de negarle el uso del aut\u00f3dromo Eduardo Copello de esa provincia para dar un concierto el 29 de abril, se debe a \u00ablas propias inseguridades (del gobierno sanjuanino) alimentadas por el odio y la desinformaci\u00f3n\u00bb.<\/p>\n<p>En un comunicado difundido hoy a la prensa, el tr\u00edo a\u00f1adi\u00f3 que \u00ablamentablemente no es algo nuevo, venimos sintiendo este tipo de discriminaci\u00f3n por parte de distintas autoridades desde hace mucho tiempo. Como todos saben, de manera arbitraria nos negaron, solo a nosotros, la posibilidad de tocar en el aut\u00f3dromo de la ciudad de Buenos Aires, en San Pedro, en el Estadio \u00danico de La Plata, recientemente en el Hip\u00f3dromo de Rosario y ahora en el Zonda de San Juan, lugares donde se realizan todo tipo de eventos masivos\u00bb.<\/p>\n<p>La banda consider\u00f3 que \u00abya no son actos discriminatorios y de censura, tambi\u00e9n est\u00e1n mutilando con sus decisiones el derecho a trabajar y a expresarnos libremente con nuestra m\u00fasica\u00bb.<\/p>\n<p>\u00abAnte la falta de compromiso de las autoridades, la \u00fanica manera que tenemos de responder es siguiendo nuestro camino, con m\u00e1s fuerza, buscando nuevos lugares acordes para poder realizar y disfrutar nuestros banquetes\u00bb, a\u00f1adi\u00f3 la banda.<\/p>\n<p>El tr\u00edo de Mataderos tambi\u00e9n le comunic\u00f3 a sus fans que seguir\u00e1n intentando \u00abhacerlos\u00bb, porque \u00abseguramente ser\u00e1 m\u00e1s f\u00e1cil cuando los gobernantes entiendan que la cultura es parte esencial para enriquecer el alma, aunque ellos no la disfruten\u00bb. La carta de la banda publicada hoy en todas las redes sociales cierra con un \u00abhabr\u00e1 un siempre para la batalla\u00bb.<\/p>\n<p>La suspensi\u00f3n del show se conoci\u00f3 anoche, luego de que el gobernador de San Juan, Sergio U\u00f1ac resolvi\u00f3 negarle a la banda el alquiler del aut\u00f3dromo Copello.<\/p>\n<p>\u00abQu\u00e9 l\u00e1stima que en la Argentina un gobernador niegue permiso para tocar a un artista. San Juan le cierra las puertas a La Renga como si fuera m\u00e1s peligroso que la miner\u00eda\u00bb, bram\u00f3 el productor Jos\u00e9 Palazzo a trav\u00e9s de las redes sociales.<\/p>\n<p>El hecho ocurre luego del reciente recital del Indio Solari en un predio de Olavarr\u00eda, provincia de Buenos Aires, realizado el 11 de marzo pasado, que termin\u00f3 con dos personas fallecidas y una investigaci\u00f3n judicial sobre las responsabilidades de la productora y la intendencia local. Pero tambi\u00e9n se da en el marco de un nuevo derrame qu\u00edmico en la mina Veladero que opera la empresa canadiense Barrick Gold, ubicada en el Departamento de Iglesia y a 350 kil\u00f3metros de la ciudad de San Juan, situaci\u00f3n que ha sido denunciada y repudiada por la banda y por toda la comunidad rockera en especial, sumada a todas las organizaciones ecologistas del pa\u00eds.<\/p>\n","protected":false},"excerpt":{"rendered":"<p>En un comunicado, el grupo de rock La Renga denunci\u00f3 \u00ablas propias inseguridades (del gobierno sanjuanino) alimentadas por el odio y la desinformaci\u00f3n\u00bb tras la suspensi\u00f3n del recital que iban a realizar en esa provincia el 29 de abril.<\/p>\n","protected":false},"author":8,"featured_media":0,"comment_status":"open","ping_status":"open","sticky":false,"template":"","format":"standard","meta":{"_jetpack_newsletter_access":"","_jetpack_dont_email_post_to_subs":false,"_jetpack_newsletter_tier_id":0,"_jetpack_memberships_contains_paywalled_content":false,"_jetpack_memberships_contains_paid_content":false,"footnotes":""},"categories":[41,1],"tags":[],"class_list":["post-93499","post","type-post","status-publish","format-standard","hentry","category-espectaculos","category-sociedad"],"jetpack_featured_media_url":"","jetpack_shortlink":"https:\/\/wp.me\/p2JWE0-ok3","jetpack-related-posts":[{"id":101218,"url":"https:\/\/www.24baires.com\/?p=101218","url_meta":{"origin":93499,"position":0},"title":"A tan solo 16 d\u00edas del show, suspenden el recital de La Renga en Mar del Plata","author":"GB","date":"22\/03\/2018","format":false,"excerpt":"Con m\u00e1s de 36 mil entradas vendidas del show previsto para el pr\u00f3ximo 7 de abril en el estadio Jos\u00e9 Mar\u00eda Minella, la productora de la banda de Matadero anunci\u00f3 su suspensi\u00f3n y que el show se realizar\u00e1 en la provincia de San Luis. C\u00f3mo y d\u00f3nde recuperar las entradas,\u2026","rel":"","context":"En \u00abEspectaculos\u00bb","block_context":{"text":"Espectaculos","link":"https:\/\/www.24baires.com\/?cat=41"},"img":{"alt_text":"","src":"https:\/\/i0.wp.com\/www.24baires.com\/wp-content\/uploads\/2018\/03\/recital-la-renga.jpg?resize=350%2C200","width":350,"height":200,"srcset":"https:\/\/i0.wp.com\/www.24baires.com\/wp-content\/uploads\/2018\/03\/recital-la-renga.jpg?resize=350%2C200 1x, https:\/\/i0.wp.com\/www.24baires.com\/wp-content\/uploads\/2018\/03\/recital-la-renga.jpg?resize=525%2C300 1.5x"},"classes":[]},{"id":118791,"url":"https:\/\/www.24baires.com\/?p=118791","url_meta":{"origin":93499,"position":1},"title":"Pol\u00e9mica por la suspensi\u00f3n de clases por un recital en La Plata","author":"GB","date":"27\/04\/2022","format":false,"excerpt":"El secretario de Coordinaci\u00f3n de La Plata, Oscar Negrelli, habl\u00f3 sobre la suspensi\u00f3n de clases por el recital de La Renga. Como inform\u00f3 INFOCIELO, desde la Jefatura Distrital de La Plata, dependiente de la Direcci\u00f3n General de Cultura y Educaci\u00f3n (DGCyE) de la Provincia de Buenos Aires, comunicaron el levantamiento\u2026","rel":"","context":"En \u00abMunicipios\u00bb","block_context":{"text":"Municipios","link":"https:\/\/www.24baires.com\/?cat=44"},"img":{"alt_text":"","src":"https:\/\/i0.wp.com\/www.24baires.com\/wp-content\/uploads\/2013\/02\/aula-vac%C3%ADa.jpg?resize=350%2C200","width":350,"height":200,"srcset":"https:\/\/i0.wp.com\/www.24baires.com\/wp-content\/uploads\/2013\/02\/aula-vac%C3%ADa.jpg?resize=350%2C200 1x, https:\/\/i0.wp.com\/www.24baires.com\/wp-content\/uploads\/2013\/02\/aula-vac%C3%ADa.jpg?resize=525%2C300 1.5x, https:\/\/i0.wp.com\/www.24baires.com\/wp-content\/uploads\/2013\/02\/aula-vac%C3%ADa.jpg?resize=700%2C400 2x"},"classes":[]},{"id":101225,"url":"https:\/\/www.24baires.com\/?p=101225","url_meta":{"origin":93499,"position":2},"title":"La Renga debi\u00f3 cancelar su show en Mar del Plata","author":"AF","date":"22\/03\/2018","format":false,"excerpt":"Finalmente la puja entre los productores y el Gobierno de la Provincia, quienes desde un primer momento pusieron trabas para que no se realice el espect\u00e1culo, decant\u00f3 en que la banda no pueda presentarse en 'La Feliz'. Seg\u00fan pudo averiguar el Suplemento NO SE, la fecha se mantiene y se\u2026","rel":"","context":"En \u00abSociedad\u00bb","block_context":{"text":"Sociedad","link":"https:\/\/www.24baires.com\/?cat=1"},"img":{"alt_text":"","src":"https:\/\/i0.wp.com\/www.24baires.com\/wp-content\/uploads\/2018\/03\/renga.jpg?resize=350%2C200","width":350,"height":200,"srcset":"https:\/\/i0.wp.com\/www.24baires.com\/wp-content\/uploads\/2018\/03\/renga.jpg?resize=350%2C200 1x, https:\/\/i0.wp.com\/www.24baires.com\/wp-content\/uploads\/2018\/03\/renga.jpg?resize=525%2C300 1.5x"},"classes":[]},{"id":101161,"url":"https:\/\/www.24baires.com\/?p=101161","url_meta":{"origin":93499,"position":3},"title":"La Renga: el Concejo reclama a la Provincia que garantice el operativo de seguridad","author":"GB","date":"20\/03\/2018","format":false,"excerpt":"MAR DEL PLATA-El pedido fue elevado por los presidentes de los bloques de concejales a trav\u00e9s de un proyecto de comunicaci\u00f3n El Concejo Deliberante reclam\u00f3 al Ministerio de Seguridad bonaerense que garantice el operativo de seguridad para que se realice el recital de la banda de rock La Renga, previsto\u2026","rel":"","context":"En \u00abMunicipios\u00bb","block_context":{"text":"Municipios","link":"https:\/\/www.24baires.com\/?cat=44"},"img":{"alt_text":"","src":"https:\/\/i0.wp.com\/www.24baires.com\/wp-content\/uploads\/2018\/03\/recital-la-renga.jpg?resize=350%2C200","width":350,"height":200,"srcset":"https:\/\/i0.wp.com\/www.24baires.com\/wp-content\/uploads\/2018\/03\/recital-la-renga.jpg?resize=350%2C200 1x, https:\/\/i0.wp.com\/www.24baires.com\/wp-content\/uploads\/2018\/03\/recital-la-renga.jpg?resize=525%2C300 1.5x"},"classes":[]},{"id":62374,"url":"https:\/\/www.24baires.com\/?p=62374","url_meta":{"origin":93499,"position":4},"title":"Marcharon pidiendo justicia por Ismael Sosa","author":"AF","date":"27\/02\/2015","format":false,"excerpt":"El chico apareci\u00f3 muerto en C\u00f3rdoba, a donde hab\u00eda ido para ver un recital de La Renga. Lo encontraron flotando en un rio. La autopsia determin\u00f3 que no hab\u00eda golpes en el cuerpo, pero la familia denuncia que faltaban partes. La marcha parti\u00f3 anoche desde el Obelisco hasta la casa\u2026","rel":"","context":"En \u00abSociedad\u00bb","block_context":{"text":"Sociedad","link":"https:\/\/www.24baires.com\/?cat=1"},"img":{"alt_text":"justicia por ismael sosa","src":"https:\/\/i0.wp.com\/www.24baires.com\/wp-content\/uploads\/2015\/02\/justicia-por-ismael-sosa.jpg?resize=350%2C200","width":350,"height":200,"srcset":"https:\/\/i0.wp.com\/www.24baires.com\/wp-content\/uploads\/2015\/02\/justicia-por-ismael-sosa.jpg?resize=350%2C200 1x, https:\/\/i0.wp.com\/www.24baires.com\/wp-content\/uploads\/2015\/02\/justicia-por-ismael-sosa.jpg?resize=525%2C300 1.5x"},"classes":[]},{"id":66671,"url":"https:\/\/www.24baires.com\/?p=66671","url_meta":{"origin":93499,"position":5},"title":"Se fug\u00f3 el acusado de matar con una bengala a joven en recital de La Renga","author":"AF","date":"28\/05\/2015","format":false,"excerpt":"El joven que caus\u00f3 la muerte de Miguel Ram\u00edrez durante el recital de La Renga por encender una bengala, no se present\u00f3 ante la Justicia. Seg\u00fan confirm\u00f3 su propio abogado Gustavo Avellaneda, el condenado Iv\u00e1n Font\u00e1n, quien ayer no estuvo presente en la lectura de la sentencia, \"hab\u00eda salido a\u2026","rel":"","context":"En \u00abJUDICIALES\u00bb","block_context":{"text":"JUDICIALES","link":"https:\/\/www.24baires.com\/?cat=68"},"img":{"alt_text":"","src":"","width":0,"height":0},"classes":[]}],"jetpack_sharing_enabled":true,"jetpack_likes_enabled":true,"_links":{"self":[{"href":"https:\/\/www.24baires.com\/index.php?rest_route=\/wp\/v2\/posts\/93499","targetHints":{"allow":["GET"]}}],"collection":[{"href":"https:\/\/www.24baires.com\/index.php?rest_route=\/wp\/v2\/posts"}],"about":[{"href":"https:\/\/www.24baires.com\/index.php?rest_route=\/wp\/v2\/types\/post"}],"author":[{"embeddable":true,"href":"https:\/\/www.24baires.com\/index.php?rest_route=\/wp\/v2\/users\/8"}],"replies":[{"embeddable":true,"href":"https:\/\/www.24baires.com\/index.php?rest_route=%2Fwp%2Fv2%2Fcomments&post=93499"}],"version-history":[{"count":1,"href":"https:\/\/www.24baires.com\/index.php?rest_route=\/wp\/v2\/posts\/93499\/revisions"}],"predecessor-version":[{"id":93501,"href":"https:\/\/www.24baires.com\/index.php?rest_route=\/wp\/v2\/posts\/93499\/revisions\/93501"}],"wp:attachment":[{"href":"https:\/\/www.24baires.com\/index.php?rest_route=%2Fwp%2Fv2%2Fmedia&parent=93499"}],"wp:term":[{"taxonomy":"category","embeddable":true,"href":"https:\/\/www.24baires.com\/index.php?rest_route=%2Fwp%2Fv2%2Fcategories&post=93499"},{"taxonomy":"post_tag","embeddable":true,"href":"https:\/\/www.24baires.com\/index.php?rest_route=%2Fwp%2Fv2%2Ftags&post=93499"}],"curies":[{"name":"wp","href":"https:\/\/api.w.org\/{rel}","templated":true}]}}