{"id":93089,"date":"2017-03-15T18:00:09","date_gmt":"2017-03-15T21:00:09","guid":{"rendered":"http:\/\/www.24baires.com\/?p=93089"},"modified":"2017-03-15T17:16:28","modified_gmt":"2017-03-15T20:16:28","slug":"hay-quien-le-pare-baires-veinte-diecisite-cap-1","status":"publish","type":"post","link":"https:\/\/www.24baires.com\/?p=93089","title":{"rendered":"HAY QUIEN LE PARE. BAIRES VEINTE DIECISITE \u00bfCAP. 1?"},"content":{"rendered":"<p><img data-recalc-dims=\"1\" loading=\"lazy\" decoding=\"async\" src=\"https:\/\/i0.wp.com\/www.24baires.com\/wp-content\/uploads\/2016\/02\/docentes-vidal.jpg?resize=560%2C397\" alt=\"\" width=\"560\" height=\"397\" class=\"aligncenter size-full wp-image-79150\" srcset=\"https:\/\/i0.wp.com\/www.24baires.com\/wp-content\/uploads\/2016\/02\/docentes-vidal.jpg?w=560&amp;ssl=1 560w, https:\/\/i0.wp.com\/www.24baires.com\/wp-content\/uploads\/2016\/02\/docentes-vidal.jpg?resize=300%2C213&amp;ssl=1 300w\" sizes=\"auto, (max-width: 560px) 100vw, 560px\" \/>Cada a\u00f1o, llegados a fines de febrero o principios de marzo la paritaria docente nos tiene en vilo. A\u00f1o tras a\u00f1o para estas fechas la educaci\u00f3n se pone sobre el tapete y sobrevuelan apreciaciones que a\u00f1o a a\u00f1o se repiten. Lo tenemos bien presente: es una negociaci\u00f3n marcada por una temporalidad bien clara, signada por la fecha pautada para el inicio de las clases y en que la dificultad de llegar a un acuerdo  tiene por moneda corriente el paro y el no inicio de clases en tiempo y forma. <!--more--><\/p>\n<p>Este a\u00f1o no fue la excepci\u00f3n y, a diferencia del a\u00f1o pasado, las clases no empezaron en la fecha pautada. Con sobradas razones, los gremios docentes -o si se prefiere los docentes a secas- pararon y se movilizaron de manera multitudinaria superando las expectativas de muchos, haciendo oir su voz, plant\u00e1ndole cara al gobierno, poniendo a ojos de todos lo que traman: achicamiento del Estado -del que la educaci\u00f3n es victima por excelencia- y otro a\u00f1o de embestida contra los salarios. Aquello fue una verdadera demostraci\u00f3n de fuerzas que esperanza, invita a pensar que es posible llevar al gobierno a dar el brazo a torcer y deja languideciendo las campa\u00f1as medi\u00e1ticas que apuntaron contra el paro docente. Tras la movilizaci\u00f3n el paro se extendi\u00f3 a los siguientes d\u00edas. Aun con semejante medida de fuerza, nuestros gobernantes no han dado el brazo a torcer, no han cedido, no han llevado a la mesa ofertas superadoras. Duros en su posici\u00f3n, incierto es el efecto que tendr\u00e1 esta actitud \u00bfpiantavotos? de un gobierno que en un a\u00f1o electoral ajusta sin mayores miramientos.<\/p>\n<p>Aquel paro con movilizaci\u00f3n del lunes pasado fue el primer gran paro con movilizaci\u00f3n del a\u00f1o y la primera gran movilizaci\u00f3n de un marzo que nos entrega la postal de un pueblo en las calles protestando contra el ajuste, el empobrecimiento, contra este modelo econ\u00f3mico, contra las medidas y prop\u00f3sitos -a esta altura ya muy evidentes- del gobierno.<\/p>\n<p>Aquel primer paro y todos los d\u00edas de paro que le siguieron tuvieron por principales destinatarios al Ejecutivo nacional y la gobernaci\u00f3n bonaerense, fueron contra la eliminaci\u00f3n de la paritaria nacional docente y en respuesta a una oferta de incremento salarial docente que en la provincia de Buenos Aires es claramente una burla, una trampa y pr\u00e1cticamente garant\u00eda de un nuevo a\u00f1o de merma en el salario real.<\/p>\n<p>El colectivo docente es numeroso, diverso y para la experiencia cotidiana de muchos omnipresente y cercano. Distintas apreciaciones pueden hacerse de la educaci\u00f3n en Argentina y las realidades de los docentes. En lo que puede estarse f\u00e1cilmente de acuerdo es en que en esta paritaria \u2013la paritaria docente bonaerense- se juega la suerte de la econom\u00eda de muchas familias.<br \/>\nSe juega mucho. Un segundo a\u00f1o de perdida de poder adquisitivo ser\u00eda haber ido demasiado lejos.<br \/>\nLa paritaria docente es una paritaria testigo, inaugural de cada a\u00f1o. Testigo para los trabajadores en general y para los estatales en particular. Mover al gobierno de sus guarismos seria una esperanzadora gesta y no lograrlo un mal comienzo para este 2017, en que unos salarios que una vez m\u00e1s pierdan por varios puntos contra la inflaci\u00f3n -o si se prefiere el aumento del costo de vida- ser\u00eda un tremendo golpe.<\/p>\n<p>Valga hacer foco en el estado de la cuesti\u00f3n.<\/p>\n<p>El 2016, a pocos meses de llegada Mar\u00eda Eugenia Vidal a la gobernaci\u00f3n, conoci\u00f3 de un inicio de clases en tiempo y forma, no sin tensiones y gracias a una ayuda de \u00faltimo momento que acudi\u00f3 desde el Estado nacional, con un aumento de casi el 35% en cuotas. En aquel momento el acuerdo pod\u00eda no parecer tan malo. Ligeramente estaba abierta la posibilidad de reabrir la negociaci\u00f3n luego de agosto. Empezado el ciclo lectivo no hubo m\u00e1s negociaciones, la inflaci\u00f3n supero ese guarismo y los docentes terminaron el a\u00f1o perdiendo poder adquisitivo como la mayor parte de los trabajadores. <\/p>\n<p>Hoy -a\u00f1o 2017- la propuesta del 18% en cuotas huele a poco. La presentan como un empate frente a la inflaci\u00f3n. Queda atr\u00e1s cualquier pretensi\u00f3n de jerarquizar salarialmente a los docentes. Dicen \u201ccontemos desde ac\u00e1\u201d sin poner en consideraci\u00f3n la p\u00e9rdida de poder adquisitivo que leg\u00f3 el 2016 y que ellos mismos gestaron. Se desentienden de recomponer lo perdido en 2016 y a decir verdad no parece realista un pron\u00f3stico inflacionario del 18%.<br \/>\nSi la inflaci\u00f3n traspasa ese guarismo \u2013cosa que seguramente ocurra-, dicen, estar\u00e1n dispuestos a sentarse para volver a acordar incrementos que emparden la inflaci\u00f3n. Dif\u00edcilmente as\u00ed lo hagan y dif\u00edcilmente el \u00edndice que reconozcan se corresponda con los aumentos de bienes y servicios que m\u00e1s impacten en la econom\u00eda de las familias.<br \/>\n\u00bfEs el 18% un pron\u00f3stico realista de la inflaci\u00f3n? Seguramente no. Y mucho menos es un 18% una pauta de incremento suficiente para cubrir los aumentos del costo de vida habidos y por haber.<br \/>\nLa gobernadora arguye que dan el aumento posible, que hacen el mayor esfuerzo, llamando a la austeridad. Acaso una austeridad equivocada, que persigue un determinado inter\u00e9s, ni necesaria ni irremediable: autoimpuesta. Sino por ella, por el signo pol\u00edtico que gobierna y la contiene. Otra forma de ejecutar el gasto p\u00fablico es posible, hay de donde echar mano recaudando y reasignando partidas. Es una cuesti\u00f3n de prioridades.<br \/>\nDesde gobernaci\u00f3n, a los gremios docentes le han dicho intransigentes, han hablado de que el paro era una decisi\u00f3n a priori, una maniobra pol\u00edtica y que no estaban dispuestos a negociar. Ellos, que advierten y cumplen en descontar los d\u00edas de paro, tildan de sindicalismo extorsivo a la tenacidad de los gremios docentes que en defensa de salarios dignos, para que en sus negociaciones al menos no pierdan o pierdan lo menos posible pararan para hacerse oir y hacer notar.<br \/>\n\u00bfY c\u00f3mo hacerse valer si no es parando? \u00bfServiles, ingenuos, resignados en las aulas as\u00ed como as\u00ed? El momento es ahora, con el ciclo lectivo iniciado resultara mas dif\u00edcil entablar negociaciones, hacerse valer, ser escuchados. La sospecha de que no hay predisposici\u00f3n del gobierno a rever acuerdos entrado el a\u00f1o y vista la inflaci\u00f3n  conceder otro aumento parece mas que fundada. Eso es casi un hecho.<br \/>\nLa tensi\u00f3n parece dar para largo. Como nos hemos anoticiado, de no mediar alguna oferta que resulte satisfactoria, seguiremos con paros para esta semana.<br \/>\nImposible no contraponer los dichos y los hechos de un gobierno que con toda la demagogia y tilinguer\u00eda convocante del caso hizo alardes de priorizar la educaci\u00f3n con aires civilizadores e invoc\u00e1ndola como instancia de la igualdad de oportunidades y el ascenso social. Tan distintos se dec\u00edan, tan de que iban a hacer la gran diferencia, pero ya salta a la vista cuanto vulneran la educaci\u00f3n d\u00e1ndole la espalda a la decisi\u00f3n de jerarquizar los salarios docentes que, por el contrario, degradan, cuanto vulneran ese prop\u00f3sito cuando atentan contra las condiciones de educabilidad, cuanto vulneran el derecho a la educaci\u00f3n cuando ajustan en el \u00e1rea. <\/p>\n","protected":false},"excerpt":{"rendered":"<p>Cada a\u00f1o, llegados a fines de febrero o principios de marzo la paritaria docente nos tiene en vilo. A\u00f1o tras a\u00f1o para estas fechas la educaci\u00f3n se pone sobre el tapete y sobrevuelan apreciaciones que a\u00f1o a a\u00f1o se repiten. Lo tenemos bien presente: es una negociaci\u00f3n marcada por una temporalidad bien clara, signada por la fecha pautada para el [&#8230;]<\/p>\n","protected":false},"author":8,"featured_media":0,"comment_status":"open","ping_status":"open","sticky":false,"template":"","format":"standard","meta":{"_jetpack_newsletter_access":"","_jetpack_dont_email_post_to_subs":false,"_jetpack_newsletter_tier_id":0,"_jetpack_memberships_contains_paywalled_content":false,"_jetpack_memberships_contains_paid_content":false,"footnotes":""},"categories":[64],"tags":[],"class_list":["post-93089","post","type-post","status-publish","format-standard","hentry","category-opinion"],"jetpack_featured_media_url":"","jetpack_shortlink":"https:\/\/wp.me\/p2JWE0-odr","jetpack-related-posts":[{"id":105717,"url":"https:\/\/www.24baires.com\/?p=105717","url_meta":{"origin":93089,"position":0},"title":"Lunes sin clases por un nuevo paro docente","author":"GB","date":"03\/12\/2018","format":false,"excerpt":"Los docentes bonaerenses llevar\u00e1n adelante este lunes un nuevo paro en rechazo a la \u00faltima oferta salarial realizada por el gobierno de Mar\u00eda Eugenia Vidal de un 2% adicional (al 30% ya percibido) y un bono de $ 7.000. El Ejecutivo decidi\u00f3 igualmente otorgar esas sumas. En un conflicto desgastado\u2026","rel":"","context":"En \u00abProvincia\u00bb","block_context":{"text":"Provincia","link":"https:\/\/www.24baires.com\/?cat=40"},"img":{"alt_text":"","src":"https:\/\/i0.wp.com\/www.24baires.com\/wp-content\/uploads\/2018\/04\/paro-docente.jpg?resize=350%2C200","width":350,"height":200,"srcset":"https:\/\/i0.wp.com\/www.24baires.com\/wp-content\/uploads\/2018\/04\/paro-docente.jpg?resize=350%2C200 1x, https:\/\/i0.wp.com\/www.24baires.com\/wp-content\/uploads\/2018\/04\/paro-docente.jpg?resize=525%2C300 1.5x"},"classes":[]},{"id":89458,"url":"https:\/\/www.24baires.com\/?p=89458","url_meta":{"origin":93089,"position":1},"title":"Tribunales sin actividad por un paro de trabajadores","author":"AF","date":"04\/11\/2016","format":false,"excerpt":"Los judiciales de la AJB parar\u00e1n este viernes y movilizar\u00e1n a Plaza de Mayo por la reapertura de paritarias en el marco de la denominada \u201cJornada Continental por la Democracia y Contra el Neoliberalismo\u201d, por lo que se ver\u00e1 resentida la actividad en tribunales. Este gremio pide a la Provincia\u2026","rel":"","context":"En \u00abSociedad\u00bb","block_context":{"text":"Sociedad","link":"https:\/\/www.24baires.com\/?cat=1"},"img":{"alt_text":"tribunales mdp","src":"https:\/\/i0.wp.com\/www.24baires.com\/wp-content\/uploads\/2013\/03\/tribunales-mdp-300x190.jpg?resize=350%2C200","width":350,"height":200},"classes":[]},{"id":104782,"url":"https:\/\/www.24baires.com\/?p=104782","url_meta":{"origin":93089,"position":2},"title":"El Frente de Unidad Docente decret\u00f3 un nuevo paro: el lunes y martes no habr\u00e1 clases en la Provincia","author":"GB","date":"05\/10\/2018","format":false,"excerpt":"Adem\u00e1s, el lunes, marcharan a la Casa de Gobierno de la Provincia en Capital Federal. En lo que va del a\u00f1o ya son 24 d\u00edas de huelga. Esta semana la gobernadora Vidal hab\u00eda cerrado por decreto la paritaria. El Frente de Unidad Docente resolvi\u00f3 hoy decretar un paro de 48\u2026","rel":"","context":"En \u00abProvincia\u00bb","block_context":{"text":"Provincia","link":"https:\/\/www.24baires.com\/?cat=40"},"img":{"alt_text":"","src":"https:\/\/i0.wp.com\/www.24baires.com\/wp-content\/uploads\/2018\/04\/paro-docente.jpg?resize=350%2C200","width":350,"height":200,"srcset":"https:\/\/i0.wp.com\/www.24baires.com\/wp-content\/uploads\/2018\/04\/paro-docente.jpg?resize=350%2C200 1x, https:\/\/i0.wp.com\/www.24baires.com\/wp-content\/uploads\/2018\/04\/paro-docente.jpg?resize=525%2C300 1.5x"},"classes":[]},{"id":107361,"url":"https:\/\/www.24baires.com\/?p=107361","url_meta":{"origin":93089,"position":3},"title":"El Gobierno convoca a los gremios docentes y se \u201ccongelan\u201d las medidas de fuerza","author":"GB","date":"25\/03\/2019","format":false,"excerpt":"La Provincia respondi\u00f3 al \"ultim\u00e1tum\" de los gremios con una convocatoria para discutir salarios, con el objetivo de frenar los paros que se iban a anunciar hoy. Ahora, quedan supeditados a la propuesta que llegue. El Gobierno bonaerense convoc\u00f3 a los gremios del Frente de Unidad Docente a discutir la\u2026","rel":"","context":"En \u00abProvincia\u00bb","block_context":{"text":"Provincia","link":"https:\/\/www.24baires.com\/?cat=40"},"img":{"alt_text":"","src":"https:\/\/i0.wp.com\/www.24baires.com\/wp-content\/uploads\/2018\/04\/paro-docente.jpg?resize=350%2C200","width":350,"height":200,"srcset":"https:\/\/i0.wp.com\/www.24baires.com\/wp-content\/uploads\/2018\/04\/paro-docente.jpg?resize=350%2C200 1x, https:\/\/i0.wp.com\/www.24baires.com\/wp-content\/uploads\/2018\/04\/paro-docente.jpg?resize=525%2C300 1.5x"},"classes":[]},{"id":107116,"url":"https:\/\/www.24baires.com\/?p=107116","url_meta":{"origin":93089,"position":4},"title":"Con alto acatamiento, contin\u00faa el paro docente en la provincia","author":"GB","date":"07\/03\/2019","format":false,"excerpt":"Seg\u00fan Suteba el acatamiento es del 80% aunque para los funcionarios provinciales es menor al 40%. Las clases en las escuelas provinciales no comenzaron por una medida de fuerza organizada por el Frente de Unidad Docente Bonaerense. El paro se extender\u00e1 hasta este viernes y los gremialistas piden sentarse a\u2026","rel":"","context":"En \u00abProvincia\u00bb","block_context":{"text":"Provincia","link":"https:\/\/www.24baires.com\/?cat=40"},"img":{"alt_text":"","src":"https:\/\/i0.wp.com\/www.24baires.com\/wp-content\/uploads\/2014\/03\/aulas-vac%C3%ADas.jpg?resize=350%2C200","width":350,"height":200},"classes":[]},{"id":104817,"url":"https:\/\/www.24baires.com\/?p=104817","url_meta":{"origin":93089,"position":5},"title":"Arranca el paro docente por 48 horas en la provincia","author":"GB","date":"08\/10\/2018","format":false,"excerpt":"El Frente de Unidad Docente Bonaerense comienza este lunes una nueva huelga que adem\u00e1s tendr\u00e1 una movilizaci\u00f3n en Capital Federal. A su vez, el gobierno bonaerense afirm\u00f3 que convocar\u00e1 a los sindicatos a discutir este jueves. El Frente de Unidad Docente resolvi\u00f3 decretar un paro de 48 horas para este\u2026","rel":"","context":"En \u00abProvincia\u00bb","block_context":{"text":"Provincia","link":"https:\/\/www.24baires.com\/?cat=40"},"img":{"alt_text":"","src":"https:\/\/i0.wp.com\/www.24baires.com\/wp-content\/uploads\/2018\/04\/paro-docente.jpg?resize=350%2C200","width":350,"height":200,"srcset":"https:\/\/i0.wp.com\/www.24baires.com\/wp-content\/uploads\/2018\/04\/paro-docente.jpg?resize=350%2C200 1x, https:\/\/i0.wp.com\/www.24baires.com\/wp-content\/uploads\/2018\/04\/paro-docente.jpg?resize=525%2C300 1.5x"},"classes":[]}],"jetpack_sharing_enabled":true,"jetpack_likes_enabled":true,"_links":{"self":[{"href":"https:\/\/www.24baires.com\/index.php?rest_route=\/wp\/v2\/posts\/93089","targetHints":{"allow":["GET"]}}],"collection":[{"href":"https:\/\/www.24baires.com\/index.php?rest_route=\/wp\/v2\/posts"}],"about":[{"href":"https:\/\/www.24baires.com\/index.php?rest_route=\/wp\/v2\/types\/post"}],"author":[{"embeddable":true,"href":"https:\/\/www.24baires.com\/index.php?rest_route=\/wp\/v2\/users\/8"}],"replies":[{"embeddable":true,"href":"https:\/\/www.24baires.com\/index.php?rest_route=%2Fwp%2Fv2%2Fcomments&post=93089"}],"version-history":[{"count":1,"href":"https:\/\/www.24baires.com\/index.php?rest_route=\/wp\/v2\/posts\/93089\/revisions"}],"predecessor-version":[{"id":93090,"href":"https:\/\/www.24baires.com\/index.php?rest_route=\/wp\/v2\/posts\/93089\/revisions\/93090"}],"wp:attachment":[{"href":"https:\/\/www.24baires.com\/index.php?rest_route=%2Fwp%2Fv2%2Fmedia&parent=93089"}],"wp:term":[{"taxonomy":"category","embeddable":true,"href":"https:\/\/www.24baires.com\/index.php?rest_route=%2Fwp%2Fv2%2Fcategories&post=93089"},{"taxonomy":"post_tag","embeddable":true,"href":"https:\/\/www.24baires.com\/index.php?rest_route=%2Fwp%2Fv2%2Ftags&post=93089"}],"curies":[{"name":"wp","href":"https:\/\/api.w.org\/{rel}","templated":true}]}}