{"id":9306,"date":"2012-12-15T22:17:33","date_gmt":"2012-12-16T01:17:33","guid":{"rendered":"http:\/\/www.24baires.com\/?p=9306"},"modified":"2012-12-15T22:17:33","modified_gmt":"2012-12-16T01:17:33","slug":"fuertes-criticas-a-la-ley-provincial-de-excarcelaciones-aprobada-el-jueves","status":"publish","type":"post","link":"https:\/\/www.24baires.com\/?p=9306","title":{"rendered":"Fuertes cr\u00edticas a la ley provincial de excarcelaciones aprobada el jueves"},"content":{"rendered":"<p>\u201cLa nueva ley no responde a una pol\u00edtica de seguridad democr\u00e1tica y consistente y aumentar\u00e1 la cantidad de detenidos en condiciones absolutamente indignas\u201d. Con esa frase, organizaciones sociales vinculadas a los Derechos Humanos lanzaron ayer una dura embestida contra la reforma del C\u00f3digo Procesal Penal sancionada el jueves pasado en el Senado bonaerense que restringe las excarcelaciones a quienes sean detenidos con armas ilegales, entre otros casos.<!--more--><\/p>\n<p>El comunicado de repudio a la ley impulsada por el gobierno bonaerense, que firmaron la <strong>Comisi\u00f3n por la Memoria<\/strong>, el <strong>CELS<\/strong> de Horacio Verbistky, la <strong>Asociaci\u00f3n Pensamiento Penal<\/strong> y el<strong> Centro de Estudios en Pol\u00edtica Criminal y Derechos Humanos<\/strong>, tuvo una r\u00e9plica de parte de legisladores sciolistas.<\/p>\n<p>\u201cEs gente que no tiene un plan serio de seguridad porque, por suerte, no gobierna ninguna provincia ni municipio y entonces se dedica a escribir desde un lugar f\u00e1cil\u201d, dispar\u00f3 el diputado Guido Lorenzino, quien actu\u00f3 como miembro informante del proyecto durante su tratamiento en la C\u00e1mara baja, en una sesi\u00f3n que tuvo duros cruces con los legisladores de Nuevo Encuentro que responden a Mart\u00edn Sabbatella.<\/p>\n<p>El proyecto impulsado por Scioli con el argumento de la necesidad de sacar de circulaci\u00f3n las armas ilegales fue sancionado el jueves en el Senado con los votos del oficialismo, del peronismo disidente y del radicalismo y el rechazo de la Coalici\u00f3n C\u00edvica y el FAP.<\/p>\n<p>La iniciativa reforma el C\u00f3digo Procesal Penal y limita las excarcelaciones en tres casos: cuando se porten armas de fuego ilegalmente y exista resistencia o evasi\u00f3n a un procedimiento por parte una autoridad p\u00fablica; cuando los presuntos delincuentes tengan antecedentes por comisi\u00f3n de delitos con armas; o en los casos que los imputados est\u00e9n gozando ya de una excarcelaci\u00f3n anterior.<\/p>\n<p>Antes de la sesi\u00f3n del jueves pasado, la Comisi\u00f3n por la Memoria y el CELS junto a jueces y defensores oficiales buscaron impedir la sanci\u00f3n del proyecto y pidieron al vicegobernador Gabriel Mariotto que convoque a una audiencia p\u00fabica para debatirlo.<\/p>\n<p>Una vez aprobado el expediente, organismos de Derechos Humanos y sociales salieron a rechazar la ley, al sostener que \u201cel poder pol\u00edtico insiste en la demagogia punitiva que procura responder a las demandas sociales de seguridad con el endurecimiento del sistema penal. Bajo estos mismos argumentos, en los \u00faltimos a\u00f1os se impulsaron m\u00e1s de treinta reformas procesales y los resultados han sido un fracaso\u201d.<\/p>\n<p>En el documento, que tambi\u00e9n firman el juez en lo Contencioso Administrativo Luis Arias y el Defensor Penal Juvenil Juli\u00e1n Axat se afirma que \u201cpara dar respuesta a las graves fallas en materia de seguridad e investigaci\u00f3n criminal, no se requiere m\u00e1s encarcelamiento preventivo, sino avanzar en reformas institucionales y voluntad pol\u00edtica de atacar los verdaderos problemas\u201d. Las respuestas simb\u00f3licas de este tipo, adem\u00e1s de alimentar la ret\u00f3rica, tienen un impacto muy profundo en los barrios populares, que son los que sufren la persecuci\u00f3n y el hostigamiento policial, mientras los due\u00f1os de los negocios circulan libremente\u201d.<\/p>\n<p>La senadora de la CC Mar\u00eda Isabel Gainza tambi\u00e9n carg\u00f3 ayer contra la reforma, al se\u00f1alar que \u201ces un mamarracho, est\u00e1 p\u00e9simamente articulada y muy mal redactada\u201d. \u201cLo que tiene que hacer el gobierno es ofrecer seguridad para que la gente no se arme m\u00e1s y pensar pol\u00edticas encaminada a lograr un desarme real, para lo que es imprescindible atacar la corrupci\u00f3n\u201d, agreg\u00f3.<\/p>\n<p>&nbsp;<\/p>\n<p>&nbsp;<\/p>\n<p>&nbsp;<\/p>\n<p>&nbsp;<\/p>\n<p>&nbsp;<\/p>\n<p>&nbsp;<\/p>\n<p><strong>\u00a0<\/strong><\/p>\n","protected":false},"excerpt":{"rendered":"<p>\u201cLa nueva ley no responde a una pol\u00edtica de seguridad democr\u00e1tica y consistente y aumentar\u00e1 la cantidad de detenidos en condiciones absolutamente indignas\u201d. Con esa frase, organizaciones sociales vinculadas a los Derechos Humanos lanzaron ayer una dura embestida contra la reforma del C\u00f3digo Procesal Penal sancionada el jueves pasado en el Senado bonaerense que restringe las excarcelaciones a quienes sean [&#8230;]<\/p>\n","protected":false},"author":11,"featured_media":0,"comment_status":"open","ping_status":"open","sticky":false,"template":"","format":"standard","meta":{"_jetpack_newsletter_access":"","_jetpack_dont_email_post_to_subs":false,"_jetpack_newsletter_tier_id":0,"_jetpack_memberships_contains_paywalled_content":false,"_jetpack_memberships_contains_paid_content":false,"footnotes":""},"categories":[40],"tags":[],"class_list":["post-9306","post","type-post","status-publish","format-standard","hentry","category-provincia"],"jetpack_featured_media_url":"","jetpack_shortlink":"https:\/\/wp.me\/p2JWE0-2q6","jetpack-related-posts":[{"id":7766,"url":"https:\/\/www.24baires.com\/?p=7766","url_meta":{"origin":9306,"position":0},"title":"El Senado bonaerense analiza el pedido de audiencia p\u00fablica para ley de excarcelaciones","author":"AF","date":"03\/12\/2012","format":false,"excerpt":"Defensores de los derechos humanos, magistrados y funcionarios judiciales le entregaron este lunes al vicegobernador Gabriel Mariotto la solicitud con centenares de firmas para que la iniciativa de Scioli y Casal sea debatida por la ciudadan\u00eda antes de su tratamiento en la C\u00e1mara alta. Representantes del Centro de Estudios Legales\u2026","rel":"","context":"En \u00abPol\u00edtica\u00bb","block_context":{"text":"Pol\u00edtica","link":"https:\/\/www.24baires.com\/?cat=51"},"img":{"alt_text":"","src":"https:\/\/i0.wp.com\/www.24baires.com\/wp-content\/uploads\/2012\/11\/senado-BA.jpg?resize=350%2C200","width":350,"height":200},"classes":[]},{"id":15741,"url":"https:\/\/www.24baires.com\/?p=15741","url_meta":{"origin":9306,"position":1},"title":"La Corte provincial analizar\u00e1 si es inconstitucional la ley que limita las excarcelaciones","author":"Grupo Sierra","date":"15\/02\/2013","format":false,"excerpt":"Organismos de derechos humanos y defensores p\u00fablicos bonaerenses le pidieron al m\u00e1ximo tribunal de la Provincia que revise la norma. La vigencia de esta ley \u201cafecta la profundizaci\u00f3n de la institucionalidad democr\u00e1tica\u201d y \u201cprovoca un grave conflicto de orden normativo\u201d, fundamentaron en su presentaci\u00f3n. La Comisi\u00f3n Provincial por la Memoria\u2026","rel":"","context":"En \u00abProvincia\u00bb","block_context":{"text":"Provincia","link":"https:\/\/www.24baires.com\/?cat=40"},"img":{"alt_text":"","src":"","width":0,"height":0},"classes":[]},{"id":106346,"url":"https:\/\/www.24baires.com\/?p=106346","url_meta":{"origin":9306,"position":2},"title":"Piden que violar una restricci\u00f3n perimetral sea un delito no excarcelable","author":"AF","date":"14\/01\/2019","format":false,"excerpt":"Tras una serie de femicidios ocurridos en los primeros d\u00edas del a\u00f1o, buscan dar un nuevo impulso a un proyecto de ley que endurece las penas para aquellas personas que violen la restricci\u00f3n perimetral, convirti\u00e9ndolo en un delito no excarcelable. El pedido fue realizado por la titular de Centro de\u2026","rel":"","context":"En \u00abSociedad\u00bb","block_context":{"text":"Sociedad","link":"https:\/\/www.24baires.com\/?cat=1"},"img":{"alt_text":"","src":"https:\/\/i0.wp.com\/www.24baires.com\/wp-content\/uploads\/2013\/06\/c%C3%A1rcel.jpg?resize=350%2C200","width":350,"height":200,"srcset":"https:\/\/i0.wp.com\/www.24baires.com\/wp-content\/uploads\/2013\/06\/c%C3%A1rcel.jpg?resize=350%2C200 1x, https:\/\/i0.wp.com\/www.24baires.com\/wp-content\/uploads\/2013\/06\/c%C3%A1rcel.jpg?resize=525%2C300 1.5x"},"classes":[]},{"id":93990,"url":"https:\/\/www.24baires.com\/?p=93990","url_meta":{"origin":9306,"position":3},"title":"Presos bonaerenses iniciaron huelga de hambre contra la reforma a las excarcelaciones","author":"AF","date":"21\/04\/2017","format":false,"excerpt":"Internos de varios penales de la provincia de Buenos Aires se declararon en huelga de hambre en protesta contra la reforma del C\u00f3digo Penal que endurece las condiciones para obtener los beneficios de excarcelaciones. Los focos de las protestas se registraron en algunos pabellones puntuales de la Unidad 1 de\u2026","rel":"","context":"En \u00abLocales\u00bb","block_context":{"text":"Locales","link":"https:\/\/www.24baires.com\/?cat=38"},"img":{"alt_text":"","src":"https:\/\/i0.wp.com\/www.24baires.com\/wp-content\/uploads\/2017\/04\/presos.jpg?resize=350%2C200","width":350,"height":200,"srcset":"https:\/\/i0.wp.com\/www.24baires.com\/wp-content\/uploads\/2017\/04\/presos.jpg?resize=350%2C200 1x, https:\/\/i0.wp.com\/www.24baires.com\/wp-content\/uploads\/2017\/04\/presos.jpg?resize=525%2C300 1.5x"},"classes":[]},{"id":7149,"url":"https:\/\/www.24baires.com\/?p=7149","url_meta":{"origin":9306,"position":4},"title":"Acusan a Scioli y a Casal de impulsar leyes inconstitucionales","author":"AF","date":"28\/11\/2012","format":false,"excerpt":"As\u00ed lo asegur\u00f3 el Defensor Penal Juvenil, Juli\u00e1n Axat, al ser consultado sobre la ley de excarcelaciones del gobernador Daniel Scioli que ya cuenta con media sanci\u00f3n de Diputados. Diferentes sectores piden una audiencia p\u00fablica, aunque en caso de que la norma sea sancionada ya analizan una \u201cdemanda de inconstitucionalidad\u201d\u2026","rel":"","context":"En \u00abPol\u00edtica\u00bb","block_context":{"text":"Pol\u00edtica","link":"https:\/\/www.24baires.com\/?cat=51"},"img":{"alt_text":"","src":"https:\/\/i0.wp.com\/www.24baires.com\/wp-content\/uploads\/2012\/11\/casal-scioli.jpg?resize=350%2C200","width":350,"height":200,"srcset":"https:\/\/i0.wp.com\/www.24baires.com\/wp-content\/uploads\/2012\/11\/casal-scioli.jpg?resize=350%2C200 1x, https:\/\/i0.wp.com\/www.24baires.com\/wp-content\/uploads\/2012\/11\/casal-scioli.jpg?resize=525%2C300 1.5x"},"classes":[]},{"id":25858,"url":"https:\/\/www.24baires.com\/?p=25858","url_meta":{"origin":9306,"position":5},"title":"La C\u00e1mara de Diputados provincial sancion\u00f3 la ley que limita las excarcelaciones","author":"Grupo Sierra","date":"13\/06\/2013","format":false,"excerpt":"El proyecto del gobernador Daniel Scioli y su ministro Ricardo Casal fue convertido en ley esta tarde. La nueva norma restringe la liberaci\u00f3n de aquellas personas que sean detenidas con armas de fuego ilegales e intenten fugarse eludiendo el accionar policial. Por otro lado, se se dio media sanci\u00f3n a\u2026","rel":"","context":"En \u00abProvincia\u00bb","block_context":{"text":"Provincia","link":"https:\/\/www.24baires.com\/?cat=40"},"img":{"alt_text":"","src":"","width":0,"height":0},"classes":[]}],"jetpack_sharing_enabled":true,"jetpack_likes_enabled":true,"_links":{"self":[{"href":"https:\/\/www.24baires.com\/index.php?rest_route=\/wp\/v2\/posts\/9306","targetHints":{"allow":["GET"]}}],"collection":[{"href":"https:\/\/www.24baires.com\/index.php?rest_route=\/wp\/v2\/posts"}],"about":[{"href":"https:\/\/www.24baires.com\/index.php?rest_route=\/wp\/v2\/types\/post"}],"author":[{"embeddable":true,"href":"https:\/\/www.24baires.com\/index.php?rest_route=\/wp\/v2\/users\/11"}],"replies":[{"embeddable":true,"href":"https:\/\/www.24baires.com\/index.php?rest_route=%2Fwp%2Fv2%2Fcomments&post=9306"}],"version-history":[{"count":2,"href":"https:\/\/www.24baires.com\/index.php?rest_route=\/wp\/v2\/posts\/9306\/revisions"}],"predecessor-version":[{"id":9308,"href":"https:\/\/www.24baires.com\/index.php?rest_route=\/wp\/v2\/posts\/9306\/revisions\/9308"}],"wp:attachment":[{"href":"https:\/\/www.24baires.com\/index.php?rest_route=%2Fwp%2Fv2%2Fmedia&parent=9306"}],"wp:term":[{"taxonomy":"category","embeddable":true,"href":"https:\/\/www.24baires.com\/index.php?rest_route=%2Fwp%2Fv2%2Fcategories&post=9306"},{"taxonomy":"post_tag","embeddable":true,"href":"https:\/\/www.24baires.com\/index.php?rest_route=%2Fwp%2Fv2%2Ftags&post=9306"}],"curies":[{"name":"wp","href":"https:\/\/api.w.org\/{rel}","templated":true}]}}