{"id":92972,"date":"2017-03-10T18:45:54","date_gmt":"2017-03-10T21:45:54","guid":{"rendered":"http:\/\/www.24baires.com\/?p=92972"},"modified":"2017-03-10T18:31:14","modified_gmt":"2017-03-10T21:31:14","slug":"mau-el-demoledor","status":"publish","type":"post","link":"https:\/\/www.24baires.com\/?p=92972","title":{"rendered":"Mau, el Demoledor"},"content":{"rendered":"<p><img data-recalc-dims=\"1\" loading=\"lazy\" decoding=\"async\" src=\"https:\/\/i0.wp.com\/www.24baires.com\/wp-content\/uploads\/2016\/09\/macri-onu.jpg?resize=560%2C373\" alt=\"\" width=\"560\" height=\"373\" class=\"aligncenter size-full wp-image-87769\" srcset=\"https:\/\/i0.wp.com\/www.24baires.com\/wp-content\/uploads\/2016\/09\/macri-onu.jpg?w=560&amp;ssl=1 560w, https:\/\/i0.wp.com\/www.24baires.com\/wp-content\/uploads\/2016\/09\/macri-onu.jpg?resize=300%2C200&amp;ssl=1 300w\" sizes=\"auto, (max-width: 560px) 100vw, 560px\" \/>\u00abLo que ustedes llaman aciertos, son errores,<br \/>\nlos que reconocen como errores, son cr\u00edmenes,<br \/>\n y lo que omiten, son calamidades\u00bb <\/p>\n<p>(Rodolfo Walsh)<!--more--><\/p>\n<p>Hay un cuento del enorme Cort\u00e1zar, uno de sus m\u00e1s afamados y conocidos, que se me representa en las escenas de la vida cotidiana, esta vida cascoteada por ladrones millonarios que no iban a venir a robar, \u00bfno?.<br \/>\nCasa tomada es una narraci\u00f3n que se presta a diversos an\u00e1lisis, pero que podr\u00edamos coincidir en describir, a grandes rasgos, como una historia donde hay algo o alguien que va acaparando partes de una casa, y sus habitantes se van recluyendo, temerosos y confusos, en los sitios que les quedan. Hasta que ya no les queda nada, y su casa ya no les pertenece.<br \/>\nY en eso estoy, encontr\u00e1ndonos en esas p\u00e1ginas, vi\u00e9ndonos ir de una habitaci\u00f3n a otra, cada vez m\u00e1s peque\u00f1a e inc\u00f3moda, cada vez m\u00e1s amuchados y desesperados. Refugi\u00e1ndonos en los rincones a los que aun no han llegado, escuchando el siniestro sonido que hacen, mientras se acercan.<br \/>\nA catorce meses de gobierno, han ido avanzando con la guada\u00f1a del hambre a todo un pueblo. Con un cinismo que estremece, nos han mentido con el descaro del ego\u00edsta, de quien tiene vedado el acceso a sentir por el otro. Y estos faltos de empat\u00eda, nos han ido descuartizando, atont\u00e1ndonos con esta volc\u00e1nica aniquilaci\u00f3n de nuestros derechos.<br \/>\nNos quitan la comida de la boca y nos dicen que es porque estuvo muy mal que nos acostumbr\u00e1ramos a comer. Y la culpa es nuestra, como el hambre. Y nos lo dicen con esa sonrisa hip\u00f3crita que saben portar, mientras de las comisuras les chorrea la sangre que nos acaban de chupar.<br \/>\n\u00bfSab\u00e9s d\u00f3nde mienten? Por ejemplo, en la Apertura de Sesiones Macri habl\u00f3. Dijo que conectar\u00e1n dos mil escuelas rurales a internet mediante el sat\u00e9lite ARSAT2 . Cuando \u00e9l hab\u00eda dicho que nunca vio \u201cun gobierno que malgaste tantos recursos: se tiran fibras \u00f3pticas que no hacen falta, se generan empresas satelitales que no funcionan y no rinden cuentas\u201d. Se refer\u00eda al kirchnerismo y, claro, \u00e9l estaba en campa\u00f1a.<br \/>\nLuego puso en duda en su discurso que hayan amenazado a Baradel, realizando, as\u00ed, uno de los actos m\u00e1s irresponsables que vi en mi vida en un funcionario p\u00fablico. Despu\u00e9s de eso, dijo que hay que terminar con los patrones que reproducen la violencia machista. \u00c9l, que dijo con toda la boca que a las mujeres les gusta que le digan \u00abqu\u00e9 lindo culo que ten\u00e9s\u00bb, por ejemplo, entre otras atrocidades, falacias e hipocres\u00edas.<br \/>\nEllos, este ato de empresarios que nos gobierna, dicen entender el dolor del pueblo. Pero le perdonan a sus amigos due\u00f1os de las empresas distribuidoras de energ\u00eda el\u00e9ctrica 19.000 millones de pesos, y con la cara endurecida por esa hipocres\u00eda que les brota de los poros, nos dicen que debemos pagar todos los aumentos con alegr\u00eda.<br \/>\nMintieron. Dijeron que era campa\u00f1a del miedo y nos quedamos cortos en denunciar lo que iban a hacer, pues estos meses han sido una monta\u00f1a rusa de terror, y en la vor\u00e1gine solo hemos perdido. Tenemos menos derechos que hace un a\u00f1o. Hay un mill\u00f3n y medio m\u00e1s de pobres y todav\u00eda hay que soportar el cinismo abusivo de escuchar como nos dicen que es nuestra culpa, que nos acostumbramos (y mal) a vivir mejor. No es s\u00f3lo que ellos no saben c\u00f3mo hacer para que el pueblo eleve su calidad de vida, es que no tienen ninguna intenci\u00f3n de que algo as\u00ed suceda. Nos quieren pobres, tristes, callados, revisando la basura que ellos descartan, mendigando una gota de esa copa que nunca derrama.<br \/>\nY capaz que vos los votaste, porque les cre\u00edste. O porque quer\u00edas que se fueran los que estaban y hoy no s\u00f3lo ves que est\u00e1 todo peor, sino que lo viv\u00eds. Te alcanza cada vez menos la plata, gente que conoc\u00e9s se queda sin laburo, ya no te sirve el verso de los \u00f1oquis. La realidad que te vendieron no exist\u00eda, ahora pod\u00e9s comprobarlo. Tambi\u00e9n pod\u00e9s tener memoria y no volver a votarlos.<br \/>\nTenemos que estar atentos y cuidarnos entre nosotros. Tenemos que cuidar las habitaciones de esta casa que est\u00e1n tomando, con la prepotencia del que s\u00f3lo sabe mirar al otro desde arriba. Tenemos que seguir en la calle, y que nadie nos mienta: es, fue y ser\u00e1 nuestra.<br \/>\nPorque ellos son la peste. Son el hambre. Son la muerte. Vinieron a quitarnos la comida de boca, a destruir la educaci\u00f3n p\u00fablica, a endeudarnos para toda la vida. A querer manchar los pa\u00f1uelos blancos, a meterse con la Memoria y la Verdad, como si ellos siquiera pudieran aspirar a alcanzar la suela de las pisadas que han dejado m\u00e1s de 40 a\u00f1os de lucha, marcando camino. Son todo lo malo de este mundo. Porque son los que le sacaron las cunitas a los beb\u00e9s y los remedios a los viejos. Nunca, nunca te olvides de eso.<\/p>\n","protected":false},"excerpt":{"rendered":"<p>\u00abLo que ustedes llaman aciertos, son errores, los que reconocen como errores, son cr\u00edmenes, y lo que omiten, son calamidades\u00bb (Rodolfo Walsh)<\/p>\n","protected":false},"author":8,"featured_media":0,"comment_status":"open","ping_status":"open","sticky":false,"template":"","format":"standard","meta":{"_jetpack_newsletter_access":"","_jetpack_dont_email_post_to_subs":false,"_jetpack_newsletter_tier_id":0,"_jetpack_memberships_contains_paywalled_content":false,"_jetpack_memberships_contains_paid_content":false,"footnotes":""},"categories":[64],"tags":[],"class_list":["post-92972","post","type-post","status-publish","format-standard","hentry","category-opinion"],"jetpack_featured_media_url":"","jetpack_shortlink":"https:\/\/wp.me\/p2JWE0-oby","jetpack-related-posts":[{"id":44309,"url":"https:\/\/www.24baires.com\/?p=44309","url_meta":{"origin":92972,"position":0},"title":"La &#8216;ni\u00f1a Loly&#8217; rompi\u00f3 el silencio y asegur\u00f3: \u00abno lo perdon\u00e9 a Jorge\u00bb","author":"GB","date":"20\/04\/2014","format":false,"excerpt":"Por primera vez, la modelo habl\u00f3 en los medios sobre la crisis que vive con el conductor de Intrusos. \"Terminemos con esta burda farsa\" dijo Mirtha Legrand a las diez y media de la noche cuando ya estaban sentados a su mesa los invitados. Pero se refer\u00eda especialmente a Mariana\u2026","rel":"","context":"En \u00abEspectaculos\u00bb","block_context":{"text":"Espectaculos","link":"https:\/\/www.24baires.com\/?cat=41"},"img":{"alt_text":"ni\u00f1a loly","src":"https:\/\/i0.wp.com\/www.24baires.com\/wp-content\/uploads\/2014\/04\/ni%C3%B1a-loly.jpg?resize=350%2C200","width":350,"height":200,"srcset":"https:\/\/i0.wp.com\/www.24baires.com\/wp-content\/uploads\/2014\/04\/ni%C3%B1a-loly.jpg?resize=350%2C200 1x, https:\/\/i0.wp.com\/www.24baires.com\/wp-content\/uploads\/2014\/04\/ni%C3%B1a-loly.jpg?resize=525%2C300 1.5x"},"classes":[]},{"id":102181,"url":"https:\/\/www.24baires.com\/?p=102181","url_meta":{"origin":92972,"position":1},"title":"Todo pasa, nos destruye, y se va","author":"AF","date":"16\/05\/2018","format":false,"excerpt":"La inminencia de un desastre agita los d\u00edas con las r\u00e1fagas poderosas de un d\u00f3lar que desborda al gobierno y desnuda su incapacidad para estabilizar la econom\u00eda. Cuando reci\u00e9n asumieron, ten\u00edamos que confiar en el Cambio, en el l\u00edder ben\u00e9fico de ojos azules que era rico, por eso no iba\u2026","rel":"","context":"En \u00abOpini\u00f3n\u00bb","block_context":{"text":"Opini\u00f3n","link":"https:\/\/www.24baires.com\/?cat=64"},"img":{"alt_text":"","src":"https:\/\/i0.wp.com\/www.24baires.com\/wp-content\/uploads\/2018\/05\/macri.jpg?resize=350%2C200","width":350,"height":200,"srcset":"https:\/\/i0.wp.com\/www.24baires.com\/wp-content\/uploads\/2018\/05\/macri.jpg?resize=350%2C200 1x, https:\/\/i0.wp.com\/www.24baires.com\/wp-content\/uploads\/2018\/05\/macri.jpg?resize=525%2C300 1.5x"},"classes":[]},{"id":112608,"url":"https:\/\/www.24baires.com\/?p=112608","url_meta":{"origin":92972,"position":2},"title":"La lucha colectiva","author":"AF","date":"23\/10\/2019","format":false,"excerpt":"\u201cComo un rayo, para siempre. Para lo que fue y ser\u00e1\u201d Fito P\u00e1ez No necesito concentrarme para recordar la angustia, la desesperaci\u00f3n de finales de 2015. Porque todav\u00eda las injusticias se repiten con horror, y porque ba\u00f1aron de angustia la superficie de todas las cosas. La amargura de saber que\u2026","rel":"","context":"En \u00abOpini\u00f3n\u00bb","block_context":{"text":"Opini\u00f3n","link":"https:\/\/www.24baires.com\/?cat=64"},"img":{"alt_text":"","src":"https:\/\/i0.wp.com\/www.24baires.com\/wp-content\/uploads\/2019\/10\/cristina-raverta-axel.jpg?resize=350%2C200","width":350,"height":200,"srcset":"https:\/\/i0.wp.com\/www.24baires.com\/wp-content\/uploads\/2019\/10\/cristina-raverta-axel.jpg?resize=350%2C200 1x, https:\/\/i0.wp.com\/www.24baires.com\/wp-content\/uploads\/2019\/10\/cristina-raverta-axel.jpg?resize=525%2C300 1.5x"},"classes":[]},{"id":20844,"url":"https:\/\/www.24baires.com\/?p=20844","url_meta":{"origin":92972,"position":3},"title":"Petrocini revela que llegan cientos de quejas por irregularidades en liquidaciones a docentes y Provincia lo reconoce","author":"Grupo Sierra","date":"12\/04\/2013","format":false,"excerpt":"Luego de la solicitud que realiz\u00f3 este viernes la FEB junto al Frente Gremial, pidiendo una inmediata reuni\u00f3n por reiteradas deudas en sueldos y liquidaciones incorrectas, Mirta Petrocini destac\u00f3 que \u201ccada irregularidad del gobierno termine impactando en el flaco bolsillo de los docentes\u201d. Mientras tanto la Direcci\u00f3n de Cultura y\u2026","rel":"","context":"En \u00abProvincia\u00bb","block_context":{"text":"Provincia","link":"https:\/\/www.24baires.com\/?cat=40"},"img":{"alt_text":"","src":"","width":0,"height":0},"classes":[]},{"id":107613,"url":"https:\/\/www.24baires.com\/?p=107613","url_meta":{"origin":92972,"position":4},"title":"Bullrich reconoci\u00f3 que \u00abhay m\u00e1s pobres y menos clase media\u00bb","author":"AF","date":"10\/04\/2019","format":false,"excerpt":"Durante una disertaci\u00f3n en el Rotary Club, la ministra de Seguridad, Patricia Bullrich, les reclam\u00f3 a los presentes un apoyo expl\u00edcito a la actual gesti\u00f3n \"sin mirar la coyuntura\". \"Si ustedes no nos acompa\u00f1an, la Argentina vuelve al 70 por ciento de inflaci\u00f3n\", amenaz\u00f3. \"Cada vez hay m\u00e1s pobres, menos\u2026","rel":"","context":"En \u00abPol\u00edtica\u00bb","block_context":{"text":"Pol\u00edtica","link":"https:\/\/www.24baires.com\/?cat=51"},"img":{"alt_text":"","src":"https:\/\/i0.wp.com\/www.24baires.com\/wp-content\/uploads\/2017\/09\/bullrich.jpg?resize=350%2C200","width":350,"height":200,"srcset":"https:\/\/i0.wp.com\/www.24baires.com\/wp-content\/uploads\/2017\/09\/bullrich.jpg?resize=350%2C200 1x, https:\/\/i0.wp.com\/www.24baires.com\/wp-content\/uploads\/2017\/09\/bullrich.jpg?resize=525%2C300 1.5x"},"classes":[]},{"id":65977,"url":"https:\/\/www.24baires.com\/?p=65977","url_meta":{"origin":92972,"position":5},"title":"Chiche Duhalde: \u00abLas chicas se embarazan para tener un plan social\u00bb","author":"AF","date":"15\/05\/2015","format":false,"excerpt":"\"En las unidades sanitarias, algunas obstetras me cuentan que las chicas dicen: 'Estamos haciendo salario', porque le van a dar 400 pesos'\", agreg\u00f3 la ex senadora. La ex senadora Chiche Duhalde asegur\u00f3 anoche en di\u00e1logo con Dady Brieva por CN23 que \"aunque parezca mentira\" las chicas de 12 o 13\u2026","rel":"","context":"En \u00abPol\u00edtica\u00bb","block_context":{"text":"Pol\u00edtica","link":"https:\/\/www.24baires.com\/?cat=51"},"img":{"alt_text":"Hilda Chiche Duhalde2","src":"https:\/\/i0.wp.com\/www.24baires.com\/wp-content\/uploads\/2014\/09\/Hilda-Chiche-Duhalde2.jpg?resize=350%2C200","width":350,"height":200,"srcset":"https:\/\/i0.wp.com\/www.24baires.com\/wp-content\/uploads\/2014\/09\/Hilda-Chiche-Duhalde2.jpg?resize=350%2C200 1x, https:\/\/i0.wp.com\/www.24baires.com\/wp-content\/uploads\/2014\/09\/Hilda-Chiche-Duhalde2.jpg?resize=525%2C300 1.5x"},"classes":[]}],"jetpack_sharing_enabled":true,"jetpack_likes_enabled":true,"_links":{"self":[{"href":"https:\/\/www.24baires.com\/index.php?rest_route=\/wp\/v2\/posts\/92972","targetHints":{"allow":["GET"]}}],"collection":[{"href":"https:\/\/www.24baires.com\/index.php?rest_route=\/wp\/v2\/posts"}],"about":[{"href":"https:\/\/www.24baires.com\/index.php?rest_route=\/wp\/v2\/types\/post"}],"author":[{"embeddable":true,"href":"https:\/\/www.24baires.com\/index.php?rest_route=\/wp\/v2\/users\/8"}],"replies":[{"embeddable":true,"href":"https:\/\/www.24baires.com\/index.php?rest_route=%2Fwp%2Fv2%2Fcomments&post=92972"}],"version-history":[{"count":1,"href":"https:\/\/www.24baires.com\/index.php?rest_route=\/wp\/v2\/posts\/92972\/revisions"}],"predecessor-version":[{"id":92973,"href":"https:\/\/www.24baires.com\/index.php?rest_route=\/wp\/v2\/posts\/92972\/revisions\/92973"}],"wp:attachment":[{"href":"https:\/\/www.24baires.com\/index.php?rest_route=%2Fwp%2Fv2%2Fmedia&parent=92972"}],"wp:term":[{"taxonomy":"category","embeddable":true,"href":"https:\/\/www.24baires.com\/index.php?rest_route=%2Fwp%2Fv2%2Fcategories&post=92972"},{"taxonomy":"post_tag","embeddable":true,"href":"https:\/\/www.24baires.com\/index.php?rest_route=%2Fwp%2Fv2%2Ftags&post=92972"}],"curies":[{"name":"wp","href":"https:\/\/api.w.org\/{rel}","templated":true}]}}