{"id":92461,"date":"2017-02-16T20:00:19","date_gmt":"2017-02-16T23:00:19","guid":{"rendered":"http:\/\/www.24baires.com\/?p=92461"},"modified":"2017-02-16T19:42:38","modified_gmt":"2017-02-16T22:42:38","slug":"vuelve-la-noche-de-los-teatros-a-mar-del-plata","status":"publish","type":"post","link":"https:\/\/www.24baires.com\/?p=92461","title":{"rendered":"Vuelve la \u201cNoche de los teatros\u201d a Mar del Plata"},"content":{"rendered":"<p><img data-recalc-dims=\"1\" loading=\"lazy\" decoding=\"async\" src=\"https:\/\/i0.wp.com\/www.24baires.com\/wp-content\/uploads\/2016\/06\/teatro-mdp.jpg?resize=560%2C313\" alt=\"\" width=\"560\" height=\"313\" class=\"aligncenter size-full wp-image-83618\" srcset=\"https:\/\/i0.wp.com\/www.24baires.com\/wp-content\/uploads\/2016\/06\/teatro-mdp.jpg?w=560&amp;ssl=1 560w, https:\/\/i0.wp.com\/www.24baires.com\/wp-content\/uploads\/2016\/06\/teatro-mdp.jpg?resize=300%2C168&amp;ssl=1 300w\" sizes=\"auto, (max-width: 560px) 100vw, 560px\" \/>Se entregar\u00e1n 29 mil entradas gratuitas para 120 espect\u00e1culos, 20 espacios recreativos y dos cines. Se realizar\u00e1 del 20 al 24 de febrero<!--more--><\/p>\n<p>Por segundo a\u00f1o consecutivo, los marplatenses tendr\u00e1n la oportunidad de asistir gratis al teatro o a distintas actividades recreativas en la \u201cNoche de los Teatros y la Recreaci\u00f3n\u201d. Este a\u00f1o se realizar\u00e1 del lunes 20 al viernes 24 de febrero y seg\u00fan anunciaron desde la Secretar\u00eda de Cultura, se entregar\u00e1n 29 mil entradas gratuitas para 120 espect\u00e1culos, 20 espacios recreativos y los complejos de cine Ambassador y Cinema Shopping Los Gallegos.<\/p>\n<p>La entrega se realizar\u00e1 el lunes 20 a partir de las 10 en el Estadio Polideportivo \u201cIslas Malvinas\u201d -Juan B. Justo 3525-. Se asignar\u00e1 dos tickets por persona mayor de 18 a\u00f1os. A su vez, para adquirir las localidades, los interesados deber\u00e1n presentar su DNI o DNI Cultural que acredite domicilio en Mar del Plata. Ser\u00e1 hasta agotar stock.<\/p>\n<p>Esta iniciativa consiste en la puesta en marcha de una jornada de espacios y teatros abiertos con el fin de facilitar el acceso de la comunidad a propuestas culturales de nivel y calidad. As\u00ed tambi\u00e9n de las diferentes atracciones que ofrece la ciudad de manera gratuita para el residente marplatense y batanense.<\/p>\n<p>De este modo se estimula el consumo de nuestros bienes culturales y se invita a la comunidad a que se acerquen a conocer el trabajo de artistas profesionales que desarrollan espect\u00e1culos de calidad alentando a la concurrencia a participar activamente de la puesta en valor del crecimiento cultural de nuestra ciudad.<\/p>\n<p>Este a\u00f1o participar\u00e1n 120 obras teatrales y espect\u00e1culos musicales en las que se incluye tambi\u00e9n propuestas art\u00edsticas que pertenecen al teatro independiente que dan cuenta de la gran actividad esc\u00e9nica que se desarrolla en la ciudad, 20 espacios recreativos para disfrutar el d\u00eda en familia y se suman los complejos de cine Ambassador y Cinema Shopping Los Gallegos.<\/p>\n","protected":false},"excerpt":{"rendered":"<p>Se entregar\u00e1n 29 mil entradas gratuitas para 120 espect\u00e1culos, 20 espacios recreativos y dos cines. Se realizar\u00e1 del 20 al 24 de febrero<\/p>\n","protected":false},"author":8,"featured_media":0,"comment_status":"open","ping_status":"open","sticky":false,"template":"","format":"standard","meta":{"_jetpack_newsletter_access":"","_jetpack_dont_email_post_to_subs":false,"_jetpack_newsletter_tier_id":0,"_jetpack_memberships_contains_paywalled_content":false,"_jetpack_memberships_contains_paid_content":false,"footnotes":""},"categories":[41],"tags":[],"class_list":["post-92461","post","type-post","status-publish","format-standard","hentry","category-espectaculos"],"jetpack_featured_media_url":"","jetpack_shortlink":"https:\/\/wp.me\/p2JWE0-o3j","jetpack-related-posts":[{"id":11766,"url":"https:\/\/www.24baires.com\/?p=11766","url_meta":{"origin":92461,"position":0},"title":"Presentan propuestas de Pakapaka en el Festival de Teatro Infantil de Necochea","author":"Grupo Sierra","date":"10\/01\/2013","format":false,"excerpt":"El secretario de Educaci\u00f3n de la Naci\u00f3n, Jaime Perczyk, lanza hoy jueves junto al Intendente de Necochea, Horacio Tellechea, a las 18 en el parque municipal Miguel Lillo de esa ciudad, las propuestas de actividades recreativas y espect\u00e1culos con entrada libre y gratuita, organizadas por la se\u00f1al infantil Pakapaka, en\u2026","rel":"","context":"En \u00abSociedad\u00bb","block_context":{"text":"Sociedad","link":"https:\/\/www.24baires.com\/?cat=1"},"img":{"alt_text":"pakapakachuikuchis","src":"https:\/\/i0.wp.com\/www.24baires.com\/wp-content\/uploads\/2013\/01\/pakapakachuikuchis.jpg?resize=350%2C200","width":350,"height":200},"classes":[]},{"id":29010,"url":"https:\/\/www.24baires.com\/?p=29010","url_meta":{"origin":92461,"position":1},"title":"Actividades y transporte gratuitos en el \u00faltimo d\u00eda de vacaciones en La Plata","author":"AF","date":"27\/07\/2013","format":false,"excerpt":"La municipalidad de La Plata ofrecer\u00e1 para el pr\u00f3ximo domingo 28, \u00faltimo d\u00eda de las vacaciones de invierno, la entrada gratis a todos los paseos p\u00fablicos de la ciudad, oferta que ser\u00e1 acompa\u00f1ada por viajes en micro gratuitos para posibilitar el traslado a los distintos destinos. De esta manera, se\u2026","rel":"","context":"En \u00abLocales\u00bb","block_context":{"text":"Locales","link":"https:\/\/www.24baires.com\/?cat=38"},"img":{"alt_text":"catedral-de-la-plata","src":"https:\/\/i0.wp.com\/www.24baires.com\/wp-content\/uploads\/2013\/01\/catedral-de-la-plata.jpg?resize=350%2C200","width":350,"height":200,"srcset":"https:\/\/i0.wp.com\/www.24baires.com\/wp-content\/uploads\/2013\/01\/catedral-de-la-plata.jpg?resize=350%2C200 1x, https:\/\/i0.wp.com\/www.24baires.com\/wp-content\/uploads\/2013\/01\/catedral-de-la-plata.jpg?resize=525%2C300 1.5x"},"classes":[]},{"id":57006,"url":"https:\/\/www.24baires.com\/?p=57006","url_meta":{"origin":92461,"position":2},"title":"Comenz\u00f3 la octava feria del libro de Florencio Varela","author":"GB","date":"12\/11\/2014","format":false,"excerpt":"El evento tendr\u00e1 la entrada libre y gratuita y habr\u00e1 diversas actividades, como debates, conferencias, talleres participativos, presentaciones de libros, capacitaciones, caf\u00e9 literario y actividades educativas-recreativas. Adem\u00e1s, se estar\u00e1n presentando Osvaldo Bayer, Dar\u00edo Sztajnszrajber y Rocambole. La octava Feria del Libro de Florencio Varela comenz\u00f3 ayer y se llevar\u00e1 a\u2026","rel":"","context":"En \u00abSociedad\u00bb","block_context":{"text":"Sociedad","link":"https:\/\/www.24baires.com\/?cat=1"},"img":{"alt_text":"feria del libro fv","src":"https:\/\/i0.wp.com\/www.24baires.com\/wp-content\/uploads\/2014\/11\/feria-del-libro-fv.jpg?resize=350%2C200","width":350,"height":200,"srcset":"https:\/\/i0.wp.com\/www.24baires.com\/wp-content\/uploads\/2014\/11\/feria-del-libro-fv.jpg?resize=350%2C200 1x, https:\/\/i0.wp.com\/www.24baires.com\/wp-content\/uploads\/2014\/11\/feria-del-libro-fv.jpg?resize=525%2C300 1.5x"},"classes":[]},{"id":4828,"url":"https:\/\/www.24baires.com\/?p=4828","url_meta":{"origin":92461,"position":3},"title":"Tandil Cortos: Comienza la competencia oficial","author":"Grupo Sierra","date":"09\/11\/2012","format":false,"excerpt":"En la novena edici\u00f3n del ya cl\u00e1sico encuentro en Tandil, 49 cortos competir\u00e1n por \"El Ojo de Piedra\". Muestras, actividades especiales y distinciones a importantes personalidades del cine ser\u00e1n parte de Tandil Cortos 2012. Este viernes a las 20, se llevar\u00e1 a cabo la ceremonia de apertura del 9\u00ba TANDIL\u2026","rel":"","context":"En \u00abLocales\u00bb","block_context":{"text":"Locales","link":"https:\/\/www.24baires.com\/?cat=38"},"img":{"alt_text":"","src":"","width":0,"height":0},"classes":[]},{"id":17431,"url":"https:\/\/www.24baires.com\/?p=17431","url_meta":{"origin":92461,"position":4},"title":"\u00abEn Mar Chiquita juntamos m\u00e1s basura, lo que quiere decir que la gente consume\u00bb","author":"AF","date":"04\/03\/2013","format":false,"excerpt":"El intendente de Mar Chiquita, Jorge Paredi, resalt\u00f3 los resultados obtenidos en relaci\u00f3n al turismo y remarc\u00f3 que \u201cel movimiento de los cajeros de los Bancos Naci\u00f3n y Provincia, fue muy superior al a\u00f1o pasado\u201d. El jefe comunal de Mar Chiquita, expres\u00f3 que la temporada fue \u201cmuy buena, con gran\u2026","rel":"","context":"En \u00abLocales\u00bb","block_context":{"text":"Locales","link":"https:\/\/www.24baires.com\/?cat=38"},"img":{"alt_text":"jorge paredi","src":"https:\/\/i0.wp.com\/www.24baires.com\/wp-content\/uploads\/2013\/03\/jorge-paredi.jpg?resize=350%2C200","width":350,"height":200},"classes":[]},{"id":9013,"url":"https:\/\/www.24baires.com\/?p=9013","url_meta":{"origin":92461,"position":5},"title":"\u00bfQu\u00e9 hacer el fin de semana en la Provincia?","author":"Grupo Sierra","date":"13\/12\/2012","format":false,"excerpt":"Fiestas tradicionales, eventos deportivos y shows musicales abiertos a todo p\u00fablico son algunas de las propuestas que se destacan para este fin de semana en las distintas localidades bonaerenses, desde la Matanza a Sierra de la Ventana.\u00a0 *M\u00fasica Distintos g\u00e9neros y estilos musicales se ofrecen este fin de semana para\u2026","rel":"","context":"En \u00abSociedad\u00bb","block_context":{"text":"Sociedad","link":"https:\/\/www.24baires.com\/?cat=1"},"img":{"alt_text":"","src":"https:\/\/i0.wp.com\/www.24baires.com\/wp-content\/uploads\/2012\/12\/finde-turismo.png?resize=350%2C200","width":350,"height":200,"srcset":"https:\/\/i0.wp.com\/www.24baires.com\/wp-content\/uploads\/2012\/12\/finde-turismo.png?resize=350%2C200 1x, https:\/\/i0.wp.com\/www.24baires.com\/wp-content\/uploads\/2012\/12\/finde-turismo.png?resize=525%2C300 1.5x"},"classes":[]}],"jetpack_sharing_enabled":true,"jetpack_likes_enabled":true,"_links":{"self":[{"href":"https:\/\/www.24baires.com\/index.php?rest_route=\/wp\/v2\/posts\/92461","targetHints":{"allow":["GET"]}}],"collection":[{"href":"https:\/\/www.24baires.com\/index.php?rest_route=\/wp\/v2\/posts"}],"about":[{"href":"https:\/\/www.24baires.com\/index.php?rest_route=\/wp\/v2\/types\/post"}],"author":[{"embeddable":true,"href":"https:\/\/www.24baires.com\/index.php?rest_route=\/wp\/v2\/users\/8"}],"replies":[{"embeddable":true,"href":"https:\/\/www.24baires.com\/index.php?rest_route=%2Fwp%2Fv2%2Fcomments&post=92461"}],"version-history":[{"count":1,"href":"https:\/\/www.24baires.com\/index.php?rest_route=\/wp\/v2\/posts\/92461\/revisions"}],"predecessor-version":[{"id":92462,"href":"https:\/\/www.24baires.com\/index.php?rest_route=\/wp\/v2\/posts\/92461\/revisions\/92462"}],"wp:attachment":[{"href":"https:\/\/www.24baires.com\/index.php?rest_route=%2Fwp%2Fv2%2Fmedia&parent=92461"}],"wp:term":[{"taxonomy":"category","embeddable":true,"href":"https:\/\/www.24baires.com\/index.php?rest_route=%2Fwp%2Fv2%2Fcategories&post=92461"},{"taxonomy":"post_tag","embeddable":true,"href":"https:\/\/www.24baires.com\/index.php?rest_route=%2Fwp%2Fv2%2Ftags&post=92461"}],"curies":[{"name":"wp","href":"https:\/\/api.w.org\/{rel}","templated":true}]}}