{"id":9246,"date":"2012-12-15T16:27:37","date_gmt":"2012-12-15T19:27:37","guid":{"rendered":"http:\/\/www.24baires.com\/?p=9246"},"modified":"2012-12-15T16:28:14","modified_gmt":"2012-12-15T19:28:14","slug":"nuevo-formulario-para-denuncias-de-violencia-familiar-sera-implementado-en-la-provincia","status":"publish","type":"post","link":"https:\/\/www.24baires.com\/?p=9246","title":{"rendered":"Nuevo formulario para denuncias de violencia familiar ser\u00e1 implementado en la Provincia"},"content":{"rendered":"<p>Un formulario espec\u00edfico para la recepci\u00f3n de denuncias por violencia familiar se implementar\u00e1 en todas las comisar\u00edas bonaerenses a partir del 1 de enero de 2013, tras la firma de un convenio entre la Suprema Corte de Justicia y el Ministerio de Seguridad de esa provincia.<!--more--><br \/>\nEl objetivo del nuevo formulario es \u00abfacilitar el acceso a la justicia de las v\u00edctimas y agilizar la adopci\u00f3n de las medidas m\u00e1s urgentes\u00bb, asegur\u00f3 un comunicado de la Suprema Corte bonaerense.<br \/>\nEl formulario, de f\u00e1cil manejo y de uso obligatorio, permitir\u00e1 que los Tribunales y Juzgados de Familia y de Paz que deban intervenir a partir de este tipo de denuncias, puedan contar desde un comienzo con datos y elementos de juicio que agilicen la adopci\u00f3n de medidas en beneficio de las v\u00edctimas de violencia familiar.<br \/>\nEl convenio, por el que regir\u00e1 el nuevo formulario en todo el territorio de la provincia de Buenos Aires, que es el \u00e1mbito en donde se produce la mayor cantidad de denuncias por violencia familiar, fue suscripto por el presidente de la Corte Suprema de Justicia bonaerense, Eduardo N\u00e9stor de Lazzari, y Ricardo Casal, titular del Ministerio de Justicia y Seguridad.<\/p>\n<p>\u00abTenemos la aspiraci\u00f3n permanente de mejorar la prestaci\u00f3n de necesidades b\u00e1sicas, elementales y m\u00ednimas en materia de violencia familiar, un tema que a todos nos preocupa mucho\u00bb, asegur\u00f3 Lazzari tras el acto de firmas realizado en la Corte.<br \/>\n\u00abPor eso -enfatiz\u00f3- creo que este convenio de mutua colaboraci\u00f3n va a generar resultados positivos en ese sentido\u00bb.<br \/>\nPor su parte, Casal consider\u00f3 \u00ab\u00fatil, necesaria y eficiente\u00bb esta nueva herramienta, y destac\u00f3 que \u00abla Provincia ha puesto proa respecto de la violencia de g\u00e9nero, la igualdad de g\u00e9nero, la trata de personas\u00bb.<\/p>\n<p>En este sentido, el ministro a\u00f1adi\u00f3 que \u00abtodo lo referido a esta problem\u00e1tica ha tenido una actividad muy intensa este a\u00f1o; culminarlo con este formulario \u00fanico aplicado por la Justicia y por las \u00e1reas policiales que tomen la denuncia es marcar un avance en el ordenamiento administrativo y facilitar la gesti\u00f3n\u00bb.<br \/>\nEl formulario \u00fanico para casos de violencia familiar est\u00e1 confeccionado en base a un listado estandarizado de preguntas en las que se tuvo en cuenta una perspectiva de g\u00e9nero y la atenci\u00f3n de grupos vulnerables.<\/p>\n<p>Asimismo, el formulario contempla informaci\u00f3n precisa para localizar a la v\u00edctima as\u00ed como identificar otras v\u00edctimas del mismo grupo familiar y las circunstancias determinantes que acrecentar\u00edan la vulnerabilidad.<br \/>\nTambi\u00e9n se incorporan datos en cuanto al agresor que tienden a facilitar la evaluaci\u00f3n preliminar del riesgo tales como si consume estupefacientes, si es alcoh\u00f3lico, si tiene armas o si es jugador compulsivo.<\/p>\n<p>El formulario cuenta, adem\u00e1s, con un apartado para incorporar otras referencias m\u00e1s all\u00e1 del hecho puntual denunciado, como por ejemplo la frecuencia de los actos de violencia, el aumento de la frecuencia en los \u00faltimos dos meses y el tipo de violencia ejercida, si fue f\u00edsica, psicol\u00f3gica-emocional, econ\u00f3mica-patrimonial o sexual.<br \/>\nAsimismo, se acord\u00f3 la elaboraci\u00f3n conjunta de material informativo destinado a la v\u00edctima en donde sucintamente y con vocabulario accesible se enumeren los derechos que le asisten, tel\u00e9fonos \u00fatiles, datos del Juzgado d\u00f3nde tramitar\u00e1 la denuncia y aquellos que hacen a la asistencia jur\u00eddica gratuita.<\/p>\n<p>&nbsp;<\/p>\n<p>&nbsp;<\/p>\n<p>&nbsp;<\/p>\n<p>&nbsp;<\/p>\n","protected":false},"excerpt":{"rendered":"<p>Un formulario espec\u00edfico para la recepci\u00f3n de denuncias por violencia familiar se implementar\u00e1 en todas las comisar\u00edas bonaerenses a partir del 1 de enero de 2013, tras la firma de un convenio entre la Suprema Corte de Justicia y el Ministerio de Seguridad de esa provincia.<\/p>\n","protected":false},"author":11,"featured_media":0,"comment_status":"open","ping_status":"open","sticky":false,"template":"","format":"standard","meta":{"_jetpack_newsletter_access":"","_jetpack_dont_email_post_to_subs":false,"_jetpack_newsletter_tier_id":0,"_jetpack_memberships_contains_paywalled_content":false,"_jetpack_memberships_contains_paid_content":false,"footnotes":""},"categories":[40],"tags":[],"class_list":["post-9246","post","type-post","status-publish","format-standard","hentry","category-provincia"],"jetpack_featured_media_url":"","jetpack_shortlink":"https:\/\/wp.me\/p2JWE0-2p8","jetpack-related-posts":[{"id":114220,"url":"https:\/\/www.24baires.com\/?p=114220","url_meta":{"origin":9246,"position":0},"title":"Comenz\u00f3 el jury por acoso sexual y violencia laboral contra el juez Claudio Garc\u00eda","author":"GB","date":"26\/02\/2020","format":false,"excerpt":"\u201cEste es un caso in\u00e9dito porque nunca antes en la Provincia hab\u00eda llegado un magistrado a un jury por acosos sexual\u201d, revelaron desde la Asociaci\u00f3n Judicial Bonaerense Tras la denuncia contra el suspendido juez de Familia de Olavarr\u00eda, Claudio Garc\u00eda, este mi\u00e9rcoles comenz\u00f3 el debate oral del proceso de enjuiciamiento\u2026","rel":"","context":"En \u00abJUDICIALES\u00bb","block_context":{"text":"JUDICIALES","link":"https:\/\/www.24baires.com\/?cat=68"},"img":{"alt_text":"","src":"https:\/\/i0.wp.com\/www.24baires.com\/wp-content\/uploads\/2020\/02\/juez-garcia.jpg?resize=350%2C200","width":350,"height":200,"srcset":"https:\/\/i0.wp.com\/www.24baires.com\/wp-content\/uploads\/2020\/02\/juez-garcia.jpg?resize=350%2C200 1x, https:\/\/i0.wp.com\/www.24baires.com\/wp-content\/uploads\/2020\/02\/juez-garcia.jpg?resize=525%2C300 1.5x"},"classes":[]},{"id":115415,"url":"https:\/\/www.24baires.com\/?p=115415","url_meta":{"origin":9246,"position":1},"title":"La Suprema Corte orden\u00f3 iniciar causas de manera electr\u00f3nica en la Provincia","author":"GB","date":"22\/06\/2020","format":false,"excerpt":"La medida alcanza a los fueros Civil y Comercial, Familia, Laboral, Contencioso Administrativo y Juzgados de Paz. La Suprema Corte de Justicia de la provincia de Buenos Aires resolvi\u00f3 implementar un r\u00e9gimen de ingreso, recepci\u00f3n y posterior distribuci\u00f3n diaria por medios electr\u00f3nicos de todas las causas correspondientes a los fueros\u2026","rel":"","context":"En \u00abProvincia\u00bb","block_context":{"text":"Provincia","link":"https:\/\/www.24baires.com\/?cat=40"},"img":{"alt_text":"","src":"https:\/\/i0.wp.com\/www.24baires.com\/wp-content\/uploads\/2020\/06\/corte-bonaerense.jpg?resize=350%2C200","width":350,"height":200,"srcset":"https:\/\/i0.wp.com\/www.24baires.com\/wp-content\/uploads\/2020\/06\/corte-bonaerense.jpg?resize=350%2C200 1x, https:\/\/i0.wp.com\/www.24baires.com\/wp-content\/uploads\/2020\/06\/corte-bonaerense.jpg?resize=525%2C300 1.5x"},"classes":[]},{"id":113299,"url":"https:\/\/www.24baires.com\/?p=113299","url_meta":{"origin":9246,"position":2},"title":"Avanza el jury contra la jueza que trat\u00f3 de \u201ctarada\u201d a v\u00edctima de violencia machista","author":"GB","date":"08\/12\/2019","format":false,"excerpt":"Se trata de Julieta Ormaechea, quien fue separada de su cargo como titular del juzgado de Paz de San Vicente El Jurado de Enjuiciamiento de magistrados de la provincia de Buenos Aires separ\u00f3 del cargo a la jueza de Paz de San Vicente, Julieta Ormaechea, quien tom\u00f3 trascendencia p\u00fablica por\u2026","rel":"","context":"En \u00abPol\u00edtica\u00bb","block_context":{"text":"Pol\u00edtica","link":"https:\/\/www.24baires.com\/?cat=51"},"img":{"alt_text":"","src":"https:\/\/i0.wp.com\/www.24baires.com\/wp-content\/uploads\/2019\/12\/jury.jpg?resize=350%2C200","width":350,"height":200,"srcset":"https:\/\/i0.wp.com\/www.24baires.com\/wp-content\/uploads\/2019\/12\/jury.jpg?resize=350%2C200 1x, https:\/\/i0.wp.com\/www.24baires.com\/wp-content\/uploads\/2019\/12\/jury.jpg?resize=525%2C300 1.5x"},"classes":[]},{"id":52576,"url":"https:\/\/www.24baires.com\/?p=52576","url_meta":{"origin":9246,"position":3},"title":"Una jueza propone modificar el formulario de divorcio por ser \u00abdiscriminatorio\u00bb","author":"GB","date":"27\/08\/2014","format":false,"excerpt":"La jueza Mar\u00eda Laura Dump\u00e9, titular del Juzgado de Familia 7 de Viedma, dict\u00f3 el divorcio vincular de un matrimonio igualitario de mujeres, unidas legalmente en esta capital en 2010, y propuso modificar el formulario inicial del tr\u00e1mite correspondiente porque contiene \u201clenguaje discriminatorio\u201d. La jueza Mar\u00eda Laura Dump\u00e9, titular del\u2026","rel":"","context":"En \u00abSociedad\u00bb","block_context":{"text":"Sociedad","link":"https:\/\/www.24baires.com\/?cat=1"},"img":{"alt_text":"","src":"","width":0,"height":0},"classes":[]},{"id":117762,"url":"https:\/\/www.24baires.com\/?p=117762","url_meta":{"origin":9246,"position":4},"title":"La Corte cre\u00f3 un registro para el ingreso de personas trans al poder judicial","author":"GB","date":"15\/06\/2021","format":false,"excerpt":"Se implementar\u00e1 a trav\u00e9s de la web del m\u00e1ximo tribunal bonaerense y tiene como objetivo garantizar la igualdad de oportunidades La Suprema Corte de Justicia bonaerense cre\u00f3 el \"Registro de aspirantes a ingresar al Poder Judicial de la Provincia de Buenos Aires, en el marco de la Ley N\u00ba 14783\",\u2026","rel":"","context":"En \u00abSociedad\u00bb","block_context":{"text":"Sociedad","link":"https:\/\/www.24baires.com\/?cat=1"},"img":{"alt_text":"","src":"https:\/\/i0.wp.com\/www.24baires.com\/wp-content\/uploads\/2013\/10\/suprema-corte.jpg?resize=350%2C200","width":350,"height":200,"srcset":"https:\/\/i0.wp.com\/www.24baires.com\/wp-content\/uploads\/2013\/10\/suprema-corte.jpg?resize=350%2C200 1x, https:\/\/i0.wp.com\/www.24baires.com\/wp-content\/uploads\/2013\/10\/suprema-corte.jpg?resize=525%2C300 1.5x"},"classes":[]},{"id":81498,"url":"https:\/\/www.24baires.com\/?p=81498","url_meta":{"origin":9246,"position":5},"title":"Piden un registro de femicidios para la Justicia bonaerense","author":"GB","date":"15\/04\/2016","format":false,"excerpt":"La iniciativa pretende sistematizar los datos sobre v\u00edctimas y agresores para dise\u00f1ar pol\u00edticas p\u00fablicas acordes a la problem\u00e1tica. El proyecto fue presentado por el bloque del PJ en el Senado. Ante la ausencia de datos sobre femicidios en la provincia de Buenos Aires, donde por informes de ONGs se sabe\u2026","rel":"","context":"En \u00abProvincia\u00bb","block_context":{"text":"Provincia","link":"https:\/\/www.24baires.com\/?cat=40"},"img":{"alt_text":"contra violencia de genero","src":"https:\/\/i0.wp.com\/www.24baires.com\/wp-content\/uploads\/2016\/04\/contra-violencia-de-genero.jpg?resize=350%2C200","width":350,"height":200,"srcset":"https:\/\/i0.wp.com\/www.24baires.com\/wp-content\/uploads\/2016\/04\/contra-violencia-de-genero.jpg?resize=350%2C200 1x, https:\/\/i0.wp.com\/www.24baires.com\/wp-content\/uploads\/2016\/04\/contra-violencia-de-genero.jpg?resize=525%2C300 1.5x"},"classes":[]}],"jetpack_sharing_enabled":true,"jetpack_likes_enabled":true,"_links":{"self":[{"href":"https:\/\/www.24baires.com\/index.php?rest_route=\/wp\/v2\/posts\/9246","targetHints":{"allow":["GET"]}}],"collection":[{"href":"https:\/\/www.24baires.com\/index.php?rest_route=\/wp\/v2\/posts"}],"about":[{"href":"https:\/\/www.24baires.com\/index.php?rest_route=\/wp\/v2\/types\/post"}],"author":[{"embeddable":true,"href":"https:\/\/www.24baires.com\/index.php?rest_route=\/wp\/v2\/users\/11"}],"replies":[{"embeddable":true,"href":"https:\/\/www.24baires.com\/index.php?rest_route=%2Fwp%2Fv2%2Fcomments&post=9246"}],"version-history":[{"count":3,"href":"https:\/\/www.24baires.com\/index.php?rest_route=\/wp\/v2\/posts\/9246\/revisions"}],"predecessor-version":[{"id":9250,"href":"https:\/\/www.24baires.com\/index.php?rest_route=\/wp\/v2\/posts\/9246\/revisions\/9250"}],"wp:attachment":[{"href":"https:\/\/www.24baires.com\/index.php?rest_route=%2Fwp%2Fv2%2Fmedia&parent=9246"}],"wp:term":[{"taxonomy":"category","embeddable":true,"href":"https:\/\/www.24baires.com\/index.php?rest_route=%2Fwp%2Fv2%2Fcategories&post=9246"},{"taxonomy":"post_tag","embeddable":true,"href":"https:\/\/www.24baires.com\/index.php?rest_route=%2Fwp%2Fv2%2Ftags&post=9246"}],"curies":[{"name":"wp","href":"https:\/\/api.w.org\/{rel}","templated":true}]}}