{"id":9225,"date":"2012-12-15T18:15:34","date_gmt":"2012-12-15T21:15:34","guid":{"rendered":"http:\/\/www.24baires.com\/?p=9225"},"modified":"2012-12-16T14:03:40","modified_gmt":"2012-12-16T17:03:40","slug":"vuelve-a-argentina-la-fragata-libertad","status":"publish","type":"post","link":"https:\/\/www.24baires.com\/?p=9225","title":{"rendered":"Vuelve a Argentina la Fragata Libertad"},"content":{"rendered":"<p><a href=\"http:\/\/www.24baires.com\/sociedad\/9225-vuelve-a-argentina-la-fragata-libertad\/attachment\/fragata-libertad_4\/\" rel=\"attachment wp-att-9228\"><img data-recalc-dims=\"1\" loading=\"lazy\" decoding=\"async\" class=\"aligncenter size-full wp-image-9228\" alt=\"fragata-libertad_4\" src=\"https:\/\/i0.wp.com\/www.24baires.com\/wp-content\/uploads\/2012\/12\/fragata-libertad_4.jpg?resize=560%2C314\" width=\"560\" height=\"314\" srcset=\"https:\/\/i0.wp.com\/www.24baires.com\/wp-content\/uploads\/2012\/12\/fragata-libertad_4.jpg?w=560&amp;ssl=1 560w, https:\/\/i0.wp.com\/www.24baires.com\/wp-content\/uploads\/2012\/12\/fragata-libertad_4.jpg?resize=300%2C168&amp;ssl=1 300w\" sizes=\"auto, (max-width: 560px) 100vw, 560px\" \/><\/a><\/p>\n<p>El buque est\u00e1 retenido en Ghana desde el 2 de octubre por un decisi\u00f3n de un \u00abfondo buitre\u00bb. La fecha l\u00edmite para su liberaci\u00f3n es la semana pr\u00f3xima, seg\u00fan dispuso el Tribunal del Mar de Hamburgo. Se prev\u00e9 que arribe a nuestro pa\u00eds el 9 de enero.<!--more--><\/p>\n<p>La lectura la realiz\u00f3 el presidente del Tribunal, el japon\u00e9s Shunji Yanai, en el sal\u00f3n principal, con capacidad para 250 personas, donde habitualmente se llevan a cabo las sesiones plenarias de los 21 jueces del \u00f3rgano fundado en 1994.<\/p>\n<p>El juez exigi\u00f3 la liberaci\u00f3n de la Fragata Libertad y puso un plazo como m\u00e1ximo hasta el pr\u00f3ximo 22 de diciembre para que emprenda su regreso.<\/p>\n<p>El caso tuvo sus audiencias el 29 y el 30 de noviembre pasados, donde Argentina exigi\u00f3 que \u201cGhana permita al buque de guerra argentino Fragata ARA Libertad salir del puerto de Tema y de las aguas jurisdiccionales\u201d del pa\u00eds africano.<\/p>\n<p>Uno de los argumentos m\u00e1s fuertes de los representantes argentinos, encabezados por la embajadora Susana Ruiz Cerutti, es que al tratarse de un buque de guerra, la Convenci\u00f3n de las Naciones Unidas sobre el Derecho del Mar marca que es inembargable.<\/p>\n<p>La parte dio por probada que el barco hace m\u00e1s de 50 a\u00f1os representa al pa\u00eds, que su visita a Ghana fue autorizada e incluso, que hubo una ceremonia formal de bienvenida cuando amarr\u00f3 el 1 de octubre.<\/p>\n<p>Tambi\u00e9n se precis\u00f3 que el juez Richard Adjei-Frimpong, que orden\u00f3 la retenci\u00f3n respondiendo a los intereses del fondo buitre NML Capital, no tiene jurisdicci\u00f3n para tomar esa medida.<\/p>\n<p>El argumento principal de Ghana es que por la independencia judicial, sus autoridades no pueden interceder en esa decisi\u00f3n del juzgado de Accra.<\/p>\n<p>El Tribunal tambi\u00e9n resolver\u00e1 el tema de los costos, ya que Argentina solicit\u00f3 que el pa\u00eds africano afronte los gastos que produjo el embargo, mientras que Ghana quiere que Buenos Aires abone lo invertido en el proceso ante el Tribunal del Mar.<\/p>\n<p>&nbsp;<\/p>\n<p>&nbsp;<\/p>\n<p>&nbsp;<\/p>\n<p>&nbsp;<\/p>\n<p>&nbsp;<\/p>\n<p>&nbsp;<\/p>\n<p>&nbsp;<\/p>\n<p>&nbsp;<\/p>\n<p>&nbsp;<\/p>\n<p>&nbsp;<\/p>\n<p>&nbsp;<\/p>\n","protected":false},"excerpt":{"rendered":"<p>El buque est\u00e1 retenido en Ghana desde el 2 de octubre por un decisi\u00f3n de un \u00abfondo buitre\u00bb. La fecha l\u00edmite para su liberaci\u00f3n es la semana pr\u00f3xima, seg\u00fan dispuso el Tribunal del Mar de Hamburgo. Se prev\u00e9 que arribe a nuestro pa\u00eds el 9 de enero.<\/p>\n","protected":false},"author":4,"featured_media":0,"comment_status":"open","ping_status":"open","sticky":false,"template":"","format":"standard","meta":{"_jetpack_newsletter_access":"","_jetpack_dont_email_post_to_subs":false,"_jetpack_newsletter_tier_id":0,"_jetpack_memberships_contains_paywalled_content":false,"_jetpack_memberships_contains_paid_content":false,"footnotes":""},"categories":[1],"tags":[],"class_list":["post-9225","post","type-post","status-publish","format-standard","hentry","category-sociedad"],"jetpack_featured_media_url":"","jetpack_shortlink":"https:\/\/wp.me\/p2JWE0-2oN","jetpack-related-posts":[{"id":9295,"url":"https:\/\/www.24baires.com\/?p=9295","url_meta":{"origin":9225,"position":0},"title":"Cristina en Twitter mostr\u00f3 su alegr\u00eda por la vuelta de la Fragata y le &#8216;peg\u00f3&#8217; a los buitres","author":"Grupo Sierra","date":"15\/12\/2012","format":false,"excerpt":"La Presidenta, Cristina Fern\u00e1ndez de Kirchner, \u00a0celebr\u00f3 la decisi\u00f3n del Tribunal Internacional del Mar que orden\u00f3 la liberaci\u00f3n de la Fragata Libertad retenida en Ghana, al publicar en su cuenta de Twitter: \u201cUna vez m\u00e1s cumplimos, vuelve la Fragata\u201d. La presidenta acompa\u00f1o el mensaje con una foto de la Fragata\u2026","rel":"","context":"En \u00abPol\u00edtica\u00bb","block_context":{"text":"Pol\u00edtica","link":"https:\/\/www.24baires.com\/?cat=51"},"img":{"alt_text":"","src":"","width":0,"height":0},"classes":[]},{"id":9669,"url":"https:\/\/www.24baires.com\/?p=9669","url_meta":{"origin":9225,"position":1},"title":"La Fragata Libertad atracar\u00e1 en Mar del Plata el 9 de enero, asegur\u00f3 Cristina","author":"Grupo Sierra","date":"18\/12\/2012","format":false,"excerpt":"La Presidenta anunci\u00f3 que instruy\u00f3 al Ministerio de Defensa para que el barco atraque all\u00ed el 9 de enero, luego de que los 98 marinos que completar\u00e1n la tripulaci\u00f3n partieran este martes hacia Ghana. \"Ahora ser\u00e1 s\u00edmbolo de la soberan\u00eda y la dignidad nacional contra los que quieren atropellar a\u2026","rel":"","context":"En \u00abPol\u00edtica\u00bb","block_context":{"text":"Pol\u00edtica","link":"https:\/\/www.24baires.com\/?cat=51"},"img":{"alt_text":"","src":"","width":0,"height":0},"classes":[]},{"id":10813,"url":"https:\/\/www.24baires.com\/?p=10813","url_meta":{"origin":9225,"position":2},"title":"La Fragata Libertad, cada vez m\u00e1s cerca de Mar del Plata","author":"AF","date":"29\/12\/2012","format":false,"excerpt":"La Fragata Libertad, buque escuela de la Armada Argentina, se encuentra este s\u00e1bado navegando a la altura de la ciudad brasile\u00f1a de Salvador de Bah\u00eda, a unos 1.350 kil\u00f3metros de la costa, continuando el derrotero que la llevar\u00e1 a arribar el pr\u00f3ximo nueve de enero al puerto de Mar del\u2026","rel":"","context":"En \u00abSociedad\u00bb","block_context":{"text":"Sociedad","link":"https:\/\/www.24baires.com\/?cat=1"},"img":{"alt_text":"fragata libertad","src":"https:\/\/i0.wp.com\/www.24baires.com\/wp-content\/uploads\/2012\/12\/fragata-libertad.jpg?resize=350%2C200","width":350,"height":200},"classes":[]},{"id":32566,"url":"https:\/\/www.24baires.com\/?p=32566","url_meta":{"origin":9225,"position":3},"title":"Termin\u00f3 el proceso arbitral por la retenci\u00f3n de la Fragata Libertad en Ghana","author":"AF","date":"27\/09\/2013","format":false,"excerpt":"El acuerdo, firmado hoy entre representantes de ambos pa\u00edses en la sede del Tribunal de La Haya, pone fin al proceso arbitral iniciado por Argentina el 30 de octubre del a\u00f1o pasado como consecuencia del embargo il\u00edcito del emblem\u00e1tico buque escuela. Argentina y Ghana dieron por terminado hoy el proceso\u2026","rel":"","context":"En \u00abPol\u00edtica\u00bb","block_context":{"text":"Pol\u00edtica","link":"https:\/\/www.24baires.com\/?cat=51"},"img":{"alt_text":"","src":"","width":0,"height":0},"classes":[]},{"id":10949,"url":"https:\/\/www.24baires.com\/?p=10949","url_meta":{"origin":9225,"position":4},"title":"La Fragata Libertad se acerca a Mar del Plata y comienzan los preparativos para recibirla","author":"AF","date":"02\/01\/2013","format":false,"excerpt":"El buque, que regresa a la Argentina luego de estar retenida en Ghana por un presentaci\u00f3n judicial del fondos buitre, navega a una velocidad de ocho nudos y pasar\u00e1 este mi\u00e9rcoles por la ciudad brasile\u00f1a de R\u00edo de Janeiro. Seg\u00fan inform\u00f3 el Ministerio de Defensa, la Fragata ARA Libertad navega\u2026","rel":"","context":"En \u00abSociedad\u00bb","block_context":{"text":"Sociedad","link":"https:\/\/www.24baires.com\/?cat=1"},"img":{"alt_text":"fragata libertad","src":"https:\/\/i0.wp.com\/www.24baires.com\/wp-content\/uploads\/2012\/12\/fragata-libertad.jpg?resize=350%2C200","width":350,"height":200},"classes":[]},{"id":11362,"url":"https:\/\/www.24baires.com\/?p=11362","url_meta":{"origin":9225,"position":5},"title":"Llegada de la Fragata: la Presidenta encabezar\u00e1 el acto de recibimiento","author":"AF","date":"06\/01\/2013","format":false,"excerpt":"MAR DEL PLATA - Cristina Fern\u00e1ndez de Kirchner encabezar\u00e1 el mi\u00e9rcoles 9 el acto de recibimiento a la Fragata ARA Libertad que arribar\u00e1 al puerto de Mar del Plata procedente de Ghana. Los detalles de c\u00f3mo ser\u00e1 la recepci\u00f3n de la embarcaci\u00f3n insignia de la armada argentina se terminar\u00e1n de\u2026","rel":"","context":"En \u00abSociedad\u00bb","block_context":{"text":"Sociedad","link":"https:\/\/www.24baires.com\/?cat=1"},"img":{"alt_text":"c fern\u00e1ndez","src":"https:\/\/i0.wp.com\/www.24baires.com\/wp-content\/uploads\/2012\/12\/c-fern%C3%A1ndez.jpg?resize=350%2C200","width":350,"height":200},"classes":[]}],"jetpack_sharing_enabled":true,"jetpack_likes_enabled":true,"_links":{"self":[{"href":"https:\/\/www.24baires.com\/index.php?rest_route=\/wp\/v2\/posts\/9225","targetHints":{"allow":["GET"]}}],"collection":[{"href":"https:\/\/www.24baires.com\/index.php?rest_route=\/wp\/v2\/posts"}],"about":[{"href":"https:\/\/www.24baires.com\/index.php?rest_route=\/wp\/v2\/types\/post"}],"author":[{"embeddable":true,"href":"https:\/\/www.24baires.com\/index.php?rest_route=\/wp\/v2\/users\/4"}],"replies":[{"embeddable":true,"href":"https:\/\/www.24baires.com\/index.php?rest_route=%2Fwp%2Fv2%2Fcomments&post=9225"}],"version-history":[{"count":3,"href":"https:\/\/www.24baires.com\/index.php?rest_route=\/wp\/v2\/posts\/9225\/revisions"}],"predecessor-version":[{"id":9227,"href":"https:\/\/www.24baires.com\/index.php?rest_route=\/wp\/v2\/posts\/9225\/revisions\/9227"}],"wp:attachment":[{"href":"https:\/\/www.24baires.com\/index.php?rest_route=%2Fwp%2Fv2%2Fmedia&parent=9225"}],"wp:term":[{"taxonomy":"category","embeddable":true,"href":"https:\/\/www.24baires.com\/index.php?rest_route=%2Fwp%2Fv2%2Fcategories&post=9225"},{"taxonomy":"post_tag","embeddable":true,"href":"https:\/\/www.24baires.com\/index.php?rest_route=%2Fwp%2Fv2%2Ftags&post=9225"}],"curies":[{"name":"wp","href":"https:\/\/api.w.org\/{rel}","templated":true}]}}