{"id":9221,"date":"2012-12-15T12:07:33","date_gmt":"2012-12-15T15:07:33","guid":{"rendered":"http:\/\/www.24baires.com\/?p=9221"},"modified":"2012-12-15T12:07:40","modified_gmt":"2012-12-15T15:07:40","slug":"hace-ocho-anos-que-vivo-en-cromanon-dijo-pato-fontanet","status":"publish","type":"post","link":"https:\/\/www.24baires.com\/?p=9221","title":{"rendered":"\u00abHace ocho a\u00f1os que vivo en Croma\u00f1\u00f3n\u00bb, dijo Pato Fontanet"},"content":{"rendered":"<p><a href=\"http:\/\/www.24baires.com\/sociedad\/9221-hace-ocho-anos-que-vivo-en-cromanon-dijo-pato-fontanet\/attachment\/fontanet\/\" rel=\"attachment wp-att-9222\"><img data-recalc-dims=\"1\" loading=\"lazy\" decoding=\"async\" class=\"alignleft size-medium wp-image-9222\" alt=\"fontanet\" src=\"https:\/\/i0.wp.com\/www.24baires.com\/wp-content\/uploads\/2012\/12\/fontanet.jpg?resize=300%2C225\" width=\"300\" height=\"225\" srcset=\"https:\/\/i0.wp.com\/www.24baires.com\/wp-content\/uploads\/2012\/12\/fontanet.jpg?resize=300%2C225&amp;ssl=1 300w, https:\/\/i0.wp.com\/www.24baires.com\/wp-content\/uploads\/2012\/12\/fontanet.jpg?w=560&amp;ssl=1 560w\" sizes=\"auto, (max-width: 300px) 100vw, 300px\" \/><\/a>El ex l\u00edder de Callejeros, Patricios Santos Fontanet, habl\u00f3 a poco de cumplirse un nuevo aniversario por la tragedia ocurrida el 30 de diciembre de 2004 en el barrio porte\u00f1o de Once. Dijo que el hecho lo \u00abenajen\u00f3 al punto de pensar que la vida no vale nada\u00bb.<!--more--><\/p>\n<p>El ex l\u00edder de Callejeros, Patricio Santos Fontanet, habl\u00f3 de Croma\u00f1\u00f3n despu\u00e9s de ocho a\u00f1os. Dijo que la tragedia lo \u00abenajen\u00f3 al punto de pensar que la vida no vale nada\u00bb.<\/p>\n<p>El cantante escribi\u00f3 una carta que fue difundida por la revista Garganta Poderosa. En ella acus\u00f3 al poder y a los medios de intentar criminalizar a su persona.<\/p>\n<p>\u00abCroma\u00f1\u00f3n no s\u00f3lo me arranc\u00f3 mi juventud, tambi\u00e9n me enajen\u00f3 al punto de pensar que la vida no vale la pena\u00bb, resumi\u00f3 Pato Fontanet.<\/p>\n<p>\u00abHace ocho a\u00f1os que vivo en Croma\u00f1\u00f3n. Ocho a\u00f1os de tristeza e incertidumbre. Han tratado de criminalizar a mi persona desde el poder y los medios. Me han juzgado, salvo en el juicio, con el diario del lunes\u00bb, refiri\u00f3.<\/p>\n<p>El m\u00fasico, que fue condenado a siete a\u00f1os de prisi\u00f3n, dijo que buscaba \u00absensaciones que me hagan sentir bien y siempre vuelven a mi mente y a mi alma los recuerdos de aquella noche\u00bb.<\/p>\n<p>\u00abEl dolor extra es el de haber confiado sin firmar un contrato y verme estafado y luego usado como un perejil\u00bb, argument\u00f3 sobre su responsabilidad en el incendio que dej\u00f3 un saldo de 194 muertos.<\/p>\n<p>Adem\u00e1s, lament\u00f3 que \u00abnunca\u00bb se lo \u00abtrat\u00f3 como sobreviviente o victima de lo que pas\u00f3. No pude hacer mi duelo porque tuve que tener la guardia en alto durante todos estos a\u00f1os\u00bb.<\/p>\n<p>Respecto del jueves 30 de diciembre de 2004, dijo: \u00abEsa noche fuimos a actuar sin conocimiento alguno sobre las transformaciones que hicieron de este lugar una trampa mortal para quienes m\u00e1s amamos: nuestras familias y nuestros seguidores; e incluso para nosotros mismos\u00bb.<\/p>\n<p>\u00abSigo teniendo esperanza. Esperanza en que la Justicia en esta nueva instancia revea el caso y desde la verdad -realidad hist\u00f3rica- espero recuperar mis ansias de vivir y ser feliz\u00bb.<\/p>\n<p>&nbsp;<\/p>\n<p>&nbsp;<\/p>\n<p>&nbsp;<\/p>\n<p>&nbsp;<\/p>\n<p>&nbsp;<\/p>\n<p>&nbsp;<\/p>\n<p>&nbsp;<\/p>\n<p>&nbsp;<\/p>\n<p>&nbsp;<\/p>\n<p>&nbsp;<\/p>\n<p>&nbsp;<\/p>\n","protected":false},"excerpt":{"rendered":"<p>El ex l\u00edder de Callejeros, Patricios Santos Fontanet, habl\u00f3 a poco de cumplirse un nuevo aniversario por la tragedia ocurrida el 30 de diciembre de 2004 en el barrio porte\u00f1o de Once. Dijo que el hecho lo \u00abenajen\u00f3 al punto de pensar que la vida no vale nada\u00bb.<\/p>\n","protected":false},"author":4,"featured_media":0,"comment_status":"open","ping_status":"open","sticky":false,"template":"","format":"standard","meta":{"_jetpack_newsletter_access":"","_jetpack_dont_email_post_to_subs":false,"_jetpack_newsletter_tier_id":0,"_jetpack_memberships_contains_paywalled_content":false,"_jetpack_memberships_contains_paid_content":false,"footnotes":""},"categories":[1],"tags":[],"class_list":["post-9221","post","type-post","status-publish","format-standard","hentry","category-sociedad"],"jetpack_featured_media_url":"","jetpack_shortlink":"https:\/\/wp.me\/p2JWE0-2oJ","jetpack-related-posts":[{"id":81075,"url":"https:\/\/www.24baires.com\/?p=81075","url_meta":{"origin":9221,"position":0},"title":"Fontanet se entreg\u00f3 a la Justicia y pidi\u00f3 la internaci\u00f3n psiqui\u00e1trica","author":"AF","date":"06\/04\/2016","format":false,"excerpt":"El ex l\u00edder de Callejeros y el bajista Cristian Torrej\u00f3n quedaron detenidos en la causa por la tragedia de Croma\u00f1\u00f3n. Pato Fontanet pidi\u00f3 ser trasladado a una cl\u00ednica psiqui\u00e1trica. El ex l\u00edder de la banda Callejeros, Patricio Fontanet, se present\u00f3 hoy ante la justicia y qued\u00f3 detenido en la causa\u2026","rel":"","context":"En \u00abJUDICIALES\u00bb","block_context":{"text":"JUDICIALES","link":"https:\/\/www.24baires.com\/?cat=68"},"img":{"alt_text":"fontanett","src":"https:\/\/i0.wp.com\/www.24baires.com\/wp-content\/uploads\/2016\/04\/fontanett.jpg?resize=350%2C200","width":350,"height":200,"srcset":"https:\/\/i0.wp.com\/www.24baires.com\/wp-content\/uploads\/2016\/04\/fontanett.jpg?resize=350%2C200 1x, https:\/\/i0.wp.com\/www.24baires.com\/wp-content\/uploads\/2016\/04\/fontanett.jpg?resize=525%2C300 1.5x"},"classes":[]},{"id":59250,"url":"https:\/\/www.24baires.com\/?p=59250","url_meta":{"origin":9221,"position":1},"title":"Fontanet se present\u00f3 como un sobreviviente de Croma\u00f1\u00f3n y gener\u00f3 pol\u00e9mica","author":"GB","date":"28\/12\/2014","format":false,"excerpt":"Una foto publicada en las redes sociales de Facebook y Twitter, que muestra al m\u00fasico Patricio Fontanet reclamando \"A 10 a\u00f1os de Croma\u00f1\u00f3n, justicia y absoluci\u00f3n a Callejeros\", despert\u00f3 la bronca e indignaci\u00f3n de los familiares de las v\u00edctimas de la tragedia del boliche de Once que consideraron la publicaci\u00f3n\u2026","rel":"","context":"En \u00abSociedad\u00bb","block_context":{"text":"Sociedad","link":"https:\/\/www.24baires.com\/?cat=1"},"img":{"alt_text":"fontanet justicia","src":"https:\/\/i0.wp.com\/www.24baires.com\/wp-content\/uploads\/2014\/12\/fontanet-justicia.jpg?resize=350%2C200","width":350,"height":200,"srcset":"https:\/\/i0.wp.com\/www.24baires.com\/wp-content\/uploads\/2014\/12\/fontanet-justicia.jpg?resize=350%2C200 1x, https:\/\/i0.wp.com\/www.24baires.com\/wp-content\/uploads\/2014\/12\/fontanet-justicia.jpg?resize=525%2C300 1.5x"},"classes":[]},{"id":51273,"url":"https:\/\/www.24baires.com\/?p=51273","url_meta":{"origin":9221,"position":2},"title":"Croma\u00f1\u00f3n: El abogado de Fontanet pidi\u00f3 por su excarcelaci\u00f3n","author":"GB","date":"06\/08\/2014","format":false,"excerpt":"Marcelo Brito, abogado del l\u00edder de la banda, fundament\u00f3 su pedido en que \"toda persona tiene la garant\u00eda de que el principio de inocencia rige hasta que no haya dos sentencias condenatorias firmes\". El abogado defensor de Patricio Santos \"Pato\" Fontanet, Marcelo Brito, cont\u00f3 en Radio 10 espera que la\u2026","rel":"","context":"En \u00abJUDICIALES\u00bb","block_context":{"text":"JUDICIALES","link":"https:\/\/www.24baires.com\/?cat=68"},"img":{"alt_text":"fontanet","src":"https:\/\/i0.wp.com\/www.24baires.com\/wp-content\/uploads\/2014\/08\/fontanet.jpg?resize=350%2C200","width":350,"height":200,"srcset":"https:\/\/i0.wp.com\/www.24baires.com\/wp-content\/uploads\/2014\/08\/fontanet.jpg?resize=350%2C200 1x, https:\/\/i0.wp.com\/www.24baires.com\/wp-content\/uploads\/2014\/08\/fontanet.jpg?resize=525%2C300 1.5x"},"classes":[]},{"id":51286,"url":"https:\/\/www.24baires.com\/?p=51286","url_meta":{"origin":9221,"position":3},"title":"Croma\u00f1on: La justicia orden\u00f3 liberar a los integrantes de Callejeros","author":"GB","date":"06\/08\/2014","format":false,"excerpt":"Es porque la Corte Suprema revoc\u00f3 el fallo contra los integrantes de la banda, que podr\u00edan recuperar la libertad esta tarde. Tambi\u00e9n ser\u00e1n excarcelados Ra\u00fal Villarreal y dos ex funcionarios porte\u00f1os El Tribunal Oral en lo Criminal 24 orden\u00f3 esta tarde la libertad de los ex integrantes de la banda\u2026","rel":"","context":"En \u00abJUDICIALES\u00bb","block_context":{"text":"JUDICIALES","link":"https:\/\/www.24baires.com\/?cat=68"},"img":{"alt_text":"fontanet","src":"https:\/\/i0.wp.com\/www.24baires.com\/wp-content\/uploads\/2012\/12\/fontanet.jpg?resize=350%2C200","width":350,"height":200,"srcset":"https:\/\/i0.wp.com\/www.24baires.com\/wp-content\/uploads\/2012\/12\/fontanet.jpg?resize=350%2C200 1x, https:\/\/i0.wp.com\/www.24baires.com\/wp-content\/uploads\/2012\/12\/fontanet.jpg?resize=525%2C300 1.5x"},"classes":[]},{"id":51455,"url":"https:\/\/www.24baires.com\/?p=51455","url_meta":{"origin":9221,"position":4},"title":"Chab\u00e1n dijo que la liberaci\u00f3n de Callejeros \u00abes injusta\u00bb","author":"Grupo Sierra","date":"09\/08\/2014","format":false,"excerpt":"Omar Chab\u00e1n, quien cumple prisi\u00f3n domiciliaria por el incendio de Croma\u00f1\u00f3n, que provoc\u00f3 194 muertos en 2004, dijo que es \"totalmente injusto\" que se haya liberado a cinco ex integrantes de Callejeros. Las excarcelaciones fueron ordenadas el mi\u00e9rcoles por el Tribunal Oral en lo Criminal (TOC) 24, luego de que\u2026","rel":"","context":"En \u00abSociedad\u00bb","block_context":{"text":"Sociedad","link":"https:\/\/www.24baires.com\/?cat=1"},"img":{"alt_text":"fontanet","src":"https:\/\/i0.wp.com\/www.24baires.com\/wp-content\/uploads\/2014\/08\/fontanet.jpg?resize=350%2C200","width":350,"height":200,"srcset":"https:\/\/i0.wp.com\/www.24baires.com\/wp-content\/uploads\/2014\/08\/fontanet.jpg?resize=350%2C200 1x, https:\/\/i0.wp.com\/www.24baires.com\/wp-content\/uploads\/2014\/08\/fontanet.jpg?resize=525%2C300 1.5x"},"classes":[]},{"id":51413,"url":"https:\/\/www.24baires.com\/?p=51413","url_meta":{"origin":9221,"position":5},"title":"\u00abEs injusto que ellos est\u00e9n libres y yo no\u00bb, dijo Chab\u00e1n tras la liberaci\u00f3n de Callejeros","author":"GB","date":"08\/08\/2014","format":false,"excerpt":"El empresario, que cumple prisi\u00f3n domiciliaria por enfermedad, se quej\u00f3 por la liberaci\u00f3n de los miembros de la banda y funcionarios porte\u00f1os. \"\u00bfC\u00f3mo puede ser que ellos est\u00e9n libres y yo no? Es injusto\", reclam\u00f3 Omar Chab\u00e1n respecto a la liberaci\u00f3n de los miembros de la banda Callejeros por decisi\u00f3n\u2026","rel":"","context":"En \u00abJUDICIALES\u00bb","block_context":{"text":"JUDICIALES","link":"https:\/\/www.24baires.com\/?cat=68"},"img":{"alt_text":"chaban1","src":"https:\/\/i0.wp.com\/www.24baires.com\/wp-content\/uploads\/2014\/08\/chaban1.jpg?resize=350%2C200","width":350,"height":200},"classes":[]}],"jetpack_sharing_enabled":true,"jetpack_likes_enabled":true,"_links":{"self":[{"href":"https:\/\/www.24baires.com\/index.php?rest_route=\/wp\/v2\/posts\/9221","targetHints":{"allow":["GET"]}}],"collection":[{"href":"https:\/\/www.24baires.com\/index.php?rest_route=\/wp\/v2\/posts"}],"about":[{"href":"https:\/\/www.24baires.com\/index.php?rest_route=\/wp\/v2\/types\/post"}],"author":[{"embeddable":true,"href":"https:\/\/www.24baires.com\/index.php?rest_route=\/wp\/v2\/users\/4"}],"replies":[{"embeddable":true,"href":"https:\/\/www.24baires.com\/index.php?rest_route=%2Fwp%2Fv2%2Fcomments&post=9221"}],"version-history":[{"count":2,"href":"https:\/\/www.24baires.com\/index.php?rest_route=\/wp\/v2\/posts\/9221\/revisions"}],"predecessor-version":[{"id":9224,"href":"https:\/\/www.24baires.com\/index.php?rest_route=\/wp\/v2\/posts\/9221\/revisions\/9224"}],"wp:attachment":[{"href":"https:\/\/www.24baires.com\/index.php?rest_route=%2Fwp%2Fv2%2Fmedia&parent=9221"}],"wp:term":[{"taxonomy":"category","embeddable":true,"href":"https:\/\/www.24baires.com\/index.php?rest_route=%2Fwp%2Fv2%2Fcategories&post=9221"},{"taxonomy":"post_tag","embeddable":true,"href":"https:\/\/www.24baires.com\/index.php?rest_route=%2Fwp%2Fv2%2Ftags&post=9221"}],"curies":[{"name":"wp","href":"https:\/\/api.w.org\/{rel}","templated":true}]}}