{"id":9207,"date":"2012-12-15T10:49:07","date_gmt":"2012-12-15T13:49:07","guid":{"rendered":"http:\/\/www.24baires.com\/?p=9207"},"modified":"2012-12-15T10:49:13","modified_gmt":"2012-12-15T13:49:13","slug":"el-fallo-de-alfonso-repara-la-aberracion-de-la-camara-aseguro-raimundi","status":"publish","type":"post","link":"https:\/\/www.24baires.com\/?p=9207","title":{"rendered":"\u00abEl fallo de Alfonso repara la aberraci\u00f3n de la C\u00e1mara\u00bb, asegur\u00f3 Raimundi"},"content":{"rendered":"<p><a href=\"http:\/\/www.24baires.com\/medios\/9207-el-fallo-de-alfonso-repara-la-aberracion-de-la-camara-aseguro-raimundi\/attachment\/raimundi\/\" rel=\"attachment wp-att-9208\"><img data-recalc-dims=\"1\" loading=\"lazy\" decoding=\"async\" class=\"alignleft size-medium wp-image-9208\" alt=\"raimundi\" src=\"https:\/\/i0.wp.com\/www.24baires.com\/wp-content\/uploads\/2012\/12\/raimundi.jpg?resize=300%2C200\" width=\"300\" height=\"200\" srcset=\"https:\/\/i0.wp.com\/www.24baires.com\/wp-content\/uploads\/2012\/12\/raimundi.jpg?resize=300%2C200&amp;ssl=1 300w, https:\/\/i0.wp.com\/www.24baires.com\/wp-content\/uploads\/2012\/12\/raimundi.jpg?w=510&amp;ssl=1 510w\" sizes=\"auto, (max-width: 300px) 100vw, 300px\" \/><\/a>A trav\u00e9s de un comunicado, el diputado nacional por Nuevo Encuentro, Carlos Raimundi, se refiri\u00f3 al fallo que declar\u00f3 la constitucionalidad de los art\u00edculos de la Ley de Medios que cuestionara el Grupo Clar\u00edn.<!--more--><\/p>\n<p>El legislador Carlos Raimundi record\u00f3 que la ley votada por amplia mayor\u00eda del Congreso hace tres a\u00f1os, fue frenada desde el principio \u201cpor el enorme poder de un grupo econ\u00f3mico como Clar\u00edn para cooptar jueces\u201d.<\/p>\n<p>\u201cNo se trata de que un juez es bueno s\u00f3lo si resuelve como uno quiere, porque lo cierto es que el fallo de la C\u00e1mara del \u00faltimo 6 de diciembre era bochornoso, con independencia de las posiciones ideol\u00f3gicas de cada uno\u201d, agreg\u00f3.<\/p>\n<p>Ayer, Horacio Alfonso declar\u00f3 la constitucionalidad de los art\u00edculos de la Ley de Servicios de Comunicaci\u00f3n Audiovisual que hab\u00edan sido cuestionados por el Grupo Clar\u00edn en diversas presentaciones judiciales que trabaron la aplicaci\u00f3n plena de la norma.<\/p>\n<p>El fallo dictado por el juez de primera instancia puso punto final a la medida cautelar interpuesta hace tres a\u00f1os por el multimedio y prorrogada por la sala I de la C\u00e1mara Civil y Comercial, a\u00fan cuando la Corte Suprema hab\u00eda fijado el 7 de diciembre como fecha m\u00e1xima para la vigencia de la cautelar.<\/p>\n<p>&nbsp;<\/p>\n<p>&nbsp;<\/p>\n<p>&nbsp;<\/p>\n<p>&nbsp;<\/p>\n<p>&nbsp;<\/p>\n<p>&nbsp;<\/p>\n<p>&nbsp;<\/p>\n<p>&nbsp;<\/p>\n<p>&nbsp;<\/p>\n<p>&nbsp;<\/p>\n<p>&nbsp;<\/p>\n","protected":false},"excerpt":{"rendered":"<p>A trav\u00e9s de un comunicado, el diputado nacional por Nuevo Encuentro, Carlos Raimundi, se refiri\u00f3 al fallo que declar\u00f3 la constitucionalidad de los art\u00edculos de la Ley de Medios que cuestionara el Grupo Clar\u00edn.<\/p>\n","protected":false},"author":4,"featured_media":0,"comment_status":"open","ping_status":"open","sticky":false,"template":"","format":"standard","meta":{"_jetpack_newsletter_access":"","_jetpack_dont_email_post_to_subs":false,"_jetpack_newsletter_tier_id":0,"_jetpack_memberships_contains_paywalled_content":false,"_jetpack_memberships_contains_paid_content":false,"footnotes":""},"categories":[54],"tags":[],"class_list":["post-9207","post","type-post","status-publish","format-standard","hentry","category-medios"],"jetpack_featured_media_url":"","jetpack_shortlink":"https:\/\/wp.me\/p2JWE0-2ov","jetpack-related-posts":[{"id":13129,"url":"https:\/\/www.24baires.com\/?p=13129","url_meta":{"origin":9207,"position":0},"title":"Tanto el Gobierno como Clar\u00edn presentaron fundamentos de las apelaciones","author":"AF","date":"22\/01\/2013","format":false,"excerpt":"Se trata de los fundamentos de las apelaciones que hicieron el mes pasado contra el fallo del juez civil y comercial federal Horacio Alfonso, quien se pronunci\u00f3 en favor de la constitucionalidad de los art\u00edculos de la ley de medios. Se trata del fallo de primera instancia del juez Horacio\u2026","rel":"","context":"En \u00abMedios\u00bb","block_context":{"text":"Medios","link":"https:\/\/www.24baires.com\/?cat=54"},"img":{"alt_text":"","src":"","width":0,"height":0},"classes":[]},{"id":8627,"url":"https:\/\/www.24baires.com\/?p=8627","url_meta":{"origin":9207,"position":1},"title":"La Corte Suprema rechaz\u00f3 el per saltum","author":"Grupo Sierra","date":"10\/12\/2012","format":false,"excerpt":"El m\u00e1ximo tribunal resolvi\u00f3 no hacer uso de ese recurso, solicitado por el Gobierno para revisar el fallo de la C\u00e1mara que hab\u00eda extendido la cautelar del Grupo Clar\u00edn en contra de la aplicaci\u00f3n de la Ley de Medios. Se deber\u00e1 esperar el fallo del Juez Alfonso. AMPLIAREMOS La Corte\u2026","rel":"","context":"En \u00abMedios\u00bb","block_context":{"text":"Medios","link":"https:\/\/www.24baires.com\/?cat=54"},"img":{"alt_text":"","src":"","width":0,"height":0},"classes":[]},{"id":9128,"url":"https:\/\/www.24baires.com\/?p=9128","url_meta":{"origin":9207,"position":2},"title":"Fin del Monopolio: El juez Alfonso declar\u00f3 la constitucionalidad de la Ley de Medios","author":"Grupo Sierra","date":"14\/12\/2012","format":false,"excerpt":"El magistrado del fuero Civil y Comercial desestim\u00f3 el planteo del Grupo Clar\u00edn en cuanto a la cuesti\u00f3n de fondo y declar\u00f3 la constitucionalidad de todos los art\u00edculos objetados por el monopolio. Orden\u00f3 el inmediato levantamiento de la cautelar que frena la plena aplicaci\u00f3n de la Ley de Servicios de\u2026","rel":"","context":"En \u00abMedios\u00bb","block_context":{"text":"Medios","link":"https:\/\/www.24baires.com\/?cat=54"},"img":{"alt_text":"","src":"","width":0,"height":0},"classes":[]},{"id":4058,"url":"https:\/\/www.24baires.com\/?p=4058","url_meta":{"origin":9207,"position":3},"title":"Debate sobre la Ley de Medios en Necochea","author":"AF","date":"01\/11\/2012","format":false,"excerpt":"La ley de medios y el 7D ser\u00e1n temas de una charla abierta que se brindar\u00e1 en el Sal\u00f3n de Actos de la Municipalidad de Necochea el jueves a las 19, invit\u00e1ndose a toda la comunidad. La charla estar\u00e1 a cargo del diputado nacional Carlos Raimundi, y el actor y\u2026","rel":"","context":"En \u00abMedios\u00bb","block_context":{"text":"Medios","link":"https:\/\/www.24baires.com\/?cat=54"},"img":{"alt_text":"","src":"","width":0,"height":0},"classes":[]},{"id":9584,"url":"https:\/\/www.24baires.com\/?p=9584","url_meta":{"origin":9207,"position":4},"title":"Ley de Medios: el juez Alfonso acept\u00f3 la apelaci\u00f3n de Clar\u00edn","author":"AF","date":"18\/12\/2012","format":false,"excerpt":"El juez subrogante de primera instancia en lo Civil y Comercial, Horacio Alfonso, acept\u00f3 este martes la apelaci\u00f3n del Grupo Clar\u00edn respecto del fallo que sosten\u00eda la constitucionalidad de los art\u00edculos 161 y 45 de la ley de Servicios de Comunicaci\u00f3n Audiovisual. La C\u00e1mara Nacional de Apelaciones en lo Civil\u2026","rel":"","context":"En \u00abMedios\u00bb","block_context":{"text":"Medios","link":"https:\/\/www.24baires.com\/?cat=54"},"img":{"alt_text":"alfonso juez","src":"https:\/\/i0.wp.com\/www.24baires.com\/wp-content\/uploads\/2012\/12\/alfonso-juez-300x224.jpg?resize=350%2C200","width":350,"height":200},"classes":[]},{"id":21263,"url":"https:\/\/www.24baires.com\/?p=21263","url_meta":{"origin":9207,"position":5},"title":"Ley de medios: para la C\u00e1mara Federal dos art\u00edculos son constitucionales y dos no","author":"Grupo Sierra","date":"17\/04\/2013","format":false,"excerpt":"Los camaristas dictaron como constitucionales los art\u00edculos 161 (desinversi\u00f3n) y el 41. Y declararon que parte del art\u00edculo 45 (cantidad de licencias) y el 48 son inconstitucionales. El pr\u00f3ximo y \u00faltimo paso ser\u00e1 la Corte Suprema de la Naci\u00f3n. El juez de primera instancia y el fiscal a cargo se\u2026","rel":"","context":"En \u00abMedios\u00bb","block_context":{"text":"Medios","link":"https:\/\/www.24baires.com\/?cat=54"},"img":{"alt_text":"","src":"","width":0,"height":0},"classes":[]}],"jetpack_sharing_enabled":true,"jetpack_likes_enabled":true,"_links":{"self":[{"href":"https:\/\/www.24baires.com\/index.php?rest_route=\/wp\/v2\/posts\/9207","targetHints":{"allow":["GET"]}}],"collection":[{"href":"https:\/\/www.24baires.com\/index.php?rest_route=\/wp\/v2\/posts"}],"about":[{"href":"https:\/\/www.24baires.com\/index.php?rest_route=\/wp\/v2\/types\/post"}],"author":[{"embeddable":true,"href":"https:\/\/www.24baires.com\/index.php?rest_route=\/wp\/v2\/users\/4"}],"replies":[{"embeddable":true,"href":"https:\/\/www.24baires.com\/index.php?rest_route=%2Fwp%2Fv2%2Fcomments&post=9207"}],"version-history":[{"count":3,"href":"https:\/\/www.24baires.com\/index.php?rest_route=\/wp\/v2\/posts\/9207\/revisions"}],"predecessor-version":[{"id":9211,"href":"https:\/\/www.24baires.com\/index.php?rest_route=\/wp\/v2\/posts\/9207\/revisions\/9211"}],"wp:attachment":[{"href":"https:\/\/www.24baires.com\/index.php?rest_route=%2Fwp%2Fv2%2Fmedia&parent=9207"}],"wp:term":[{"taxonomy":"category","embeddable":true,"href":"https:\/\/www.24baires.com\/index.php?rest_route=%2Fwp%2Fv2%2Fcategories&post=9207"},{"taxonomy":"post_tag","embeddable":true,"href":"https:\/\/www.24baires.com\/index.php?rest_route=%2Fwp%2Fv2%2Ftags&post=9207"}],"curies":[{"name":"wp","href":"https:\/\/api.w.org\/{rel}","templated":true}]}}