{"id":91911,"date":"2017-01-26T12:30:47","date_gmt":"2017-01-26T15:30:47","guid":{"rendered":"http:\/\/www.24baires.com\/?p=91911"},"modified":"2017-01-26T11:27:38","modified_gmt":"2017-01-26T14:27:38","slug":"charly-garcia-comienza-a-editar-su-nuevo-disco","status":"publish","type":"post","link":"https:\/\/www.24baires.com\/?p=91911","title":{"rendered":"Charly Garc\u00eda comienza a editar su nuevo disco"},"content":{"rendered":"<p><img data-recalc-dims=\"1\" loading=\"lazy\" decoding=\"async\" src=\"https:\/\/i0.wp.com\/www.24baires.com\/wp-content\/uploads\/2017\/01\/charly.png?resize=560%2C374\" alt=\"\" width=\"560\" height=\"374\" class=\"aligncenter size-full wp-image-91912\" srcset=\"https:\/\/i0.wp.com\/www.24baires.com\/wp-content\/uploads\/2017\/01\/charly.png?w=560&amp;ssl=1 560w, https:\/\/i0.wp.com\/www.24baires.com\/wp-content\/uploads\/2017\/01\/charly.png?resize=300%2C200&amp;ssl=1 300w\" sizes=\"auto, (max-width: 560px) 100vw, 560px\" \/>El rockstar de la patria tiene listo \u00abRandom\u00bb, su primera placa de estudio a siete a\u00f1os de Kill Gil.<!--more--><\/p>\n<p>Fue una d\u00e9cada escasa de canciones nuevas para Charly Garc\u00eda. Luego del discutido Kill Gil (editado en 2010 pero grabado en 2006, antes de su \u00faltima internaci\u00f3n), finalmente el bicolor tiene disco nuevo:  \u0336R\u0336A\u0336N\u0336D\u0336O\u0336M\u0336 \u0336 SNM estar\u00e1 en la calle en febrero pr\u00f3ximo, editado por Sony Music Argentina.<\/p>\n<p>Acompa\u00f1ado por Palito Ortega,  Charly firm\u00f3 su contrato con la discogr\u00e1fica internacional y, seg\u00fan palabras de Dami\u00e1n Amato, Presidente de Sony Music Sur, \u00abes un enorme orgullo que Charly conf\u00ede su carrera en nosotros. La emoci\u00f3n invadi\u00f3 las oficinas cuando lleg\u00f3 uno de los m\u00e1s grandes artistas de todos los tiempos\u201d.<\/p>\n<p>Palito cont\u00f3 algunos detalles y an\u00e9cdotas de la grabaci\u00f3n del nuevo \u00e1lbum de Garc\u00eda, que estar\u00e1 disponible en todos los formatos a fines del mes de febrero.<\/p>\n<p>\u00bfEstar\u00e1 lo nuevo del m\u00e1s grande rockstar de Argentina entre sus placas m\u00e1s importantes? Habr\u00e1 que parar la oreja y estar a la altura del t\u00f3tem para saberlo.<\/p>\n<p>Mientras tanto, un mini adelanto de Charly escuchando sus canciones nuevas junto a Rosario Ortega.<\/p>\n","protected":false},"excerpt":{"rendered":"<p>El rockstar de la patria tiene listo \u00abRandom\u00bb, su primera placa de estudio a siete a\u00f1os de Kill Gil.<\/p>\n","protected":false},"author":4,"featured_media":0,"comment_status":"open","ping_status":"open","sticky":false,"template":"","format":"standard","meta":{"_jetpack_newsletter_access":"","_jetpack_dont_email_post_to_subs":false,"_jetpack_newsletter_tier_id":0,"_jetpack_memberships_contains_paywalled_content":false,"_jetpack_memberships_contains_paid_content":false,"footnotes":""},"categories":[41],"tags":[],"class_list":["post-91911","post","type-post","status-publish","format-standard","hentry","category-espectaculos"],"jetpack_featured_media_url":"","jetpack_shortlink":"https:\/\/wp.me\/p2JWE0-nUr","jetpack-related-posts":[{"id":42790,"url":"https:\/\/www.24baires.com\/?p=42790","url_meta":{"origin":91911,"position":0},"title":"Internaron a Charly pero se encuentra fuera de peligro","author":"Grupo Sierra","date":"26\/03\/2014","format":false,"excerpt":"As\u00ed lo comunicaron desde su entorno. \"No es nada grave, contin\u00faa estable. No asusten a los fans\", dijeron los allegados al m\u00fasico. Charly Garc\u00eda volvi\u00f3 a ser internado de urgencia, esta vez en el instituto Fleni (Fundaci\u00f3n para la Lucha contra las Enfermedades Neurol\u00f3gicas de la Infancia). El m\u00fasico ingres\u00f3\u2026","rel":"","context":"En \u00abEspectaculos\u00bb","block_context":{"text":"Espectaculos","link":"https:\/\/www.24baires.com\/?cat=41"},"img":{"alt_text":"charly garc\u00eda","src":"https:\/\/i0.wp.com\/www.24baires.com\/wp-content\/uploads\/2013\/11\/charly-garc%C3%ADa.jpg?resize=350%2C200","width":350,"height":200,"srcset":"https:\/\/i0.wp.com\/www.24baires.com\/wp-content\/uploads\/2013\/11\/charly-garc%C3%ADa.jpg?resize=350%2C200 1x, https:\/\/i0.wp.com\/www.24baires.com\/wp-content\/uploads\/2013\/11\/charly-garc%C3%ADa.jpg?resize=525%2C300 1.5x"},"classes":[]},{"id":54376,"url":"https:\/\/www.24baires.com\/?p=54376","url_meta":{"origin":91911,"position":1},"title":"Accidente fatal en Tornquist: muri\u00f3 el \u00abNegro\u00bb Garc\u00eda L\u00f3pez, guitarrista de Charly","author":"AF","date":"27\/09\/2014","format":false,"excerpt":"El m\u00fasico falleci\u00f3 luego de sufrir un accidente cuando volv\u00eda de Sierra de la Ventana, donde hab\u00eda grabado un videoclip con Almafuerte. Una nueva tragedia sacude al rock nacional: el guitarrista Carlos Garc\u00eda L\u00f3pez (54) falleci\u00f3 durante la madrugada del s\u00e1bado en un accidente de tr\u00e1nsito en la ruta 76,\u2026","rel":"","context":"En \u00abLocales\u00bb","block_context":{"text":"Locales","link":"https:\/\/www.24baires.com\/?cat=38"},"img":{"alt_text":"choque negro l\u00f3pez","src":"https:\/\/i0.wp.com\/www.24baires.com\/wp-content\/uploads\/2014\/09\/choque-negro-l%C3%B3pez.jpg?resize=350%2C200","width":350,"height":200,"srcset":"https:\/\/i0.wp.com\/www.24baires.com\/wp-content\/uploads\/2014\/09\/choque-negro-l%C3%B3pez.jpg?resize=350%2C200 1x, https:\/\/i0.wp.com\/www.24baires.com\/wp-content\/uploads\/2014\/09\/choque-negro-l%C3%B3pez.jpg?resize=525%2C300 1.5x"},"classes":[]},{"id":13717,"url":"https:\/\/www.24baires.com\/?p=13717","url_meta":{"origin":91911,"position":2},"title":"Palito Ortega cant\u00f3 en Lago Cochic\u00f3 y le pusieron su nombre al anfiteatro","author":"Grupo Sierra","date":"27\/01\/2013","format":false,"excerpt":"GUAMIN\u00cd.- Luego de una actuaci\u00f3n en Lago Cochic\u00f3, \"El Rey\" y ex gobernador tucumano, Ram\u00f3n 'Palito' Ortega, brind\u00f3 una conferencia de prensa a los medios locales donde calific\u00f3 a Charly Garc\u00eda como un tipo brillante con una mente superior. Destac\u00f3 el apoyo que recibi\u00f3 de Frank Sinatra y pidi\u00f3 que\u2026","rel":"","context":"En \u00abLocales\u00bb","block_context":{"text":"Locales","link":"https:\/\/www.24baires.com\/?cat=38"},"img":{"alt_text":"ORTEGA PALITO","src":"https:\/\/i0.wp.com\/www.24baires.com\/wp-content\/uploads\/2013\/01\/ORTEGA-PALITO.jpg?resize=350%2C200","width":350,"height":200,"srcset":"https:\/\/i0.wp.com\/www.24baires.com\/wp-content\/uploads\/2013\/01\/ORTEGA-PALITO.jpg?resize=350%2C200 1x, https:\/\/i0.wp.com\/www.24baires.com\/wp-content\/uploads\/2013\/01\/ORTEGA-PALITO.jpg?resize=525%2C300 1.5x"},"classes":[]},{"id":76436,"url":"https:\/\/www.24baires.com\/?p=76436","url_meta":{"origin":91911,"position":3},"title":"Charly al nuevo Gobierno: \u00abNo cuenten conmigo, ignorantes\u00bb","author":"GB","date":"15\/12\/2015","format":false,"excerpt":"El m\u00fasico escribi\u00f3 una carta a Hern\u00e1n Lombardi en la que cuestion\u00f3 la designaci\u00f3n de Carlos Manfroni, ex colaborador de la revista de ultraderecha \"Cabildo\", como nuevo subsecretario de Asuntos Legislativos del ministerio de Seguridad. El emblem\u00e1tico m\u00fasico Charly Garc\u00eda escribi\u00f3 una carta abierta en la que cuestion\u00f3 con dureza\u2026","rel":"","context":"En \u00abPol\u00edtica\u00bb","block_context":{"text":"Pol\u00edtica","link":"https:\/\/www.24baires.com\/?cat=51"},"img":{"alt_text":"charly garc\u00eda","src":"https:\/\/i0.wp.com\/www.24baires.com\/wp-content\/uploads\/2013\/11\/charly-garc%C3%ADa.jpg?resize=350%2C200","width":350,"height":200,"srcset":"https:\/\/i0.wp.com\/www.24baires.com\/wp-content\/uploads\/2013\/11\/charly-garc%C3%ADa.jpg?resize=350%2C200 1x, https:\/\/i0.wp.com\/www.24baires.com\/wp-content\/uploads\/2013\/11\/charly-garc%C3%ADa.jpg?resize=525%2C300 1.5x"},"classes":[]},{"id":40459,"url":"https:\/\/www.24baires.com\/?p=40459","url_meta":{"origin":91911,"position":4},"title":"Charly Garc\u00eda cancel\u00f3 el show del 22 en el Col\u00f3n","author":"Grupo Sierra","date":"14\/02\/2014","format":false,"excerpt":"El m\u00fasico lo inform\u00f3 este viernes a trav\u00e9s de un comunicado. Los agentes aludieron a problemas de salud. Charly Garc\u00eda cancel\u00f3 este viernes el concierto que ten\u00eda programado el 22 de febrero en el teatro Col\u00f3n para presentar su espect\u00e1culo \"L\u00edneas paralelas-Artificio de lo imposible\". Seg\u00fan un comunicado difundido por\u2026","rel":"","context":"En \u00abEspectaculos\u00bb","block_context":{"text":"Espectaculos","link":"https:\/\/www.24baires.com\/?cat=41"},"img":{"alt_text":"charly garc\u00eda","src":"https:\/\/i0.wp.com\/www.24baires.com\/wp-content\/uploads\/2013\/11\/charly-garc%C3%ADa.jpg?resize=350%2C200","width":350,"height":200,"srcset":"https:\/\/i0.wp.com\/www.24baires.com\/wp-content\/uploads\/2013\/11\/charly-garc%C3%ADa.jpg?resize=350%2C200 1x, https:\/\/i0.wp.com\/www.24baires.com\/wp-content\/uploads\/2013\/11\/charly-garc%C3%ADa.jpg?resize=525%2C300 1.5x"},"classes":[]},{"id":14848,"url":"https:\/\/www.24baires.com\/?p=14848","url_meta":{"origin":91911,"position":5},"title":"Sui Generis: homenaje en vida","author":"AF","date":"06\/02\/2013","format":false,"excerpt":"Una estatua de bronce que inmortaliza los primeros momentos del d\u00fao Sui Generis en Mar del Plata, cuando Charly Garc\u00eda y Nito Mestre recorr\u00edan las calles y volanteaban para poder llevar a alg\u00fan curioso a sus shows en el Teatro de la Comedia, fue -es y ser\u00e1- el gran homenaje\u2026","rel":"","context":"En \u00abArte &amp; Cultura\u00bb","block_context":{"text":"Arte &amp; Cultura","link":"https:\/\/www.24baires.com\/?cat=53"},"img":{"alt_text":"charly nito monumento","src":"https:\/\/i0.wp.com\/www.24baires.com\/wp-content\/uploads\/2013\/02\/charly-nito-monumento.jpg?resize=350%2C200","width":350,"height":200,"srcset":"https:\/\/i0.wp.com\/www.24baires.com\/wp-content\/uploads\/2013\/02\/charly-nito-monumento.jpg?resize=350%2C200 1x, https:\/\/i0.wp.com\/www.24baires.com\/wp-content\/uploads\/2013\/02\/charly-nito-monumento.jpg?resize=525%2C300 1.5x"},"classes":[]}],"jetpack_sharing_enabled":true,"jetpack_likes_enabled":true,"_links":{"self":[{"href":"https:\/\/www.24baires.com\/index.php?rest_route=\/wp\/v2\/posts\/91911","targetHints":{"allow":["GET"]}}],"collection":[{"href":"https:\/\/www.24baires.com\/index.php?rest_route=\/wp\/v2\/posts"}],"about":[{"href":"https:\/\/www.24baires.com\/index.php?rest_route=\/wp\/v2\/types\/post"}],"author":[{"embeddable":true,"href":"https:\/\/www.24baires.com\/index.php?rest_route=\/wp\/v2\/users\/4"}],"replies":[{"embeddable":true,"href":"https:\/\/www.24baires.com\/index.php?rest_route=%2Fwp%2Fv2%2Fcomments&post=91911"}],"version-history":[{"count":1,"href":"https:\/\/www.24baires.com\/index.php?rest_route=\/wp\/v2\/posts\/91911\/revisions"}],"predecessor-version":[{"id":91913,"href":"https:\/\/www.24baires.com\/index.php?rest_route=\/wp\/v2\/posts\/91911\/revisions\/91913"}],"wp:attachment":[{"href":"https:\/\/www.24baires.com\/index.php?rest_route=%2Fwp%2Fv2%2Fmedia&parent=91911"}],"wp:term":[{"taxonomy":"category","embeddable":true,"href":"https:\/\/www.24baires.com\/index.php?rest_route=%2Fwp%2Fv2%2Fcategories&post=91911"},{"taxonomy":"post_tag","embeddable":true,"href":"https:\/\/www.24baires.com\/index.php?rest_route=%2Fwp%2Fv2%2Ftags&post=91911"}],"curies":[{"name":"wp","href":"https:\/\/api.w.org\/{rel}","templated":true}]}}