{"id":91652,"date":"2017-01-16T19:30:44","date_gmt":"2017-01-16T22:30:44","guid":{"rendered":"http:\/\/www.24baires.com\/?p=91652"},"modified":"2017-01-16T18:10:01","modified_gmt":"2017-01-16T21:10:01","slug":"denuncian-censura-de-telam-en-notas-relacionadas-a-la-detencion-de-milagro-sala","status":"publish","type":"post","link":"https:\/\/www.24baires.com\/?p=91652","title":{"rendered":"Denuncian censura de T\u00e9lam en notas relacionadas a la detenci\u00f3n de Milagro Sala"},"content":{"rendered":"<p><img data-recalc-dims=\"1\" loading=\"lazy\" decoding=\"async\" src=\"https:\/\/i0.wp.com\/www.24baires.com\/wp-content\/uploads\/2017\/01\/telam.jpg?resize=560%2C342\" alt=\"\" width=\"560\" height=\"342\" class=\"aligncenter size-full wp-image-91653\" srcset=\"https:\/\/i0.wp.com\/www.24baires.com\/wp-content\/uploads\/2017\/01\/telam.jpg?w=560&amp;ssl=1 560w, https:\/\/i0.wp.com\/www.24baires.com\/wp-content\/uploads\/2017\/01\/telam.jpg?resize=300%2C183&amp;ssl=1 300w\" sizes=\"auto, (max-width: 560px) 100vw, 560px\" \/>La agencia de noticias estatal elimin\u00f3 material referido a la diputada y l\u00edder de la Tupac Amaru y no public\u00f3 notas como la visita de Estela de Carlotto al penal de Alto Comedero.<!--more--><\/p>\n<p>El Consejo de Redacci\u00f3n editorial de la Comisi\u00f3n Interna de los Trabajadores de T\u00e9lam (SiPreBa) emiti\u00f3 un informe donde se monitorea la producci\u00f3n period\u00edstica y las condiciones de los cronistas que desarrollan su trabajo en las secciones de la agencia nacional de noticias.<\/p>\n<p>Entre los casos que resalta el documento se advierte la detenci\u00f3n de la l\u00edder de la agrupaci\u00f3n juje\u00f1a Tupac Amer\u00fa, Milagro Sala, \u00abfue el caso que, sin dudas, gener\u00f3 los mayores problemas para la conducci\u00f3n period\u00edstica: \u00f3rdenes y contra\u00f3rdenes, desatenciones, materiales eliminados, despistes y recortes groseros fueron las marcas de c\u00f3mo la agencia llev\u00f3 el caso\u00bb.<\/p>\n<p>Al ejemplificar este accionar, se\u00f1al\u00f3: \u00abEl 23 de noviembre Estela de Carlotto visit\u00f3 a Milagro Sala en la c\u00e1rcel. Despu\u00e9s, dio una conferencia de prensa que, por orden de sus superiores, los corresponsales de Jujuy cubrieron. Cubrieron, escribieron y enviaron. Pero despu\u00e9s la agencia decidi\u00f3 que no saliera ni una l\u00ednea. Por supuesto, todos los portales, diarios, radios y canales algo informaron sobre esta visita. Menos la agencia p\u00fablica de noticias\u00bb.<\/p>\n<p>Asimismo, apunt\u00f3: \u00abEl 15 de diciembre se le pidi\u00f3 a un redactor de Pol\u00edtica que cubriera el plenario del Consejo de la Magistratura en el que iba a presentarse un informe sobre la situaci\u00f3n de la justicia penal federal. Durante la sesi\u00f3n, ese tema tuvo un tratamiento m\u00ednimo, pero fue largo, s\u00ed, el debate sobre Sala. Y durante el proceso de selecci\u00f3n de magistrados, se consult\u00f3 a dos postulantes sobre la inclusi\u00f3n de los mismos en el nuevo impuesto a las ganancias. Una vez en la redacci\u00f3n, se le pidi\u00f3 al redactor que escribiera una nota con la mayor cantidad de detalles, pero el despacho qued\u00f3 para la edici\u00f3n del encargado de la tarde. A la noche el material segu\u00eda sin salir -y con el cartel de \u00abNo publicar\u00bb en el sistema-, y ante la consulta del redactor se le inform\u00f3 que hab\u00eda \u00abmuchos materiales sobre Sala\u00bb y que lo suyo se integrar\u00eda a una nota m\u00e1s general con repercusiones\u00bb. Pero esto no ocurri\u00f3: \u00abNi una l\u00ednea al aire, ni sobre Sala, ni sobre Ganancias ni sobre la justicia penal\u00bb.<\/p>\n","protected":false},"excerpt":{"rendered":"<p>La agencia de noticias estatal elimin\u00f3 material referido a la diputada y l\u00edder de la Tupac Amaru y no public\u00f3 notas como la visita de Estela de Carlotto al penal de Alto Comedero.<\/p>\n","protected":false},"author":8,"featured_media":0,"comment_status":"open","ping_status":"open","sticky":false,"template":"","format":"standard","meta":{"_jetpack_newsletter_access":"","_jetpack_dont_email_post_to_subs":false,"_jetpack_newsletter_tier_id":0,"_jetpack_memberships_contains_paywalled_content":false,"_jetpack_memberships_contains_paid_content":false,"footnotes":""},"categories":[54],"tags":[],"class_list":["post-91652","post","type-post","status-publish","format-standard","hentry","category-medios"],"jetpack_featured_media_url":"","jetpack_shortlink":"https:\/\/wp.me\/p2JWE0-nQg","jetpack-related-posts":[{"id":92817,"url":"https:\/\/www.24baires.com\/?p=92817","url_meta":{"origin":91652,"position":0},"title":"Estados Unidos define el caso de Milagro Sala como \u00abuna detenci\u00f3n arbitraria\u00bb","author":"GB","date":"05\/03\/2017","format":false,"excerpt":"El Departamento de Estado alert\u00f3 que \"la ley proh\u00edbe\" este tipo de detenciones y describe los artilugios judiciales que mantuvieron detenida a la l\u00edder de la Tupac Amaru. El Departamento de Estado de los Estados Unidos incluy\u00f3, en su informe anual sobre la situaci\u00f3n de los derechos humanos en el\u2026","rel":"","context":"En \u00abPol\u00edtica\u00bb","block_context":{"text":"Pol\u00edtica","link":"https:\/\/www.24baires.com\/?cat=51"},"img":{"alt_text":"","src":"https:\/\/i0.wp.com\/www.24baires.com\/wp-content\/uploads\/2017\/01\/milagro-sala.jpg?resize=350%2C200","width":350,"height":200,"srcset":"https:\/\/i0.wp.com\/www.24baires.com\/wp-content\/uploads\/2017\/01\/milagro-sala.jpg?resize=350%2C200 1x, https:\/\/i0.wp.com\/www.24baires.com\/wp-content\/uploads\/2017\/01\/milagro-sala.jpg?resize=525%2C300 1.5x"},"classes":[]},{"id":86317,"url":"https:\/\/www.24baires.com\/?p=86317","url_meta":{"origin":91652,"position":1},"title":"Milagro Sala levant\u00f3 la huelga de hambre","author":"GB","date":"16\/08\/2016","format":false,"excerpt":"La referente de la agrupaci\u00f3n Tupac Amaru asegur\u00f3 que lo hizo por pedido de su familia La dirigente de la agrupaci\u00f3n Tupac Amaru, Milagro Sala, levant\u00f3 la huelga de hambre que comenz\u00f3 el viernes \u00faltimo y le explic\u00f3 al juez de Control juje\u00f1o, Isidoro Cruz, que ces\u00f3 la protesta por\u2026","rel":"","context":"En \u00abSociedad\u00bb","block_context":{"text":"Sociedad","link":"https:\/\/www.24baires.com\/?cat=1"},"img":{"alt_text":"milagro salas","src":"https:\/\/i0.wp.com\/www.24baires.com\/wp-content\/uploads\/2016\/01\/milagro-salas.jpg?resize=350%2C200","width":350,"height":200,"srcset":"https:\/\/i0.wp.com\/www.24baires.com\/wp-content\/uploads\/2016\/01\/milagro-salas.jpg?resize=350%2C200 1x, https:\/\/i0.wp.com\/www.24baires.com\/wp-content\/uploads\/2016\/01\/milagro-salas.jpg?resize=525%2C300 1.5x"},"classes":[]},{"id":96751,"url":"https:\/\/www.24baires.com\/?p=96751","url_meta":{"origin":91652,"position":2},"title":"Prisi\u00f3n domiciliaria a Milagro Sala: la casa est\u00e1 abandonada","author":"GB","date":"16\/08\/2017","format":false,"excerpt":"La Justicia le otorg\u00f3 la prisi\u00f3n domiciliaria a la l\u00edder de la Tupac Amaru, Milagro Sala, pero su casa est\u00e1 abandonada. La l\u00edder de la Tupac Amaru, Milagro Sala, fue beneficiada este mi\u00e9rcoles con la prisi\u00f3n domiciliaria, en cumplimiento de la cautelar de la Comisi\u00f3n Interamericana de Derechos Humanos (CIDH)\u2026","rel":"","context":"En \u00abSociedad\u00bb","block_context":{"text":"Sociedad","link":"https:\/\/www.24baires.com\/?cat=1"},"img":{"alt_text":"","src":"https:\/\/i0.wp.com\/www.24baires.com\/wp-content\/uploads\/2017\/08\/domiciliaria-a-milagro-sale.jpg?resize=350%2C200","width":350,"height":200,"srcset":"https:\/\/i0.wp.com\/www.24baires.com\/wp-content\/uploads\/2017\/08\/domiciliaria-a-milagro-sale.jpg?resize=350%2C200 1x, https:\/\/i0.wp.com\/www.24baires.com\/wp-content\/uploads\/2017\/08\/domiciliaria-a-milagro-sale.jpg?resize=525%2C300 1.5x"},"classes":[]},{"id":90960,"url":"https:\/\/www.24baires.com\/?p=90960","url_meta":{"origin":91652,"position":3},"title":"La Corte analizar\u00e1 el reclamo internacional por la liberaci\u00f3n de Milagro Sala","author":"GB","date":"21\/12\/2016","format":false,"excerpt":"La ONU calific\u00f3 de arbitraria la detenci\u00f3n de Milagro Sala. Tambi\u00e9n reclamaron su liberaci\u00f3n la OEA, la CIDH y otros organismos internacionales. Ahora ser\u00e1 el m\u00e1ximo tribunal del pa\u00eds el que definir\u00e1 la situaci\u00f3n de la l\u00edder de la Tupac Amaru. La Corte Suprema de Justicia deber\u00e1 analizar el caso\u2026","rel":"","context":"En \u00abPol\u00edtica\u00bb","block_context":{"text":"Pol\u00edtica","link":"https:\/\/www.24baires.com\/?cat=51"},"img":{"alt_text":"","src":"https:\/\/i0.wp.com\/www.24baires.com\/wp-content\/uploads\/2016\/06\/milagro-sala.jpg?resize=350%2C200","width":350,"height":200,"srcset":"https:\/\/i0.wp.com\/www.24baires.com\/wp-content\/uploads\/2016\/06\/milagro-sala.jpg?resize=350%2C200 1x, https:\/\/i0.wp.com\/www.24baires.com\/wp-content\/uploads\/2016\/06\/milagro-sala.jpg?resize=525%2C300 1.5x"},"classes":[]},{"id":78222,"url":"https:\/\/www.24baires.com\/?p=78222","url_meta":{"origin":91652,"position":4},"title":"Segundo d\u00eda de acampe en Plaza de Mayo en reclamo de la libertad de Milagro Sala","author":"AF","date":"28\/01\/2016","format":false,"excerpt":"Un centenar de integrantes de organizaciones sociales y pol\u00edticas contin\u00faan con la protesta en la hist\u00f3rica plaza. Montaron ayer peque\u00f1as carpas en los alrededores y una m\u00e1s grande en el medio de ese espacio. La protesta frente a la Casa Rosada es para pedir la libertad de la l\u00edder de\u2026","rel":"","context":"En \u00abSociedad\u00bb","block_context":{"text":"Sociedad","link":"https:\/\/www.24baires.com\/?cat=1"},"img":{"alt_text":"milagro salas","src":"https:\/\/i0.wp.com\/www.24baires.com\/wp-content\/uploads\/2016\/01\/milagro-salas.jpg?resize=350%2C200","width":350,"height":200,"srcset":"https:\/\/i0.wp.com\/www.24baires.com\/wp-content\/uploads\/2016\/01\/milagro-salas.jpg?resize=350%2C200 1x, https:\/\/i0.wp.com\/www.24baires.com\/wp-content\/uploads\/2016\/01\/milagro-salas.jpg?resize=525%2C300 1.5x"},"classes":[]},{"id":86235,"url":"https:\/\/www.24baires.com\/?p=86235","url_meta":{"origin":91652,"position":5},"title":"Milagro Sala inici\u00f3 huelga de hambre y denuncian que est\u00e1 incomunicada","author":"GB","date":"12\/08\/2016","format":false,"excerpt":"Desde la Tupac Amaru aseguran que no la dejan hablar ni siquiera con su familia.La detenci\u00f3n de la militante social Milagro Sala sum\u00f3 un nuevo cap\u00edtulo y ahora la l\u00edder la Tupac Amaru inici\u00f3 una huelga de hambre en la c\u00e1rcel, denunciando que fue totalmente incomunicada y no puede establecer\u2026","rel":"","context":"En \u00abSociedad\u00bb","block_context":{"text":"Sociedad","link":"https:\/\/www.24baires.com\/?cat=1"},"img":{"alt_text":"milagro sala","src":"https:\/\/i0.wp.com\/www.24baires.com\/wp-content\/uploads\/2013\/10\/milagro-sala.jpg?resize=350%2C200","width":350,"height":200},"classes":[]}],"jetpack_sharing_enabled":true,"jetpack_likes_enabled":true,"_links":{"self":[{"href":"https:\/\/www.24baires.com\/index.php?rest_route=\/wp\/v2\/posts\/91652","targetHints":{"allow":["GET"]}}],"collection":[{"href":"https:\/\/www.24baires.com\/index.php?rest_route=\/wp\/v2\/posts"}],"about":[{"href":"https:\/\/www.24baires.com\/index.php?rest_route=\/wp\/v2\/types\/post"}],"author":[{"embeddable":true,"href":"https:\/\/www.24baires.com\/index.php?rest_route=\/wp\/v2\/users\/8"}],"replies":[{"embeddable":true,"href":"https:\/\/www.24baires.com\/index.php?rest_route=%2Fwp%2Fv2%2Fcomments&post=91652"}],"version-history":[{"count":1,"href":"https:\/\/www.24baires.com\/index.php?rest_route=\/wp\/v2\/posts\/91652\/revisions"}],"predecessor-version":[{"id":91654,"href":"https:\/\/www.24baires.com\/index.php?rest_route=\/wp\/v2\/posts\/91652\/revisions\/91654"}],"wp:attachment":[{"href":"https:\/\/www.24baires.com\/index.php?rest_route=%2Fwp%2Fv2%2Fmedia&parent=91652"}],"wp:term":[{"taxonomy":"category","embeddable":true,"href":"https:\/\/www.24baires.com\/index.php?rest_route=%2Fwp%2Fv2%2Fcategories&post=91652"},{"taxonomy":"post_tag","embeddable":true,"href":"https:\/\/www.24baires.com\/index.php?rest_route=%2Fwp%2Fv2%2Ftags&post=91652"}],"curies":[{"name":"wp","href":"https:\/\/api.w.org\/{rel}","templated":true}]}}