{"id":9157,"date":"2012-12-14T20:00:09","date_gmt":"2012-12-14T23:00:09","guid":{"rendered":"http:\/\/www.24baires.com\/?p=9157"},"modified":"2012-12-14T20:00:09","modified_gmt":"2012-12-14T23:00:09","slug":"mal-dia-para-clarin-cablevision-no-podra-cobrar-mas-de-123-pesos-en-la-provincia","status":"publish","type":"post","link":"https:\/\/www.24baires.com\/?p=9157","title":{"rendered":"Mal d\u00eda para Clar\u00edn: Cablevisi\u00f3n no podr\u00e1 cobrar m\u00e1s de 123 pesos en la Provincia"},"content":{"rendered":"<p><strong>LA PLATA &#8211;<\/strong> El juez federal de La Plata, Adolfo Gabino Ziulu, hizo lugar hoy a un recurso de la Defensor\u00eda del Pueblo bonaerense en el que denunci\u00f3 que la empresa incumple las resoluciones de la Secretar\u00eda de Comercio del Interior de la Naci\u00f3n sobre la facturaci\u00f3n permitida por el servicio de cable.<!--more--><\/p>\n<p>La cableoperadora del Grupo Clar\u00edn no podr\u00e1 cobrar m\u00e1s de 123 pesos por su servicio b\u00e1sico mensual en la provincia de Buenos Aires, seg\u00fan resolvi\u00f3 hoy el juez federal de La Plata, Adolfo Gabino Ziulu.<\/p>\n<p>El magistrado hizo lugar a una medida cautelar solicitada por el Defensor del Pueblo de la Provincia de Buenos Aires, Carlos Eduardo Bonicatto, quien denunci\u00f3 que la empresa incumple las resoluciones 25 y 97 de la Secretar\u00eda de Comercio del Interior de la Naci\u00f3n, que fijan el precio en 123 m\u00e1ximo para la TV por cable.<\/p>\n<p>En la resoluci\u00f3n judicial se recuerda que \u201cen la actualidad los precios de los servicios de televisi\u00f3n por cable son los fijados por las Resoluci\u00f3n 97\/2012 de la secretar\u00eda de Comercio Interior de la Naci\u00f3n, que prorrog\u00f3 por los meses de octubre a diciembre de 2012 el precio establecido de 123 pesos para el abono b\u00e1sico mensual de ese servicio por la Resoluci\u00f3n 24\/2012\u201d.<\/p>\n<p>En el mismo fallo se insta a la empresa del Grupo Clar\u00edn cumplir con esas dos resoluciones \u201co a las que en adelante la sustituyan\u201d.<\/p>\n<p>Adem\u00e1s, en el mismo fallo se llam\u00f3 a la compa\u00f1\u00eda a \u201cprestar cauci\u00f3n juratoria para responder a los eventuales da\u00f1os y perjuicios que la medida dispuesta pudiere ocasionar\u201d.<\/p>\n<p>&nbsp;<\/p>\n<p>&nbsp;<\/p>\n<p>&nbsp;<\/p>\n<p>&nbsp;<\/p>\n<p>&nbsp;<\/p>\n<p>&nbsp;<\/p>\n<p>&nbsp;<\/p>\n","protected":false},"excerpt":{"rendered":"<p>LA PLATA &#8211; El juez federal de La Plata, Adolfo Gabino Ziulu, hizo lugar hoy a un recurso de la Defensor\u00eda del Pueblo bonaerense en el que denunci\u00f3 que la empresa incumple las resoluciones de la Secretar\u00eda de Comercio del Interior de la Naci\u00f3n sobre la facturaci\u00f3n permitida por el servicio de cable.<\/p>\n","protected":false},"author":11,"featured_media":0,"comment_status":"open","ping_status":"open","sticky":false,"template":"","format":"standard","meta":{"_jetpack_newsletter_access":"","_jetpack_dont_email_post_to_subs":false,"_jetpack_newsletter_tier_id":0,"_jetpack_memberships_contains_paywalled_content":false,"_jetpack_memberships_contains_paid_content":false,"footnotes":""},"categories":[54],"tags":[],"class_list":["post-9157","post","type-post","status-publish","format-standard","hentry","category-medios"],"jetpack_featured_media_url":"","jetpack_shortlink":"https:\/\/wp.me\/p2JWE0-2nH","jetpack-related-posts":[{"id":15087,"url":"https:\/\/www.24baires.com\/?p=15087","url_meta":{"origin":9157,"position":0},"title":"Juez de La Plata intim\u00f3 a Cablevisi\u00f3n a acreditar si ajust\u00f3 la tarifa a lo ordenado","author":"Grupo Sierra","date":"08\/02\/2013","format":false,"excerpt":"El juez federal de La Plata, Adolfo Gabino Ziulu, intim\u00f3 a la empresa a que acredite si se encuentra cumpliendo con una medida cautelar anterior por la cual se le orden\u00f3 ajustar su tarifa por abono a la suma autorizada por la Secretar\u00eda de Comercio Interior. El caso podr\u00eda terminar\u2026","rel":"","context":"En \u00abMedios\u00bb","block_context":{"text":"Medios","link":"https:\/\/www.24baires.com\/?cat=54"},"img":{"alt_text":"cablevision","src":"https:\/\/i0.wp.com\/www.24baires.com\/wp-content\/uploads\/2012\/12\/cablevision.jpg?resize=350%2C200","width":350,"height":200,"srcset":"https:\/\/i0.wp.com\/www.24baires.com\/wp-content\/uploads\/2012\/12\/cablevision.jpg?resize=350%2C200 1x, https:\/\/i0.wp.com\/www.24baires.com\/wp-content\/uploads\/2012\/12\/cablevision.jpg?resize=525%2C300 1.5x"},"classes":[]},{"id":20564,"url":"https:\/\/www.24baires.com\/?p=20564","url_meta":{"origin":9157,"position":1},"title":"Cablevisi\u00f3n \u201cNo quiere cumplir con lo que se le ordena\u00bb advirti\u00f3 Bonicatto","author":"AF","date":"09\/04\/2013","format":false,"excerpt":"El Defensor del Pueblo bonaerense, Carlos Bonicatto, dialog\u00f3 sobre la causa contra la empresa del Grupo Clar\u00edn por el cobro indebido de sus servicio en la Provincia. Adelant\u00f3 que en los pr\u00f3ximos d\u00edas podr\u00eda haber novedades de la Justicia, ya que eval\u00faa un nuevo pedido para que la cableoperadora se\u2026","rel":"","context":"En \u00abMedios\u00bb","block_context":{"text":"Medios","link":"https:\/\/www.24baires.com\/?cat=54"},"img":{"alt_text":"bonicatto","src":"https:\/\/i0.wp.com\/www.24baires.com\/wp-content\/uploads\/2013\/04\/bonicatto.jpg?resize=350%2C200","width":350,"height":200,"srcset":"https:\/\/i0.wp.com\/www.24baires.com\/wp-content\/uploads\/2013\/04\/bonicatto.jpg?resize=350%2C200 1x, https:\/\/i0.wp.com\/www.24baires.com\/wp-content\/uploads\/2013\/04\/bonicatto.jpg?resize=525%2C300 1.5x"},"classes":[]},{"id":33003,"url":"https:\/\/www.24baires.com\/?p=33003","url_meta":{"origin":9157,"position":2},"title":"Ordenan a Cablevisi\u00f3n que incorpore QM Noticias a su grilla","author":"GB","date":"04\/10\/2013","format":false,"excerpt":"LA PLATA-\u00a0El juez de primera instancia, Adolfo Gabino Ziulu, hizo lugar ayer a la medida cautelar presentada por los representantes de la se\u00f1al QM Noticias, que pertenece al Grupo Cielo, y dispuso \"ordenar a Cablevisi\u00f3n S.A., que en el plazo de cinco d\u00edas cumplimente la resoluci\u00f3n 77\/2013 de la AFSCA.\u2026","rel":"","context":"En \u00abMedios\u00bb","block_context":{"text":"Medios","link":"https:\/\/www.24baires.com\/?cat=54"},"img":{"alt_text":"Cable visi\u00f3n","src":"https:\/\/i0.wp.com\/www.24baires.com\/wp-content\/uploads\/2013\/10\/Cable-visi%C3%B3n-300x199.jpg?resize=350%2C200","width":350,"height":200},"classes":[]},{"id":21482,"url":"https:\/\/www.24baires.com\/?p=21482","url_meta":{"origin":9157,"position":3},"title":"Cablevisi\u00f3n deber\u00e1 pagar $100 mil por d\u00eda hasta que baje su tarifa a $130","author":"AF","date":"20\/04\/2013","format":false,"excerpt":"La sanci\u00f3n fue resuelta por el magistrado platense Adolfo Ziulu, tras hacer lugar a un pedido de la Defensor\u00eda del Pueblo bonaerense. A pesar de las sucesivas \u00f3rdenes judiciales, la cableoperadora del Grupo Clar\u00edn se ha negado hasta el momento a adecuar el su abono b\u00e1sico mensual a los 130\u2026","rel":"","context":"En \u00abMedios\u00bb","block_context":{"text":"Medios","link":"https:\/\/www.24baires.com\/?cat=54"},"img":{"alt_text":"cablevisi\u00f3n","src":"https:\/\/i0.wp.com\/www.24baires.com\/wp-content\/uploads\/2013\/01\/cablevisi%C3%B3n-300x199.jpg?resize=350%2C200","width":350,"height":200},"classes":[]},{"id":30722,"url":"https:\/\/www.24baires.com\/?p=30722","url_meta":{"origin":9157,"position":4},"title":"El Defensor del Pueblo de la Provincia afirm\u00f3 que \u00abCablevisi\u00f3n presiona a la Justicia\u00bb","author":"Grupo Sierra","date":"24\/08\/2013","format":false,"excerpt":"Carlos Bonicatto acus\u00f3 a la empresa Cablevisi\u00f3n, del Grupo Clar\u00edn, de \u201cagraviar a las instituciones y presionar a la Justicia\u201d para que ese organismo sea apartado de la causa por sobrefacturaci\u00f3n en la tarifa de televisi\u00f3n por cable a los usuarios. El Defensor del Pueblo bonaerense Carlos Bonicatto, acus\u00f3 hoy\u2026","rel":"","context":"En \u00abMedios\u00bb","block_context":{"text":"Medios","link":"https:\/\/www.24baires.com\/?cat=54"},"img":{"alt_text":"","src":"","width":0,"height":0},"classes":[]},{"id":7260,"url":"https:\/\/www.24baires.com\/?p=7260","url_meta":{"origin":9157,"position":5},"title":"La Defensor\u00eda Bonaerense present\u00f3 una acci\u00f3n judicial para adecuar las tarifas de Cablevisi\u00f3n","author":"Grupo Sierra","date":"29\/11\/2012","format":false,"excerpt":"La Defensor\u00eda del Pueblo de la Provincia de Buenos Aires present\u00f3 un amparo para exigir la nulidad del aumento del servicio que aplic\u00f3 Cablevisi\u00f3n en enero de 2011 y la devoluci\u00f3n de los montos cobrados en exceso desde entonces. En el marco de una conferencia de prensa, el onmbusman bonaerense,\u2026","rel":"","context":"En \u00abEconom\u00eda\u00bb","block_context":{"text":"Econom\u00eda","link":"https:\/\/www.24baires.com\/?cat=45"},"img":{"alt_text":"","src":"","width":0,"height":0},"classes":[]}],"jetpack_sharing_enabled":true,"jetpack_likes_enabled":true,"_links":{"self":[{"href":"https:\/\/www.24baires.com\/index.php?rest_route=\/wp\/v2\/posts\/9157","targetHints":{"allow":["GET"]}}],"collection":[{"href":"https:\/\/www.24baires.com\/index.php?rest_route=\/wp\/v2\/posts"}],"about":[{"href":"https:\/\/www.24baires.com\/index.php?rest_route=\/wp\/v2\/types\/post"}],"author":[{"embeddable":true,"href":"https:\/\/www.24baires.com\/index.php?rest_route=\/wp\/v2\/users\/11"}],"replies":[{"embeddable":true,"href":"https:\/\/www.24baires.com\/index.php?rest_route=%2Fwp%2Fv2%2Fcomments&post=9157"}],"version-history":[{"count":3,"href":"https:\/\/www.24baires.com\/index.php?rest_route=\/wp\/v2\/posts\/9157\/revisions"}],"predecessor-version":[{"id":9160,"href":"https:\/\/www.24baires.com\/index.php?rest_route=\/wp\/v2\/posts\/9157\/revisions\/9160"}],"wp:attachment":[{"href":"https:\/\/www.24baires.com\/index.php?rest_route=%2Fwp%2Fv2%2Fmedia&parent=9157"}],"wp:term":[{"taxonomy":"category","embeddable":true,"href":"https:\/\/www.24baires.com\/index.php?rest_route=%2Fwp%2Fv2%2Fcategories&post=9157"},{"taxonomy":"post_tag","embeddable":true,"href":"https:\/\/www.24baires.com\/index.php?rest_route=%2Fwp%2Fv2%2Ftags&post=9157"}],"curies":[{"name":"wp","href":"https:\/\/api.w.org\/{rel}","templated":true}]}}