{"id":9149,"date":"2012-12-14T19:54:29","date_gmt":"2012-12-14T22:54:29","guid":{"rendered":"http:\/\/www.24baires.com\/?p=9149"},"modified":"2012-12-14T19:54:34","modified_gmt":"2012-12-14T22:54:34","slug":"sabbatella-feliz-estamos-muy-contentos-se-hizo-justicia","status":"publish","type":"post","link":"https:\/\/www.24baires.com\/?p=9149","title":{"rendered":"Sabbatella Feliz: \u00abEstamos muy contentos, se hizo justicia\u00bb"},"content":{"rendered":"<p><a href=\"http:\/\/www.24baires.com\/medios\/9149-sabbatella-feliz-estamos-muy-contentos-se-hizo-justicia\/attachment\/sabbatella-rie\/\" rel=\"attachment wp-att-9150\"><img data-recalc-dims=\"1\" loading=\"lazy\" decoding=\"async\" class=\"alignleft size-medium wp-image-9150\" alt=\"sabbatella rie\" src=\"https:\/\/i0.wp.com\/www.24baires.com\/wp-content\/uploads\/2012\/12\/sabbatella-rie.jpg?resize=300%2C200\" width=\"300\" height=\"200\" srcset=\"https:\/\/i0.wp.com\/www.24baires.com\/wp-content\/uploads\/2012\/12\/sabbatella-rie.jpg?resize=300%2C200&amp;ssl=1 300w, https:\/\/i0.wp.com\/www.24baires.com\/wp-content\/uploads\/2012\/12\/sabbatella-rie.jpg?w=510&amp;ssl=1 510w\" sizes=\"auto, (max-width: 300px) 100vw, 300px\" \/><\/a>El titular de la Autoridad Federal de Servicios de Comunicaci\u00f3n Audiovisual (AFSCA) se\u00f1al\u00f3 que \u201cse termin\u00f3 la medida cautelar\u201d y \u201cse aplicar\u00e1 la ley de Servicios de Comunicaci\u00f3n Audiovisual de manera integral\u201d. \u00a0La sonrisa no le entraba en la cara al Jefe del AFSCA.\u00a0<!--more--><\/p>\n<p>&nbsp;<\/p>\n<p>El titular de la Autoridad Federal de Servicios de Comunicaci\u00f3n Audiovisual (AFSCA), Mart\u00edn Sabbatella, afirm\u00f3 hoy que con el fallo del juez Horacio Alfonso, que declar\u00f3 la constitucionalidad de la Ley de Medios, \u201cse termin\u00f3 la medida cautelar\u201d y la norma \u00abse aplicar\u00e1 de manera integral\u201d.<\/p>\n<p>\u00abEstamos muy contentos, se hizo justicia\u00bb, afirm\u00f3 Sabbatella al salir de la sede de la AFSCA para dirigirse a la Casa de Gobierno, minutos despu\u00e9s de haber recibido la noticia sobre el fallo del magistrado sobre la denominada \u00abcuesti\u00f3n de fondo\u00bb de la ley.<\/p>\n<p>En el mismo sentido se\u00f1al\u00f3 que \u201cfue una barbaridad que una ley de la democracia est\u00e9 frenada durante tres a\u00f1os por presiones de las corporaciones. Nuestra democracia necesita de la aplicaci\u00f3n integral de la ley\u201d.<\/p>\n<p>Por otra parte, se\u00f1al\u00f3 que \u201cest\u00e1bamos absolutamente convencidos de la constitucionalidad de la ley\u201d, y dijo que ahora \u201cel juez lo ha ratificado\u201d.<\/p>\n<p>El titular de la AFSCA advirti\u00f3 adem\u00e1s que, m\u00e1s all\u00e1 de la noticia, la entidad que encabeza a\u00fan no fue notificada.<\/p>\n<p>En ese sentido se\u00f1al\u00f3: \u201cVamos a esperar a ser notificados, vamos a esperar a ver el fallo y en base a eso organizaremos los pasos siguientes en base a lo que ten\u00edamos previsto para la aplicaci\u00f3n integral de la ley\u201d.<\/p>\n<p>Finalmente, el funcionario destac\u00f3 que \u201choy mas que nunca todos tiene que entender que nadie puede estar por fuera de la ley\u201d.<br \/>\nY finaliz\u00f3: \u201cHoy es un buen d\u00eda para la democracia y para la libertad\u201d.<\/p>\n<p>&nbsp;<\/p>\n<p>&nbsp;<\/p>\n<p>&nbsp;<\/p>\n<p>&nbsp;<\/p>\n<p>&nbsp;<\/p>\n<p>&nbsp;<\/p>\n<p>&nbsp;<\/p>\n<p>&nbsp;<\/p>\n","protected":false},"excerpt":{"rendered":"<p>El titular de la Autoridad Federal de Servicios de Comunicaci\u00f3n Audiovisual (AFSCA) se\u00f1al\u00f3 que \u201cse termin\u00f3 la medida cautelar\u201d y \u201cse aplicar\u00e1 la ley de Servicios de Comunicaci\u00f3n Audiovisual de manera integral\u201d. \u00a0La sonrisa no le entraba en la cara al Jefe del AFSCA.\u00a0<\/p>\n","protected":false},"author":11,"featured_media":0,"comment_status":"open","ping_status":"open","sticky":false,"template":"","format":"standard","meta":{"_jetpack_newsletter_access":"","_jetpack_dont_email_post_to_subs":false,"_jetpack_newsletter_tier_id":0,"_jetpack_memberships_contains_paywalled_content":false,"_jetpack_memberships_contains_paid_content":false,"footnotes":""},"categories":[54],"tags":[],"class_list":["post-9149","post","type-post","status-publish","format-standard","hentry","category-medios"],"jetpack_featured_media_url":"","jetpack_shortlink":"https:\/\/wp.me\/p2JWE0-2nz","jetpack-related-posts":[{"id":17513,"url":"https:\/\/www.24baires.com\/?p=17513","url_meta":{"origin":9149,"position":0},"title":"Sabbatella, clar\u00edsimo: \u00abNadie tiene coronita, las reglas son parejas\u00bb","author":"AF","date":"05\/03\/2013","format":false,"excerpt":"El titular de la Autoridad Federal de Servicios de Comunicaci\u00f3n Audiovisual (Afsca), Mart\u00edn Sabbatella, asegur\u00f3 hoy que la venta de medios del grupo Hadad al grupo Indalo, aprobada por ese organismo, \"se ajusta perfectamente a la ley\" porque se enmarca en el plan de adecuaci\u00f3n, e insisti\u00f3 con que \"las\u2026","rel":"","context":"En \u00abMedios\u00bb","block_context":{"text":"Medios","link":"https:\/\/www.24baires.com\/?cat=54"},"img":{"alt_text":"","src":"","width":0,"height":0},"classes":[]},{"id":26089,"url":"https:\/\/www.24baires.com\/?p=26089","url_meta":{"origin":9149,"position":1},"title":"Sabbatella pide \u201cceleridad\u201d a la Corte Suprema","author":"Grupo Sierra","date":"16\/06\/2013","format":false,"excerpt":"\u201cLa ley de Medios avanza, a pesar de la acci\u00f3n judicial del Grupo Clar\u00edn y la cantidad de maniobras pol\u00edticas, comunicacionales y judiciales que buscan extender los tiempos para sostener su situaci\u00f3n de privilegio y as\u00ed dilatar la aplicaci\u00f3n integral de la norma\u201d, asegur\u00f3 el titular de la Autoridad Federal\u2026","rel":"","context":"En \u00abMedios\u00bb","block_context":{"text":"Medios","link":"https:\/\/www.24baires.com\/?cat=54"},"img":{"alt_text":"","src":"","width":0,"height":0},"classes":[]},{"id":24098,"url":"https:\/\/www.24baires.com\/?p=24098","url_meta":{"origin":9149,"position":2},"title":"Para Sabbatella el Decreto de Macri es un \u00abmamarracho jur\u00eddico\u00bb","author":"Grupo Sierra","date":"22\/05\/2013","format":false,"excerpt":"El titular de la Afsca, Mart\u00edn Sabbatella, se refiri\u00f3 hoy a la medida cautelar dectada ayer por la Justicia porte\u00f1a y que frena el DNU de Macri, del que reiter\u00f3 que \u201cdesde el punto de vista jur\u00eddico es un mamarracho\". \u201cEl titular de la Autoridad Federal de Servicios de Comunicaci\u00f3n\u2026","rel":"","context":"En \u00abMedios\u00bb","block_context":{"text":"Medios","link":"https:\/\/www.24baires.com\/?cat=54"},"img":{"alt_text":"","src":"","width":0,"height":0},"classes":[]},{"id":37222,"url":"https:\/\/www.24baires.com\/?p=37222","url_meta":{"origin":9149,"position":3},"title":"Sabbatella dijo sobre Clar\u00edn: \u00abno se puede cumplir con un pedacito de la ley\u00bb","author":"GB","date":"20\/12\/2013","format":false,"excerpt":"El titular de la Autoridad Federal de Servicios de Comunicaci\u00f3n Audiovisual (AFSCA), Mart\u00edn Sabbatella, dijo hoy que \u201cno se puede presentar un plan de adecuaci\u00f3n mostrando voluntad de cumplir la ley cuando no lo est\u00e1n haciendo en otros aspectos de esa misma norma\u201d, y grafic\u00f3 que \u201cno se puede cumplir\u2026","rel":"","context":"En \u00abMedios\u00bb","block_context":{"text":"Medios","link":"https:\/\/www.24baires.com\/?cat=54"},"img":{"alt_text":"sabbatella post fallo","src":"https:\/\/i0.wp.com\/www.24baires.com\/wp-content\/uploads\/2012\/12\/sabbatella-post-fallo-300x200.jpg?resize=350%2C200","width":350,"height":200},"classes":[]},{"id":21314,"url":"https:\/\/www.24baires.com\/?p=21314","url_meta":{"origin":9149,"position":4},"title":"Sabbatella: \u00abEste fallo busca destrozar el esp\u00edritu antimonop\u00f3lico de la ley de medios\u00bb","author":"AF","date":"18\/04\/2013","format":false,"excerpt":"El titular de la Autoridad Federal de Servicios de Comunicaci\u00f3n Audiovisual asegur\u00f3 que con su fallo, la C\u00e1mara Civil y Comercial \"busca destrozar el esp\u00edritu antimonop\u00f3lico de la ley de Medios\". \"El fallo destroza los l\u00edmites, desvirt\u00faa el esp\u00edritu antimonop\u00f3lico de la ley y construyen otra ley que defiende los\u2026","rel":"","context":"En \u00abMedios\u00bb","block_context":{"text":"Medios","link":"https:\/\/www.24baires.com\/?cat=54"},"img":{"alt_text":"sabatella locura","src":"https:\/\/i0.wp.com\/www.24baires.com\/wp-content\/uploads\/2012\/11\/sabatella-locura.jpg?resize=350%2C200","width":350,"height":200,"srcset":"https:\/\/i0.wp.com\/www.24baires.com\/wp-content\/uploads\/2012\/11\/sabatella-locura.jpg?resize=350%2C200 1x, https:\/\/i0.wp.com\/www.24baires.com\/wp-content\/uploads\/2012\/11\/sabatella-locura.jpg?resize=525%2C300 1.5x"},"classes":[]},{"id":30950,"url":"https:\/\/www.24baires.com\/?p=30950","url_meta":{"origin":9149,"position":5},"title":"Sabbatella: \u00abClar\u00edn quiere condicionar a los poderes p\u00fablicos y definir el rumbo del pa\u00eds\u00bb","author":"GB","date":"28\/08\/2013","format":false,"excerpt":"El titular de la Autoridad Federal de Servicios de Comunicaci\u00f3n Audiovisual (Afsca), Mart\u00edn Sabbatella, afirm\u00f3 que \"la democracia necesita que la ley de medios se aplique integralmente\", y expres\u00f3 que \"espero que este sea el paso previo para que la Corte (Suprema de Justicia) se pronuncie\", con respecto a la\u2026","rel":"","context":"En \u00abMedios\u00bb","block_context":{"text":"Medios","link":"https:\/\/www.24baires.com\/?cat=54"},"img":{"alt_text":"Sabbatella","src":"https:\/\/i0.wp.com\/www.24baires.com\/wp-content\/uploads\/2013\/08\/Sabbatella.jpg?resize=350%2C200","width":350,"height":200},"classes":[]}],"jetpack_sharing_enabled":true,"jetpack_likes_enabled":true,"_links":{"self":[{"href":"https:\/\/www.24baires.com\/index.php?rest_route=\/wp\/v2\/posts\/9149","targetHints":{"allow":["GET"]}}],"collection":[{"href":"https:\/\/www.24baires.com\/index.php?rest_route=\/wp\/v2\/posts"}],"about":[{"href":"https:\/\/www.24baires.com\/index.php?rest_route=\/wp\/v2\/types\/post"}],"author":[{"embeddable":true,"href":"https:\/\/www.24baires.com\/index.php?rest_route=\/wp\/v2\/users\/11"}],"replies":[{"embeddable":true,"href":"https:\/\/www.24baires.com\/index.php?rest_route=%2Fwp%2Fv2%2Fcomments&post=9149"}],"version-history":[{"count":4,"href":"https:\/\/www.24baires.com\/index.php?rest_route=\/wp\/v2\/posts\/9149\/revisions"}],"predecessor-version":[{"id":9155,"href":"https:\/\/www.24baires.com\/index.php?rest_route=\/wp\/v2\/posts\/9149\/revisions\/9155"}],"wp:attachment":[{"href":"https:\/\/www.24baires.com\/index.php?rest_route=%2Fwp%2Fv2%2Fmedia&parent=9149"}],"wp:term":[{"taxonomy":"category","embeddable":true,"href":"https:\/\/www.24baires.com\/index.php?rest_route=%2Fwp%2Fv2%2Fcategories&post=9149"},{"taxonomy":"post_tag","embeddable":true,"href":"https:\/\/www.24baires.com\/index.php?rest_route=%2Fwp%2Fv2%2Ftags&post=9149"}],"curies":[{"name":"wp","href":"https:\/\/api.w.org\/{rel}","templated":true}]}}