{"id":9128,"date":"2012-12-14T18:08:37","date_gmt":"2012-12-14T21:08:37","guid":{"rendered":"http:\/\/www.24baires.com\/?p=9128"},"modified":"2012-12-15T12:44:08","modified_gmt":"2012-12-15T15:44:08","slug":"termino-el-monopolio-el-juez-horacio-alfonso-declaro-la-constitucionalidad-de-la-ley-de-medios","status":"publish","type":"post","link":"https:\/\/www.24baires.com\/?p=9128","title":{"rendered":"Fin del Monopolio: El juez Alfonso declar\u00f3 la constitucionalidad de la Ley de Medios"},"content":{"rendered":"<p>El magistrado del fuero Civil y Comercial desestim\u00f3 el planteo del Grupo Clar\u00edn en cuanto a la cuesti\u00f3n de fondo y declar\u00f3 la constitucionalidad de todos los art\u00edculos objetados por el monopolio. Orden\u00f3 el inmediato levantamiento de la cautelar que frena la plena aplicaci\u00f3n de la Ley de Servicios de Comunicaci\u00f3n Audiovisual. <a href=\"http:\/\/www.cij.gov.ar\/adj\/pdfs\/ADJ-0.944719001355520873.pdf\" target=\"_blank\"><strong>Aqu\u00ed el fallo completo.\u00a0<\/strong><\/a><!--more--><\/p>\n<p>Fuentes judiciales confirmaron que el juez convalid\u00f3 la constitucionalidad del art\u00edculo cuestionado por Clarin, que hace tres a\u00f1os logr\u00f3 paralizar la aplicaci\u00f3n de esta norma.<\/p>\n<p>De esta manera se resuelve la denominada \u00abcuesti\u00f3n de fondo\u00bb, respecto de c\u00f3mo tienen que adecuarse los grupos medi\u00e1ticos sobre la cantidad de licencias que puede tener cada uno de ellos.<\/p>\n<p>&nbsp;<\/p>\n<p><a href=\"http:\/\/www.cij.gov.ar\/adj\/pdfs\/ADJ-0.944719001355520873.pdf\" target=\"_blank\">AQU\u00cd EL FALLO COMPLETO<\/a><\/p>\n<p>&nbsp;<\/p>\n","protected":false},"excerpt":{"rendered":"<p>El magistrado del fuero Civil y Comercial desestim\u00f3 el planteo del Grupo Clar\u00edn en cuanto a la cuesti\u00f3n de fondo y declar\u00f3 la constitucionalidad de todos los art\u00edculos objetados por el monopolio. Orden\u00f3 el inmediato levantamiento de la cautelar que frena la plena aplicaci\u00f3n de la Ley de Servicios de Comunicaci\u00f3n Audiovisual. Aqu\u00ed el fallo completo.\u00a0<\/p>\n","protected":false},"author":11,"featured_media":0,"comment_status":"open","ping_status":"open","sticky":false,"template":"","format":"standard","meta":{"_jetpack_newsletter_access":"","_jetpack_dont_email_post_to_subs":false,"_jetpack_newsletter_tier_id":0,"_jetpack_memberships_contains_paywalled_content":false,"_jetpack_memberships_contains_paid_content":false,"footnotes":""},"categories":[54],"tags":[],"class_list":["post-9128","post","type-post","status-publish","format-standard","hentry","category-medios"],"jetpack_featured_media_url":"","jetpack_shortlink":"https:\/\/wp.me\/p2JWE0-2ne","jetpack-related-posts":[{"id":21371,"url":"https:\/\/www.24baires.com\/?p=21371","url_meta":{"origin":9128,"position":0},"title":"Ni los Monopolios con esta Justicia son iguales ante la Ley","author":"Grupo Sierra","date":"18\/04\/2013","format":false,"excerpt":"Empecemos con una pregunta ineludible: \u00bfCu\u00e1l es la esencia de la Ley de Medios? Y no caigamos en la chicana corta de responder \u201cquerer voltear a Clar\u00edn\u201d, que seguramente es lo que moviliz\u00f3 la militancia de unos cuantos, m\u00e1s all\u00e1 del esp\u00edritu democr\u00e1tico del proyecto. Nos preguntamos cu\u00e1l es el\u2026","rel":"","context":"En \u00abOpini\u00f3n\u00bb","block_context":{"text":"Opini\u00f3n","link":"https:\/\/www.24baires.com\/?cat=64"},"img":{"alt_text":"tribunales","src":"https:\/\/i0.wp.com\/www.24baires.com\/wp-content\/uploads\/2012\/11\/tribunales.jpg?resize=350%2C200","width":350,"height":200,"srcset":"https:\/\/i0.wp.com\/www.24baires.com\/wp-content\/uploads\/2012\/11\/tribunales.jpg?resize=350%2C200 1x, https:\/\/i0.wp.com\/www.24baires.com\/wp-content\/uploads\/2012\/11\/tribunales.jpg?resize=525%2C300 1.5x"},"classes":[]},{"id":8627,"url":"https:\/\/www.24baires.com\/?p=8627","url_meta":{"origin":9128,"position":1},"title":"La Corte Suprema rechaz\u00f3 el per saltum","author":"Grupo Sierra","date":"10\/12\/2012","format":false,"excerpt":"El m\u00e1ximo tribunal resolvi\u00f3 no hacer uso de ese recurso, solicitado por el Gobierno para revisar el fallo de la C\u00e1mara que hab\u00eda extendido la cautelar del Grupo Clar\u00edn en contra de la aplicaci\u00f3n de la Ley de Medios. Se deber\u00e1 esperar el fallo del Juez Alfonso. AMPLIAREMOS La Corte\u2026","rel":"","context":"En \u00abMedios\u00bb","block_context":{"text":"Medios","link":"https:\/\/www.24baires.com\/?cat=54"},"img":{"alt_text":"","src":"","width":0,"height":0},"classes":[]},{"id":9207,"url":"https:\/\/www.24baires.com\/?p=9207","url_meta":{"origin":9128,"position":2},"title":"\u00abEl fallo de Alfonso repara la aberraci\u00f3n de la C\u00e1mara\u00bb, asegur\u00f3 Raimundi","author":"AF","date":"15\/12\/2012","format":false,"excerpt":"A trav\u00e9s de un comunicado, el diputado nacional por Nuevo Encuentro, Carlos Raimundi, se refiri\u00f3 al fallo que declar\u00f3 la constitucionalidad de los art\u00edculos de la Ley de Medios que cuestionara el Grupo Clar\u00edn. El legislador Carlos Raimundi record\u00f3 que la ley votada por amplia mayor\u00eda del Congreso hace tres\u2026","rel":"","context":"En \u00abMedios\u00bb","block_context":{"text":"Medios","link":"https:\/\/www.24baires.com\/?cat=54"},"img":{"alt_text":"raimundi","src":"https:\/\/i0.wp.com\/www.24baires.com\/wp-content\/uploads\/2012\/12\/raimundi-300x200.jpg?resize=350%2C200","width":350,"height":200},"classes":[]},{"id":21263,"url":"https:\/\/www.24baires.com\/?p=21263","url_meta":{"origin":9128,"position":3},"title":"Ley de medios: para la C\u00e1mara Federal dos art\u00edculos son constitucionales y dos no","author":"Grupo Sierra","date":"17\/04\/2013","format":false,"excerpt":"Los camaristas dictaron como constitucionales los art\u00edculos 161 (desinversi\u00f3n) y el 41. Y declararon que parte del art\u00edculo 45 (cantidad de licencias) y el 48 son inconstitucionales. El pr\u00f3ximo y \u00faltimo paso ser\u00e1 la Corte Suprema de la Naci\u00f3n. El juez de primera instancia y el fiscal a cargo se\u2026","rel":"","context":"En \u00abMedios\u00bb","block_context":{"text":"Medios","link":"https:\/\/www.24baires.com\/?cat=54"},"img":{"alt_text":"","src":"","width":0,"height":0},"classes":[]},{"id":26089,"url":"https:\/\/www.24baires.com\/?p=26089","url_meta":{"origin":9128,"position":4},"title":"Sabbatella pide \u201cceleridad\u201d a la Corte Suprema","author":"Grupo Sierra","date":"16\/06\/2013","format":false,"excerpt":"\u201cLa ley de Medios avanza, a pesar de la acci\u00f3n judicial del Grupo Clar\u00edn y la cantidad de maniobras pol\u00edticas, comunicacionales y judiciales que buscan extender los tiempos para sostener su situaci\u00f3n de privilegio y as\u00ed dilatar la aplicaci\u00f3n integral de la norma\u201d, asegur\u00f3 el titular de la Autoridad Federal\u2026","rel":"","context":"En \u00abMedios\u00bb","block_context":{"text":"Medios","link":"https:\/\/www.24baires.com\/?cat=54"},"img":{"alt_text":"","src":"","width":0,"height":0},"classes":[]},{"id":10904,"url":"https:\/\/www.24baires.com\/?p=10904","url_meta":{"origin":9128,"position":5},"title":"El Gobierno solicitar\u00e1 la habilitaci\u00f3n de la feria judicial para tratar la Ley de Medios","author":"AF","date":"01\/01\/2013","format":false,"excerpt":"El gobierno pedir\u00e1 este mi\u00e9rcoles, en el primer d\u00eda h\u00e1bil del a\u00f1o, que la C\u00e1mara Federal Civil y Comercial Federal habilite la feria judicial de enero para resolver con \u201cceleridad\u201d la causa planteada por el grupo Clar\u00edn contra la Ley de Medios. La presentaci\u00f3n la har\u00e1 a primera hora la\u2026","rel":"","context":"En \u00abMedios\u00bb","block_context":{"text":"Medios","link":"https:\/\/www.24baires.com\/?cat=54"},"img":{"alt_text":"","src":"","width":0,"height":0},"classes":[]}],"jetpack_sharing_enabled":true,"jetpack_likes_enabled":true,"_links":{"self":[{"href":"https:\/\/www.24baires.com\/index.php?rest_route=\/wp\/v2\/posts\/9128","targetHints":{"allow":["GET"]}}],"collection":[{"href":"https:\/\/www.24baires.com\/index.php?rest_route=\/wp\/v2\/posts"}],"about":[{"href":"https:\/\/www.24baires.com\/index.php?rest_route=\/wp\/v2\/types\/post"}],"author":[{"embeddable":true,"href":"https:\/\/www.24baires.com\/index.php?rest_route=\/wp\/v2\/users\/11"}],"replies":[{"embeddable":true,"href":"https:\/\/www.24baires.com\/index.php?rest_route=%2Fwp%2Fv2%2Fcomments&post=9128"}],"version-history":[{"count":3,"href":"https:\/\/www.24baires.com\/index.php?rest_route=\/wp\/v2\/posts\/9128\/revisions"}],"predecessor-version":[{"id":9230,"href":"https:\/\/www.24baires.com\/index.php?rest_route=\/wp\/v2\/posts\/9128\/revisions\/9230"}],"wp:attachment":[{"href":"https:\/\/www.24baires.com\/index.php?rest_route=%2Fwp%2Fv2%2Fmedia&parent=9128"}],"wp:term":[{"taxonomy":"category","embeddable":true,"href":"https:\/\/www.24baires.com\/index.php?rest_route=%2Fwp%2Fv2%2Fcategories&post=9128"},{"taxonomy":"post_tag","embeddable":true,"href":"https:\/\/www.24baires.com\/index.php?rest_route=%2Fwp%2Fv2%2Ftags&post=9128"}],"curies":[{"name":"wp","href":"https:\/\/api.w.org\/{rel}","templated":true}]}}