{"id":9112,"date":"2012-12-14T15:25:08","date_gmt":"2012-12-14T18:25:08","guid":{"rendered":"http:\/\/www.24baires.com\/?p=9112"},"modified":"2012-12-14T15:25:16","modified_gmt":"2012-12-14T18:25:16","slug":"acua-mayor-la-nueva-senal-de-la-television-digital-abierta-para-los-abuelos","status":"publish","type":"post","link":"https:\/\/www.24baires.com\/?p=9112","title":{"rendered":"&#8216;ACUA Mayor&#8217; la nueva se\u00f1al de la Televisi\u00f3n Digital Abierta para los abuelos"},"content":{"rendered":"<p><a href=\"http:\/\/www.24baires.com\/medios\/9112-acua-mayor-la-nueva-senal-de-la-television-digital-abierta-para-los-abuelos\/attachment\/acua-mayor\/\" rel=\"attachment wp-att-9113\"><img data-recalc-dims=\"1\" loading=\"lazy\" decoding=\"async\" class=\"aligncenter size-full wp-image-9113\" alt=\"ACUA Mayor\" src=\"https:\/\/i0.wp.com\/www.24baires.com\/wp-content\/uploads\/2012\/12\/ACUA-Mayor.jpg?resize=560%2C373\" width=\"560\" height=\"373\" srcset=\"https:\/\/i0.wp.com\/www.24baires.com\/wp-content\/uploads\/2012\/12\/ACUA-Mayor.jpg?w=560&amp;ssl=1 560w, https:\/\/i0.wp.com\/www.24baires.com\/wp-content\/uploads\/2012\/12\/ACUA-Mayor.jpg?resize=300%2C199&amp;ssl=1 300w\" sizes=\"auto, (max-width: 560px) 100vw, 560px\" \/><\/a><\/p>\n<p>Esta se\u00f1al para adultos mayores busca derribar los prejuicios sobre la vejez y mostrar las distintas formas por envejecimiento. Fue lanzada ayer por la Presidenta, en el marco de las nuevas propuestas de la Televisi\u00f3n Digital Abierta (TDA).<!--more--><\/p>\n<p>\u201cNo existe una forma de envejecer, hay tantas `vejeces\u00b4 como personas y eso es lo que queremos contar, que es todo lo opuesto a lo que se muestra en la televisi\u00f3n donde el mayor no aparece, y si lo hace es el abuelo de la novela, o el que cumple 100 a\u00f1os\u00bb, explic\u00f3 Gabriel Katz, director de contenidos de ACUA Mayor.<\/p>\n<p>Katz record\u00f3 que \u201cel gobierno nacional, despu\u00e9s de la sanci\u00f3n de la Ley de Medios de Servicios Audiovisuales y de distintas estrategias para aplicarla, entre otras cosas, comenz\u00f3 a repartir decodificadores para acceder a la televisi\u00f3n digital, en primer lugar a los beneficiarios de planes sociales y los jubilados\u201d.<\/p>\n<p>Agreg\u00f3 que \u201cesta inclusi\u00f3n tecnol\u00f3gica est\u00e1 acompa\u00f1ada con la implementaci\u00f3n del art\u00edculo 93 de la Ley de Medios que dice que hay que desarrollar contenidos que puedan escuchar a las minor\u00edas y grupos sociales discriminados\u201d.<\/p>\n<p>\u201cLos medios de comunicaci\u00f3n son portavoces y formadores a la vez de las representaciones que la sociedad construye y, por lo tanto, la presencia de los prejuicios se traslucen de forma clara en la pantalla\u201d, asegur\u00f3 por su parte el psicogeront\u00f3logo Ricardo Iacub, asesor del proyecto.<\/p>\n<p>En este sentido, el docente de psicolog\u00eda de la vejez en c\u00e1tedras de la Universidad de Mar del Plata y de la Universidad de Buenos Aires advirti\u00f3 que \u201ctener una se\u00f1al de televisi\u00f3n que permita mostrar de otra manera a los mayores, m\u00e1s parecida a la real, permitir\u00e1 de a poco trabajar sobre la forma en la que son representados y comprender que hay un nuevo paradigma de vejez\u00bb.<\/p>\n<p>Desde sus inicios, los realizadores del proyecto consultaron a diferentes espacios que trabajan con personas mayores y que conformaron el denominado Comit\u00e9 Orientador de la se\u00f1al: la Direcci\u00f3n Nacional de Pol\u00edticas para Adultos Mayores (DINAPAM, del Ministerio de Desarrollo Social), PAMI, ANSES, AMIA, y las universidades nacionales de Buenos Aires, Mar del Plata, Lomas de Zamora y San Mart\u00edn.<\/p>\n<p>\u201cCada formato y cada contenido responde a una l\u00ednea gerontol\u00f3gica que fue y es consultado con el Comit\u00e9 Orientador y es una traducci\u00f3n de las pol\u00edticas p\u00fablicas y sociales en torno a este colectivo\u201d, remarc\u00f3 Katz.<\/p>\n<p>Entre los programas que podr\u00e1n verse en pantalla se encuentra \u201cEl Club del Deseo\u201d, que es un taller de sexo y erotismo para adultos mayores donde un coordinador, a trav\u00e9s de din\u00e1micas grupales, y permite que salgan a la superficie temas vinculados a esta tem\u00e1tica como el amor, la masturbaci\u00f3n, la sensualidad, la sexualidad y el deseo.<\/p>\n<p>\u201cEsto tiene que ver con empoderar a los mayores y con comprender que el deseo uno lo pierde cuando se muere\u201d, fundament\u00f3 Katz, quien agreg\u00f3 que tambi\u00e9n hay un programa para aprender a usar la computadora e Internet.<\/p>\n<p>Otro programa se llama \u201cSue\u00f1os Mayores\u201d, donde personas reconocidas cuentan cu\u00e1les eran sus sue\u00f1os de j\u00f3venes y cu\u00e1les ahora; \u201cLo que s\u00e9 de mi abuelo\u201d, donde personas de diferentes generaciones cuentan lo que saben de los padres de sus padres; \u201cPiano Bar\u201d, que es un ciclo de entrevistas conducido por Eduardo Aliverti, entre otros.<\/p>\n<p>\u201cNo es lo mismo contar para adultos mayores que para el resto de la sociedad, por ejemplo, el tama\u00f1o del z\u00f3calo, que es donde se ponen los datos de la persona que habla, lo hicimos m\u00e1s grande, tambi\u00e9n buscamos colores que connoten vitalidad para poder expresar el paradigma de envejecimiento activo\u201d, describi\u00f3 el director de contenidos.<\/p>\n<p>Advirti\u00f3 que \u201cesto no implica hacer una televisi\u00f3n de gueto, hay muchos programas que tienen presencia intergeneracional, lo que s\u00ed hay es un claro protagonismo de la vejez y de los adultos mayores, que, por otra parte, en Argentina son casi seis millones de personas\u201d.<\/p>\n<p>Seg\u00fan Katz, el resultado del trabajo dio forma a \u201cuna se\u00f1al es muy coloquial, muy p\u00edcara y muy er\u00f3tica, en el sentido que interpela al deseo todo el tiempo, pero no s\u00f3lo el deseo a encontrar el amor, sino tambi\u00e9n el deseo de trabajar, de tener un ocio creativo\u201d.<\/p>\n<p>A la espera de tener pantalla, ACUA Mayor se inscribe dentro del Arbol de Contenidos Universales Argentinos (ACUA) y se realiza en el marco de las propuestas de la Televisi\u00f3n Digital Abierta (TDA) que depende del Ministerio de Planificaci\u00f3n.<\/p>\n<p>\u201cAunque sea una paradoja, otro objetivo central de nuestra se\u00f1al es que los mayores no miren televisi\u00f3n, que salgan a la calle a realizar las actividades que se proponen, a vincularse con otras generaciones, que hagan talleres, cursos, que encuentren amores, amigos, que se diviertan y que la tele sea s\u00f3lo una extensi\u00f3n de una vida p\u00fablica\u201d, concluy\u00f3 Katz.<\/p>\n<p>&nbsp;<\/p>\n<p>&nbsp;<\/p>\n<p>&nbsp;<\/p>\n<p>&nbsp;<\/p>\n<p>&nbsp;<\/p>\n<p>&nbsp;<\/p>\n<p>&nbsp;<\/p>\n<p>&nbsp;<\/p>\n<p>&nbsp;<\/p>\n","protected":false},"excerpt":{"rendered":"<p>Esta se\u00f1al para adultos mayores busca derribar los prejuicios sobre la vejez y mostrar las distintas formas por envejecimiento. Fue lanzada ayer por la Presidenta, en el marco de las nuevas propuestas de la Televisi\u00f3n Digital Abierta (TDA).<\/p>\n","protected":false},"author":11,"featured_media":0,"comment_status":"open","ping_status":"open","sticky":false,"template":"","format":"standard","meta":{"_jetpack_newsletter_access":"","_jetpack_dont_email_post_to_subs":false,"_jetpack_newsletter_tier_id":0,"_jetpack_memberships_contains_paywalled_content":false,"_jetpack_memberships_contains_paid_content":false,"footnotes":""},"categories":[54],"tags":[],"class_list":["post-9112","post","type-post","status-publish","format-standard","hentry","category-medios"],"jetpack_featured_media_url":"","jetpack_shortlink":"https:\/\/wp.me\/p2JWE0-2mY","jetpack-related-posts":[{"id":38198,"url":"https:\/\/www.24baires.com\/?p=38198","url_meta":{"origin":9112,"position":0},"title":"Desde la Universidad de La Plata realizar\u00e1n un Talk Show","author":"Grupo Sierra","date":"09\/01\/2014","format":false,"excerpt":"La se\u00f1al televisiva de la Universidad Nacional de La Plata, TV Universidad, gan\u00f3 un concurso del Consejo Interuniversitario Nacional (CIN) para la realizaci\u00f3n de un Talk Show llamado Asuntos Mayores y ser\u00e1 emitido en el canal ACUA MAYOR. El certamen se enmarca en la implementaci\u00f3n de la TV Digital Abierta.\u2026","rel":"","context":"En \u00abLocales\u00bb","block_context":{"text":"Locales","link":"https:\/\/www.24baires.com\/?cat=38"},"img":{"alt_text":"","src":"","width":0,"height":0},"classes":[]},{"id":51360,"url":"https:\/\/www.24baires.com\/?p=51360","url_meta":{"origin":9112,"position":1},"title":"Mercedes: La televisi\u00f3n digital abierta gana cada vez m\u00e1s terreno","author":"GB","date":"07\/08\/2014","format":false,"excerpt":"Cada vez son m\u00e1s los domicilios en los que se instala la peque\u00f1a antena que permite ver cerca de veinte canales y con tecnolog\u00eda HD. A las entregas realizadas por Anses y Pami, algunos comercios confirmaron una buena venta, que se increment\u00f3 previo y durante el mundial del f\u00fatbol Cuando\u2026","rel":"","context":"En \u00abMedios\u00bb","block_context":{"text":"Medios","link":"https:\/\/www.24baires.com\/?cat=54"},"img":{"alt_text":"grila cable","src":"https:\/\/i0.wp.com\/www.24baires.com\/wp-content\/uploads\/2014\/08\/grila-cable.jpg?resize=350%2C200","width":350,"height":200,"srcset":"https:\/\/i0.wp.com\/www.24baires.com\/wp-content\/uploads\/2014\/08\/grila-cable.jpg?resize=350%2C200 1x, https:\/\/i0.wp.com\/www.24baires.com\/wp-content\/uploads\/2014\/08\/grila-cable.jpg?resize=525%2C300 1.5x"},"classes":[]},{"id":90522,"url":"https:\/\/www.24baires.com\/?p=90522","url_meta":{"origin":9112,"position":2},"title":"Encuentro y Paka Paka pasan al Sistema Federal de Medios P\u00fablicos","author":"AF","date":"05\/12\/2016","format":false,"excerpt":"El gobierno cre\u00f3 la estructura \u201cContenidos P\u00fablicos Sociedad del Estado\u201d, bajo la \u00f3rbita del Sistema Federal de Medios y Contenidos P\u00fablicos de la jefatura de Gabinete, que gestionar\u00e1 y operar\u00e1 las se\u00f1ales Encuentro, Paka Paka y Depor TV, entre otras, que actualmente depend\u00edan del ministerio de Educaci\u00f3n. As\u00ed lo dispuso\u2026","rel":"","context":"En \u00abSociedad\u00bb","block_context":{"text":"Sociedad","link":"https:\/\/www.24baires.com\/?cat=1"},"img":{"alt_text":"ZAMBA PAKA","src":"https:\/\/i0.wp.com\/www.24baires.com\/wp-content\/uploads\/2015\/02\/ZAMBA-PAKA.jpg?resize=350%2C200","width":350,"height":200,"srcset":"https:\/\/i0.wp.com\/www.24baires.com\/wp-content\/uploads\/2015\/02\/ZAMBA-PAKA.jpg?resize=350%2C200 1x, https:\/\/i0.wp.com\/www.24baires.com\/wp-content\/uploads\/2015\/02\/ZAMBA-PAKA.jpg?resize=525%2C300 1.5x"},"classes":[]},{"id":70455,"url":"https:\/\/www.24baires.com\/?p=70455","url_meta":{"origin":9112,"position":3},"title":"Rechazaron otra cautelar del Grupo Clar\u00edn contra los concursos de la TV Digital","author":"GB","date":"11\/08\/2015","format":false,"excerpt":"El juez Esteban Furnari rechaz\u00f3 el pedido de Artear S.A. (Grupo Clar\u00edn) para que se suspenda la transici\u00f3n de la televisi\u00f3n abierta al sistema digital, manteniendo as\u00ed la plena vigencia de los concursos de nuevas se\u00f1ales y la ampliaci\u00f3n de la oferta de canales de aire. En un comunicado, la\u2026","rel":"","context":"En \u00abMedios\u00bb","block_context":{"text":"Medios","link":"https:\/\/www.24baires.com\/?cat=54"},"img":{"alt_text":"clar\u00edn","src":"https:\/\/i0.wp.com\/www.24baires.com\/wp-content\/uploads\/2014\/10\/clar%C3%ADn.jpg?resize=350%2C200","width":350,"height":200,"srcset":"https:\/\/i0.wp.com\/www.24baires.com\/wp-content\/uploads\/2014\/10\/clar%C3%ADn.jpg?resize=350%2C200 1x, https:\/\/i0.wp.com\/www.24baires.com\/wp-content\/uploads\/2014\/10\/clar%C3%ADn.jpg?resize=525%2C300 1.5x"},"classes":[]},{"id":13992,"url":"https:\/\/www.24baires.com\/?p=13992","url_meta":{"origin":9112,"position":4},"title":"De Vido inici\u00f3 acciones legales para revertir la quita de antenas ejecutada por De la Sota","author":"AF","date":"29\/01\/2013","format":false,"excerpt":"El Ministerio de Planificaci\u00f3n Federal confirm\u00f3 que en su car\u00e1cter de accionista mayoritario de la empresa ARSAT inici\u00f3 acciones legales contra la Provincia de C\u00f3rdoba, y adelant\u00f3 que continuar\u00e1 \"instrumentando todas las medidas judiciales necesarias para revertir la injustificada y arbitraria clausura de las antenas de la Televisi\u00f3n Digital Abierta\u2026","rel":"","context":"En \u00abMedios\u00bb","block_context":{"text":"Medios","link":"https:\/\/www.24baires.com\/?cat=54"},"img":{"alt_text":"de vido","src":"https:\/\/i0.wp.com\/www.24baires.com\/wp-content\/uploads\/2012\/12\/de-vido-300x200.jpg?resize=350%2C200","width":350,"height":200},"classes":[]},{"id":87242,"url":"https:\/\/www.24baires.com\/?p=87242","url_meta":{"origin":9112,"position":5},"title":"El Gobierno reemplaz\u00f3 a Telesur por un canal humor\u00edstico en la Televisi\u00f3n Digital","author":"GB","date":"06\/09\/2016","format":false,"excerpt":"\u201cArgenTV\u201d es la se\u00f1al que reemplaz\u00f3 al canal multiestatal en el sistema de televisi\u00f3n digital abierta. Adem\u00e1s del medi\u00e1tico macrista, tiene como principales figuras a Teto Medina, Cacho Rubio, Cacho Buenaventura y Paula Pombo. El Titular del Sistema Federal de Medios y Contenidos P\u00fablicos, Hern\u00e1n Lombardi, decidi\u00f3 dar de baja\u2026","rel":"","context":"En \u00abMedios\u00bb","block_context":{"text":"Medios","link":"https:\/\/www.24baires.com\/?cat=54"},"img":{"alt_text":"mago del pro","src":"https:\/\/i0.wp.com\/www.24baires.com\/wp-content\/uploads\/2016\/09\/mago-del-pro.jpg?resize=350%2C200","width":350,"height":200,"srcset":"https:\/\/i0.wp.com\/www.24baires.com\/wp-content\/uploads\/2016\/09\/mago-del-pro.jpg?resize=350%2C200 1x, https:\/\/i0.wp.com\/www.24baires.com\/wp-content\/uploads\/2016\/09\/mago-del-pro.jpg?resize=525%2C300 1.5x"},"classes":[]}],"jetpack_sharing_enabled":true,"jetpack_likes_enabled":true,"_links":{"self":[{"href":"https:\/\/www.24baires.com\/index.php?rest_route=\/wp\/v2\/posts\/9112","targetHints":{"allow":["GET"]}}],"collection":[{"href":"https:\/\/www.24baires.com\/index.php?rest_route=\/wp\/v2\/posts"}],"about":[{"href":"https:\/\/www.24baires.com\/index.php?rest_route=\/wp\/v2\/types\/post"}],"author":[{"embeddable":true,"href":"https:\/\/www.24baires.com\/index.php?rest_route=\/wp\/v2\/users\/11"}],"replies":[{"embeddable":true,"href":"https:\/\/www.24baires.com\/index.php?rest_route=%2Fwp%2Fv2%2Fcomments&post=9112"}],"version-history":[{"count":4,"href":"https:\/\/www.24baires.com\/index.php?rest_route=\/wp\/v2\/posts\/9112\/revisions"}],"predecessor-version":[{"id":9122,"href":"https:\/\/www.24baires.com\/index.php?rest_route=\/wp\/v2\/posts\/9112\/revisions\/9122"}],"wp:attachment":[{"href":"https:\/\/www.24baires.com\/index.php?rest_route=%2Fwp%2Fv2%2Fmedia&parent=9112"}],"wp:term":[{"taxonomy":"category","embeddable":true,"href":"https:\/\/www.24baires.com\/index.php?rest_route=%2Fwp%2Fv2%2Fcategories&post=9112"},{"taxonomy":"post_tag","embeddable":true,"href":"https:\/\/www.24baires.com\/index.php?rest_route=%2Fwp%2Fv2%2Ftags&post=9112"}],"curies":[{"name":"wp","href":"https:\/\/api.w.org\/{rel}","templated":true}]}}