{"id":90835,"date":"2016-12-16T18:30:47","date_gmt":"2016-12-16T21:30:47","guid":{"rendered":"http:\/\/www.24baires.com\/?p=90835"},"modified":"2016-12-19T11:09:45","modified_gmt":"2016-12-19T14:09:45","slug":"sobreseyeron-a-magnetto-mitre-y-herrera-de-noble-por-papel-prensa","status":"publish","type":"post","link":"https:\/\/www.24baires.com\/?p=90835","title":{"rendered":"Sobreseyeron a Magnetto, Mitre y Herrera de Noble por Papel Prensa"},"content":{"rendered":"<p><img data-recalc-dims=\"1\" loading=\"lazy\" decoding=\"async\" src=\"https:\/\/i0.wp.com\/www.24baires.com\/wp-content\/uploads\/2015\/04\/mitre-magnetto.jpg?resize=560%2C373\" alt=\"\" width=\"560\" height=\"373\" class=\"aligncenter size-full wp-image-64374\" srcset=\"https:\/\/i0.wp.com\/www.24baires.com\/wp-content\/uploads\/2015\/04\/mitre-magnetto.jpg?w=560&amp;ssl=1 560w, https:\/\/i0.wp.com\/www.24baires.com\/wp-content\/uploads\/2015\/04\/mitre-magnetto.jpg?resize=300%2C200&amp;ssl=1 300w\" sizes=\"auto, (max-width: 560px) 100vw, 560px\" \/>El magistrado dej\u00f3 sin efecto la denuncia que pesaba sobre los due\u00f1os de Clar\u00edn y La Naci\u00f3n en la causa donde se investiga la venta de la compa\u00f1\u00eda.<!--more--><\/p>\n<p>El juez federal Juli\u00e1n Ercolini sobresey\u00f3 hoy a los empresarios de H\u00e9ctor Magnetto, Bartolom\u00e9 Mitre, Ernestina Herrera de Noble, Raymundo Podest\u00e1 y Guillermo Gainza Paz en la causa Papel Prensa, en la que fueron denunciados por el Estado nacional durante la anterior gesti\u00f3n de gobierno.<\/p>\n<p>\u00abNo existen en autos elementos objetivos, imparciales y que de modo un\u00edvoco puedan llevar a considerar, cuanto menos con un grado m\u00ednimo de probabilidad, que la venta de las acciones de Papel Prensa S.A., acaecida de hace 40 a\u00f1os, en noviembre de 1976, hubiera sido parte, hubiera derivado o hubiera estado condicionada por la comisi\u00f3n de delitos de lesa humanidad durante la \u00faltima dictadura militar ocurrida en la Argentina\u00bb, indic\u00f3 el fallo.<\/p>\n<p>Ercolini, que ya hab\u00eda rechazado el pedido de indagatorias a los directivos imputados, finalmente sobresey\u00f3 a Ernestina Herrera de Noble, H\u00e9ctor Magnetto, Guillermo Gainaza y Bartolom\u00e9 Mitre, entre otros.<\/p>\n<p>Los querellantes Lidia Papaleo de Graiver y Rafael Ianover (ex vicepresidente de la compa\u00f1\u00eda), denunciaron que fueron obligados a ceder el paquete accionario, luego de ser secuestrados y torturados el 2 de noviembre de 1976, tres meses despu\u00e9s de la muerte de su due\u00f1o, David Graiver, en un misterioso accidente a\u00e9reo.<\/p>\n","protected":false},"excerpt":{"rendered":"<p>El magistrado dej\u00f3 sin efecto la denuncia que pesaba sobre los due\u00f1os de Clar\u00edn y La Naci\u00f3n en la causa donde se investiga la venta de la compa\u00f1\u00eda.<\/p>\n","protected":false},"author":8,"featured_media":0,"comment_status":"open","ping_status":"open","sticky":false,"template":"","format":"standard","meta":{"_jetpack_newsletter_access":"","_jetpack_dont_email_post_to_subs":true,"_jetpack_newsletter_tier_id":0,"_jetpack_memberships_contains_paywalled_content":false,"_jetpack_memberships_contains_paid_content":false,"footnotes":""},"categories":[54],"tags":[],"class_list":["post-90835","post","type-post","status-publish","format-standard","hentry","category-medios"],"jetpack_featured_media_url":"","jetpack_shortlink":"https:\/\/wp.me\/p2JWE0-nD5","jetpack-related-posts":[{"id":94746,"url":"https:\/\/www.24baires.com\/?p=94746","url_meta":{"origin":90835,"position":0},"title":"Papel Prensa: la justicia confirm\u00f3 el sobreseimiento de Magnetto","author":"GB","date":"24\/05\/2017","format":false,"excerpt":"Adem\u00e1s del CEO del Grupo Clar\u00edn, fueron beneficiados Ernestina Herrera de Noble y el due\u00f1o del diario La Naci\u00f3n, Bartolom\u00e9 Mitre. Para los jueces Ballestero y Bruglia la venta de la empresa no estuvo involucrada con delitos de lesa humanidad. La Sala I de la C\u00e1mara Federal confirm\u00f3 el sobreseimiento\u2026","rel":"","context":"En \u00abMedios\u00bb","block_context":{"text":"Medios","link":"https:\/\/www.24baires.com\/?cat=54"},"img":{"alt_text":"","src":"https:\/\/i0.wp.com\/www.24baires.com\/wp-content\/uploads\/2013\/12\/magnetto-y-colorado.jpg?resize=350%2C200","width":350,"height":200,"srcset":"https:\/\/i0.wp.com\/www.24baires.com\/wp-content\/uploads\/2013\/12\/magnetto-y-colorado.jpg?resize=350%2C200 1x, https:\/\/i0.wp.com\/www.24baires.com\/wp-content\/uploads\/2013\/12\/magnetto-y-colorado.jpg?resize=525%2C300 1.5x"},"classes":[]},{"id":62986,"url":"https:\/\/www.24baires.com\/?p=62986","url_meta":{"origin":90835,"position":1},"title":"Magnetto fue citado a indagatoria por Papel Prensa","author":"GB","date":"11\/03\/2015","format":false,"excerpt":"El titular de la Fiscal\u00eda Nacional en lo Criminal y Correccional Federal 5, Leonel G\u00f3mez Barbella, pidi\u00f3 hoy la indagatoria de los directivos del Grupo Clar\u00edn H\u00e9ctor Magnetto y Ernestina Herrera de Noble, adem\u00e1s de Bartolom\u00e9 Luis Mitre, Raymundo Juan P\u00edo Podest\u00e1 y Guillermo Juan Gainza Paz en el marco\u2026","rel":"","context":"En \u00abMedios\u00bb","block_context":{"text":"Medios","link":"https:\/\/www.24baires.com\/?cat=54"},"img":{"alt_text":"magnetto y colorado","src":"https:\/\/i0.wp.com\/www.24baires.com\/wp-content\/uploads\/2013\/12\/magnetto-y-colorado.jpg?resize=350%2C200","width":350,"height":200,"srcset":"https:\/\/i0.wp.com\/www.24baires.com\/wp-content\/uploads\/2013\/12\/magnetto-y-colorado.jpg?resize=350%2C200 1x, https:\/\/i0.wp.com\/www.24baires.com\/wp-content\/uploads\/2013\/12\/magnetto-y-colorado.jpg?resize=525%2C300 1.5x"},"classes":[]},{"id":44606,"url":"https:\/\/www.24baires.com\/?p=44606","url_meta":{"origin":90835,"position":2},"title":"Papel Prensa: piden acusar por extorsi\u00f3n a Magnetto, Mitre y Herrera de Noble","author":"AF","date":"24\/04\/2014","format":false,"excerpt":"Lo solicitaron la Procuradur\u00eda de Lesa Humanidad y la Unidad de Asistencia para causas de Derechos Humanos al fiscal a cargo de la causa que investiga la supuesta apropiaci\u00f3n de la empresa Papel Prensa. Pidieron que los empresarios H\u00e9ctor Magnetto, Bartolom\u00e9 Mitre y Ernestina Herrera de Noble por presunta \"extorsi\u00f3n\"\u2026","rel":"","context":"En \u00abMedios\u00bb","block_context":{"text":"Medios","link":"https:\/\/www.24baires.com\/?cat=54"},"img":{"alt_text":"magnetto mitre herrera de noble","src":"https:\/\/i0.wp.com\/www.24baires.com\/wp-content\/uploads\/2014\/04\/magnetto-mitre-herrera-de-noble.jpg?resize=350%2C200","width":350,"height":200,"srcset":"https:\/\/i0.wp.com\/www.24baires.com\/wp-content\/uploads\/2014\/04\/magnetto-mitre-herrera-de-noble.jpg?resize=350%2C200 1x, https:\/\/i0.wp.com\/www.24baires.com\/wp-content\/uploads\/2014\/04\/magnetto-mitre-herrera-de-noble.jpg?resize=525%2C300 1.5x"},"classes":[]},{"id":63065,"url":"https:\/\/www.24baires.com\/?p=63065","url_meta":{"origin":90835,"position":3},"title":"Ercolini rechaz\u00f3 el pedido de indagatoria a Magnetto y Mitre","author":"GB","date":"12\/03\/2015","format":false,"excerpt":"El magistrado no hizo lugar a la solicitud del fiscal Leonel G\u00f3mez Barbella para citar a declarar a los directivos de Clar\u00edn y La Naci\u00f3n por la apropiaci\u00f3n ilegal de Papel Prensa. En un tr\u00e1mite express, el juez Juli\u00e1n Ercolini rechaz\u00f3 el pedido del fiscal Leonel G\u00f3mez Barbella que hace\u2026","rel":"","context":"En \u00abPol\u00edtica\u00bb","block_context":{"text":"Pol\u00edtica","link":"https:\/\/www.24baires.com\/?cat=51"},"img":{"alt_text":"magnetto","src":"https:\/\/i0.wp.com\/www.24baires.com\/wp-content\/uploads\/2013\/10\/magnetto.jpg?resize=350%2C200","width":350,"height":200,"srcset":"https:\/\/i0.wp.com\/www.24baires.com\/wp-content\/uploads\/2013\/10\/magnetto.jpg?resize=350%2C200 1x, https:\/\/i0.wp.com\/www.24baires.com\/wp-content\/uploads\/2013\/10\/magnetto.jpg?resize=525%2C300 1.5x"},"classes":[]},{"id":63058,"url":"https:\/\/www.24baires.com\/?p=63058","url_meta":{"origin":90835,"position":4},"title":"\u00abNo escuch\u00e9 a Magnetto, Herrera o La Naci\u00f3n desmentir la apropiaci\u00f3n de Papel Prensa\u00bb","author":"GB","date":"12\/03\/2015","format":false,"excerpt":"La diputada nacional y jefa de bloque del Frente para la Victoria destac\u00f3 la citaci\u00f3n a indagatoria de los directivos del grupo Clar\u00edn, Ernestina Herrera de Noble y H\u00e9ctor Magnetto y del diario La Naci\u00f3n, Bartolom\u00e9 Mitre, acusados de haberse apropiado de manera ilegal de Papel Prensa. \u201cLa causa de\u2026","rel":"","context":"En \u00abMemoria\u00bb","block_context":{"text":"Memoria","link":"https:\/\/www.24baires.com\/?cat=50"},"img":{"alt_text":"Di Tullio","src":"https:\/\/i0.wp.com\/www.24baires.com\/wp-content\/uploads\/2013\/05\/Di-Tullio.jpg?resize=350%2C200","width":350,"height":200,"srcset":"https:\/\/i0.wp.com\/www.24baires.com\/wp-content\/uploads\/2013\/05\/Di-Tullio.jpg?resize=350%2C200 1x, https:\/\/i0.wp.com\/www.24baires.com\/wp-content\/uploads\/2013\/05\/Di-Tullio.jpg?resize=525%2C300 1.5x"},"classes":[]},{"id":7827,"url":"https:\/\/www.24baires.com\/?p=7827","url_meta":{"origin":90835,"position":5},"title":"La Secretar\u00eda de Derechos Humanos pidi\u00f3 indagatorias por la causa Papel Prensa","author":"AF","date":"04\/12\/2012","format":false,"excerpt":"Solicit\u00f3 al juez, Juli\u00e1n Ercolini, que cite a la directora de Clar\u00edn, Ernestina Herrera de Noble; al CEO del grupo, H\u00e9ctor Magnetto; al presidente de La Naci\u00f3n, Bartolom\u00e9 Mitre, al dictador Jorge Rafael Videla y al ex ministro de Econom\u00eda de la dictadura, Jos\u00e9 Alfredo Mart\u00ednez de Hoz, entre otros\u2026","rel":"","context":"En \u00abMemoria\u00bb","block_context":{"text":"Memoria","link":"https:\/\/www.24baires.com\/?cat=50"},"img":{"alt_text":"","src":"","width":0,"height":0},"classes":[]}],"jetpack_sharing_enabled":true,"jetpack_likes_enabled":true,"_links":{"self":[{"href":"https:\/\/www.24baires.com\/index.php?rest_route=\/wp\/v2\/posts\/90835","targetHints":{"allow":["GET"]}}],"collection":[{"href":"https:\/\/www.24baires.com\/index.php?rest_route=\/wp\/v2\/posts"}],"about":[{"href":"https:\/\/www.24baires.com\/index.php?rest_route=\/wp\/v2\/types\/post"}],"author":[{"embeddable":true,"href":"https:\/\/www.24baires.com\/index.php?rest_route=\/wp\/v2\/users\/8"}],"replies":[{"embeddable":true,"href":"https:\/\/www.24baires.com\/index.php?rest_route=%2Fwp%2Fv2%2Fcomments&post=90835"}],"version-history":[{"count":1,"href":"https:\/\/www.24baires.com\/index.php?rest_route=\/wp\/v2\/posts\/90835\/revisions"}],"predecessor-version":[{"id":90836,"href":"https:\/\/www.24baires.com\/index.php?rest_route=\/wp\/v2\/posts\/90835\/revisions\/90836"}],"wp:attachment":[{"href":"https:\/\/www.24baires.com\/index.php?rest_route=%2Fwp%2Fv2%2Fmedia&parent=90835"}],"wp:term":[{"taxonomy":"category","embeddable":true,"href":"https:\/\/www.24baires.com\/index.php?rest_route=%2Fwp%2Fv2%2Fcategories&post=90835"},{"taxonomy":"post_tag","embeddable":true,"href":"https:\/\/www.24baires.com\/index.php?rest_route=%2Fwp%2Fv2%2Ftags&post=90835"}],"curies":[{"name":"wp","href":"https:\/\/api.w.org\/{rel}","templated":true}]}}