{"id":9065,"date":"2012-12-14T11:02:34","date_gmt":"2012-12-14T14:02:34","guid":{"rendered":"http:\/\/www.24baires.com\/?p=9065"},"modified":"2012-12-14T11:04:18","modified_gmt":"2012-12-14T14:04:18","slug":"el-acceso-al-aeropuerto-de-ezeiza-estuvo-bloqueado-durante-dos-horas","status":"publish","type":"post","link":"https:\/\/www.24baires.com\/?p=9065","title":{"rendered":"El acceso al Aeropuerto de Ezeiza estuvo bloqueado durante dos horas"},"content":{"rendered":"<p>Un grupo de manifestantes de la <strong>seguridad privada<\/strong> del Aeropuerto Internacional de Ezeiza levant\u00f3 el bloqueo parcial que realizaron durante casi dos horas en el ingreso a esa estaci\u00f3n a\u00e9rea.<!--more--><br \/>\nLos trabajadores levantaron la protesta pasadas las 10, despu\u00e9s de haber cortado la ruta de acceso al aeropuerto por casi dos horas.<\/p>\n<p>Durante la protesta, los manifestantes dejaron un solo carril libre para el paso de veh\u00edculos, lo que generaba algunas demoras.<br \/>\nEn el lugar trabaj\u00f3 personal de la Polic\u00eda Federal y de Seguridad Aeroportuaria para evitar el corte total del acceso.<\/p>\n","protected":false},"excerpt":{"rendered":"<p>Un grupo de manifestantes de la seguridad privada del Aeropuerto Internacional de Ezeiza levant\u00f3 el bloqueo parcial que realizaron durante casi dos horas en el ingreso a esa estaci\u00f3n a\u00e9rea.<\/p>\n","protected":false},"author":11,"featured_media":0,"comment_status":"open","ping_status":"open","sticky":false,"template":"","format":"standard","meta":{"_jetpack_newsletter_access":"","_jetpack_dont_email_post_to_subs":false,"_jetpack_newsletter_tier_id":0,"_jetpack_memberships_contains_paywalled_content":false,"_jetpack_memberships_contains_paid_content":false,"footnotes":""},"categories":[1],"tags":[],"class_list":["post-9065","post","type-post","status-publish","format-standard","hentry","category-sociedad"],"jetpack_featured_media_url":"","jetpack_shortlink":"https:\/\/wp.me\/p2JWE0-2md","jetpack-related-posts":[{"id":112204,"url":"https:\/\/www.24baires.com\/?p=112204","url_meta":{"origin":9065,"position":0},"title":"Organizaciones sociales, sindicatos y partidos de izquierda har\u00e1n este martes cortes en todo el pa\u00eds","author":"GB","date":"24\/09\/2019","format":false,"excerpt":"Las concentraciones comenzar\u00e1n al mediod\u00eda y por la tarde marchar\u00e1n a Plaza de Mayo. En la Ciudad habr\u00e1 piquetes en el Puente Pueyrred\u00f3n, Puente Saavedra y Liniers. Organizaciones sociales, sindicales y partidos de izquierda confluir\u00e1n este martes desde el mediod\u00eda en una jornada nacional de protestas y marchas en todo\u2026","rel":"","context":"En \u00abSociedad\u00bb","block_context":{"text":"Sociedad","link":"https:\/\/www.24baires.com\/?cat=1"},"img":{"alt_text":"","src":"https:\/\/i0.wp.com\/www.24baires.com\/wp-content\/uploads\/2019\/09\/paro.jpg?resize=350%2C200","width":350,"height":200,"srcset":"https:\/\/i0.wp.com\/www.24baires.com\/wp-content\/uploads\/2019\/09\/paro.jpg?resize=350%2C200 1x, https:\/\/i0.wp.com\/www.24baires.com\/wp-content\/uploads\/2019\/09\/paro.jpg?resize=525%2C300 1.5x"},"classes":[]},{"id":112220,"url":"https:\/\/www.24baires.com\/?p=112220","url_meta":{"origin":9065,"position":1},"title":"Un muerto y al menos diez heridos tras un derrumbe en el Aeropuerto de Ezeiza","author":"AF","date":"24\/09\/2019","format":false,"excerpt":"Ocurri\u00f3 en una zona en construcci\u00f3n y se encuentran trabajando rescatistas, perros y ambulancias. El desplome de una serie de andamios ubicados dentro de una zona en construcci\u00f3n en el Aeropuerto Internacional Ministro Pistarini dej\u00f3 un muerto y diez heridos, algunos de los cuales fueron trasladados de urgencia al hospital\u2026","rel":"","context":"En \u00abSociedad\u00bb","block_context":{"text":"Sociedad","link":"https:\/\/www.24baires.com\/?cat=1"},"img":{"alt_text":"","src":"https:\/\/i0.wp.com\/www.24baires.com\/wp-content\/uploads\/2019\/09\/derrumbe-ezeiza.jpeg?resize=350%2C200","width":350,"height":200,"srcset":"https:\/\/i0.wp.com\/www.24baires.com\/wp-content\/uploads\/2019\/09\/derrumbe-ezeiza.jpeg?resize=350%2C200 1x, https:\/\/i0.wp.com\/www.24baires.com\/wp-content\/uploads\/2019\/09\/derrumbe-ezeiza.jpeg?resize=525%2C300 1.5x"},"classes":[]},{"id":116936,"url":"https:\/\/www.24baires.com\/?p=116936","url_meta":{"origin":9065,"position":2},"title":"Llegan las vacunas Sputnik  al pa\u00eds","author":"GB","date":"24\/12\/2020","format":false,"excerpt":"Las primeras 300 mil dosis de la vacuna Sputnik V llegar\u00e1n al pa\u00eds en un vuelo de Aerol\u00edneas Argentinas proveniente de Rusia y comenzar\u00e1n a ser distribuidas en todo el pa\u00eds para dar inicio a la mayor campa\u00f1a de inoculaci\u00f3n en Argentina. El avi\u00f3n despeg\u00f3 ayer desde el Aeropuerto Internacional\u2026","rel":"","context":"En \u00abPol\u00edtica\u00bb","block_context":{"text":"Pol\u00edtica","link":"https:\/\/www.24baires.com\/?cat=51"},"img":{"alt_text":"","src":"https:\/\/i0.wp.com\/www.24baires.com\/wp-content\/uploads\/2020\/12\/0003205880.jpg?resize=350%2C200","width":350,"height":200,"srcset":"https:\/\/i0.wp.com\/www.24baires.com\/wp-content\/uploads\/2020\/12\/0003205880.jpg?resize=350%2C200 1x, https:\/\/i0.wp.com\/www.24baires.com\/wp-content\/uploads\/2020\/12\/0003205880.jpg?resize=525%2C300 1.5x"},"classes":[]},{"id":111153,"url":"https:\/\/www.24baires.com\/?p=111153","url_meta":{"origin":9065,"position":3},"title":"Demoras en Aeroparque y Ezeiza por mal tiempo","author":"GB","date":"12\/07\/2019","format":false,"excerpt":"Varios vuelos registraban demoras esta ma\u00f1ana en el Aeroparque Metropolitano Jorge Newbery y el Aeropuerto Internacional de Ezeiza debido al mal tiempo que afectaba principalmente los despegues. En el aeropuerto de Ezeiza se activo el plan de Procedimientos de Visibilidad Reducida (PVR), por lo que trabajadores de la Administraci\u00f3n Nacional\u2026","rel":"","context":"En \u00abSociedad\u00bb","block_context":{"text":"Sociedad","link":"https:\/\/www.24baires.com\/?cat=1"},"img":{"alt_text":"","src":"https:\/\/i0.wp.com\/www.24baires.com\/wp-content\/uploads\/2018\/11\/aeropuerto.jpg?resize=350%2C200","width":350,"height":200,"srcset":"https:\/\/i0.wp.com\/www.24baires.com\/wp-content\/uploads\/2018\/11\/aeropuerto.jpg?resize=350%2C200 1x, https:\/\/i0.wp.com\/www.24baires.com\/wp-content\/uploads\/2018\/11\/aeropuerto.jpg?resize=525%2C300 1.5x"},"classes":[]},{"id":117506,"url":"https:\/\/www.24baires.com\/?p=117506","url_meta":{"origin":9065,"position":4},"title":"Llegaron 765.545 dosis Sputnik V","author":"AF","date":"30\/04\/2021","format":false,"excerpt":"Se suman a las m\u00e1s de diez millones de dosis recibidas por la Argentina hasta el momento para combatir la pandemia de coronavirus. El decimotercer vuelo de Aerol\u00edneas Argentinas lleg\u00f3 al pa\u00eds proveniente de Mosc\u00fa, con un nuevo cargamento de 765.545 dosis del componente 1 de la vacuna Sputnik V,\u2026","rel":"","context":"En \u00abSociedad\u00bb","block_context":{"text":"Sociedad","link":"https:\/\/www.24baires.com\/?cat=1"},"img":{"alt_text":"","src":"https:\/\/i0.wp.com\/www.24baires.com\/wp-content\/uploads\/2021\/02\/sputnik.jpg?resize=350%2C200","width":350,"height":200,"srcset":"https:\/\/i0.wp.com\/www.24baires.com\/wp-content\/uploads\/2021\/02\/sputnik.jpg?resize=350%2C200 1x, https:\/\/i0.wp.com\/www.24baires.com\/wp-content\/uploads\/2021\/02\/sputnik.jpg?resize=525%2C300 1.5x"},"classes":[]},{"id":96052,"url":"https:\/\/www.24baires.com\/?p=96052","url_meta":{"origin":9065,"position":5},"title":"Despidieron a otros 57 trabajadores de la empresa Cresta Roja","author":"Grupo Sierra","date":"20\/07\/2017","format":false,"excerpt":"\u00a0 EZEIZA.- Unos 57 trabajadores de la empresa alimenticia Cresta Roja denunciaron que fueron despedidos hoy, por lo que obreros de la planta decidieron cortar la parcialmente la Autopista Ricchieri en medida de protesta. Seg\u00fan relataron trabajadores al finalizar su respectivo turno recibieron el telegrama de despido lo que motiv\u00f3\u2026","rel":"","context":"En \u00abPol\u00edtica\u00bb","block_context":{"text":"Pol\u00edtica","link":"https:\/\/www.24baires.com\/?cat=51"},"img":{"alt_text":"","src":"https:\/\/i0.wp.com\/www.grupolaprovincia.com\/wp-content\/uploads\/2017\/07\/Cresta-Roja-1-500x278.jpg?resize=350%2C200","width":350,"height":200,"srcset":"https:\/\/i0.wp.com\/www.grupolaprovincia.com\/wp-content\/uploads\/2017\/07\/Cresta-Roja-1-500x278.jpg?resize=350%2C200 1x, https:\/\/i0.wp.com\/www.grupolaprovincia.com\/wp-content\/uploads\/2017\/07\/Cresta-Roja-1-500x278.jpg?resize=525%2C300 1.5x"},"classes":[]}],"jetpack_sharing_enabled":true,"jetpack_likes_enabled":true,"_links":{"self":[{"href":"https:\/\/www.24baires.com\/index.php?rest_route=\/wp\/v2\/posts\/9065","targetHints":{"allow":["GET"]}}],"collection":[{"href":"https:\/\/www.24baires.com\/index.php?rest_route=\/wp\/v2\/posts"}],"about":[{"href":"https:\/\/www.24baires.com\/index.php?rest_route=\/wp\/v2\/types\/post"}],"author":[{"embeddable":true,"href":"https:\/\/www.24baires.com\/index.php?rest_route=\/wp\/v2\/users\/11"}],"replies":[{"embeddable":true,"href":"https:\/\/www.24baires.com\/index.php?rest_route=%2Fwp%2Fv2%2Fcomments&post=9065"}],"version-history":[{"count":3,"href":"https:\/\/www.24baires.com\/index.php?rest_route=\/wp\/v2\/posts\/9065\/revisions"}],"predecessor-version":[{"id":9067,"href":"https:\/\/www.24baires.com\/index.php?rest_route=\/wp\/v2\/posts\/9065\/revisions\/9067"}],"wp:attachment":[{"href":"https:\/\/www.24baires.com\/index.php?rest_route=%2Fwp%2Fv2%2Fmedia&parent=9065"}],"wp:term":[{"taxonomy":"category","embeddable":true,"href":"https:\/\/www.24baires.com\/index.php?rest_route=%2Fwp%2Fv2%2Fcategories&post=9065"},{"taxonomy":"post_tag","embeddable":true,"href":"https:\/\/www.24baires.com\/index.php?rest_route=%2Fwp%2Fv2%2Ftags&post=9065"}],"curies":[{"name":"wp","href":"https:\/\/api.w.org\/{rel}","templated":true}]}}