{"id":9056,"date":"2012-12-14T10:21:24","date_gmt":"2012-12-14T13:21:24","guid":{"rendered":"http:\/\/www.24baires.com\/?p=9056"},"modified":"2012-12-14T10:21:31","modified_gmt":"2012-12-14T13:21:31","slug":"empresas-de-seguridad-privada-colaboraran-en-el-operativo-sol","status":"publish","type":"post","link":"https:\/\/www.24baires.com\/?p=9056","title":{"rendered":"Empresas de Seguridad Privada \u00abcolaborar\u00e1n\u00bb en el Operativo Sol"},"content":{"rendered":"<p><a href=\"http:\/\/www.24baires.com\/provincia\/9056-empresas-de-seguridad-privada-colaboraran-en-el-operativo-sol\/attachment\/casal-camaras\/\" rel=\"attachment wp-att-9057\"><img data-recalc-dims=\"1\" loading=\"lazy\" decoding=\"async\" class=\"aligncenter size-full wp-image-9057\" alt=\"Casal-camaras\" src=\"https:\/\/i0.wp.com\/www.24baires.com\/wp-content\/uploads\/2012\/12\/Casal-camaras.jpg?resize=560%2C330\" width=\"560\" height=\"330\" srcset=\"https:\/\/i0.wp.com\/www.24baires.com\/wp-content\/uploads\/2012\/12\/Casal-camaras.jpg?w=560&amp;ssl=1 560w, https:\/\/i0.wp.com\/www.24baires.com\/wp-content\/uploads\/2012\/12\/Casal-camaras.jpg?resize=300%2C176&amp;ssl=1 300w\" sizes=\"auto, (max-width: 560px) 100vw, 560px\" \/><\/a><\/p>\n<p><strong>LA PLATA &#8211;<\/strong> El ministro de Justicia y Seguridad, Ricardo Casal, firm\u00f3 ayer un acuerdo con las c\u00e1maras de empresas de seguridad privada para sumar a los vigiladores a las actividades de prevenci\u00f3n en el marco del Operativo Sol, y destac\u00f3 que \u201cla uni\u00f3n de sectores privados representa el compromiso ciudadano en la prevenci\u00f3n de la seguridad p\u00fablica\u201d.<!--more--><\/p>\n<p>El acuerdo establece que los vigiladores, desde sus puntos fijos de trabajo, den alerta a los agentes policiales de hechos delictivos o situaciones que impliquen su intervenci\u00f3n de manera inmediata. Para ello, la cartera de Justicia y Seguridad les provee un sistema de comunicaci\u00f3n y chalecos identificatorios.<\/p>\n<p>\u201cDe esta manera, 1000 hombres se suman al esquema de seguridad ciudadana que aportar\u00e1n a la atenci\u00f3n de los 4 millones de turistas que visitan la Costa Atl\u00e1ntica\u201d, subray\u00f3 Casal, acompa\u00f1ado por el subsecretario Operativo, Emiliano Baloira, y el Jefe de las Polic\u00edas de Seguridad, Hugo Matzkin.<\/p>\n<p>Est\u00e1n alcanzadas aquellas empresas situadas en las ciudades balnearias de Mar del Plata, Necochea, Villa Gesell, Pinamar y General Alvarado y Partido de la Costa. En tanto, el ministerio comunic\u00f3 que aquellas empresas prestadoras de servicios de seguridad privada que adhieran al presente convenio ser\u00e1n eximidas de las tasas por alta, renovaci\u00f3n y emisi\u00f3n de credencial.<\/p>\n<p>Rubricaron el convenio Aquiles Gorini, presidente de CAESI (C\u00e1mara Argentina de Empresas de Seguridad e Investigaciones); Luis Vecchi, presidente de CAESBA (C\u00e1mara de Empresas de Seguridad de Buenos Aires); y Hugo Casareto, presidente de CARESEB (C\u00e1mara Regional de Empresas de Seguridad del Sudeste Bonaerense).<\/p>\n<p>Asimismo, suscribi\u00f3 este acuerdo el Sindicato de Uni\u00f3n Personal de Seguridad Privada de la Republica Argentina (UPSRA), representado por su secretario general, \u00c1ngel Garc\u00eda.<\/p>\n","protected":false},"excerpt":{"rendered":"<p>LA PLATA &#8211; El ministro de Justicia y Seguridad, Ricardo Casal, firm\u00f3 ayer un acuerdo con las c\u00e1maras de empresas de seguridad privada para sumar a los vigiladores a las actividades de prevenci\u00f3n en el marco del Operativo Sol, y destac\u00f3 que \u201cla uni\u00f3n de sectores privados representa el compromiso ciudadano en la prevenci\u00f3n de la seguridad p\u00fablica\u201d.<\/p>\n","protected":false},"author":11,"featured_media":0,"comment_status":"open","ping_status":"open","sticky":false,"template":"","format":"standard","meta":{"_jetpack_newsletter_access":"","_jetpack_dont_email_post_to_subs":false,"_jetpack_newsletter_tier_id":0,"_jetpack_memberships_contains_paywalled_content":false,"_jetpack_memberships_contains_paid_content":false,"footnotes":""},"categories":[40],"tags":[],"class_list":["post-9056","post","type-post","status-publish","format-standard","hentry","category-provincia"],"jetpack_featured_media_url":"","jetpack_shortlink":"https:\/\/wp.me\/p2JWE0-2m4","jetpack-related-posts":[{"id":8467,"url":"https:\/\/www.24baires.com\/?p=8467","url_meta":{"origin":9056,"position":0},"title":"Operativo Sol 2013: piden precisiones sobre las contrataci\u00f3n de efectivos","author":"AF","date":"09\/12\/2012","format":false,"excerpt":"La presidente del bloque Uni\u00f3n Celeste y Blanco, M\u00f3nica L\u00f3pez, present\u00f3 un pedido de informes sobre la modalidad de contrataci\u00f3n del personal asignado al Operativo Sol 2013. La legisladora denarvaista solicit\u00f3 informes sobre la cantidad de personal que se prev\u00e9 contratar para el Operativo Sol, la funci\u00f3n a desarrollar y\u2026","rel":"","context":"En \u00abSociedad\u00bb","block_context":{"text":"Sociedad","link":"https:\/\/www.24baires.com\/?cat=1"},"img":{"alt_text":"","src":"","width":0,"height":0},"classes":[]},{"id":9992,"url":"https:\/\/www.24baires.com\/?p=9992","url_meta":{"origin":9056,"position":1},"title":"Lanzan el cl\u00e1sico Operativo Sol en los mayores centros tur\u00edsticos de la Provincia","author":"AF","date":"21\/12\/2012","format":false,"excerpt":"Involucra a 8.000 polic\u00edas, 600 patrulleros, m\u00e1s de 500 motocicletas, 2 helic\u00f3pteros, ambulancias y bomberos. El Gobierno bonaerense lanza este viernes el Operativo Sol en el que estar\u00e1n involucrados 8.000 polic\u00edas dedicados a la prevenci\u00f3n de la seguridad, entre los cuales hay un millar que pertenece a agencias privadas. Se\u2026","rel":"","context":"En \u00abSociedad\u00bb","block_context":{"text":"Sociedad","link":"https:\/\/www.24baires.com\/?cat=1"},"img":{"alt_text":"operativo sol","src":"https:\/\/i0.wp.com\/www.24baires.com\/wp-content\/uploads\/2012\/12\/operativo-sol.jpg?resize=350%2C200","width":350,"height":200,"srcset":"https:\/\/i0.wp.com\/www.24baires.com\/wp-content\/uploads\/2012\/12\/operativo-sol.jpg?resize=350%2C200 1x, https:\/\/i0.wp.com\/www.24baires.com\/wp-content\/uploads\/2012\/12\/operativo-sol.jpg?resize=525%2C300 1.5x"},"classes":[]},{"id":30962,"url":"https:\/\/www.24baires.com\/?p=30962","url_meta":{"origin":9056,"position":2},"title":"Lan\u00fas y Provincia firmaron acuerdo de cooperaci\u00f3n en seguridad","author":"AF","date":"29\/08\/2013","format":false,"excerpt":"El intendente de Lan\u00fas Dar\u00edo D\u00edaz P\u00e9rez y el Ministro de Justicia y Seguridad Bonaerense Ricardo Casal, rubricaron este acuerdo que incorpora al Municipio a una amplia red de video vigilancia. De esta forma la tecnolog\u00eda nuevamente es puesta al servicio del vecino como una herramienta disuasiva ante potenciales delitos.\u2026","rel":"","context":"En \u00abLocales\u00bb","block_context":{"text":"Locales","link":"https:\/\/www.24baires.com\/?cat=38"},"img":{"alt_text":"","src":"","width":0,"height":0},"classes":[]},{"id":31941,"url":"https:\/\/www.24baires.com\/?p=31941","url_meta":{"origin":9056,"position":3},"title":"Rojas refuerza la prevenci\u00f3n de delitos instalando m\u00e1s c\u00e1maras de seguridad","author":"AF","date":"16\/09\/2013","format":false,"excerpt":"Con aporte de la Provincia y tambi\u00e9n de empresas privadas, el distrito de Rojas que comanda el intendente Mart\u00edn Caso, sigue apostando a la seguridad, y por ello incorporar\u00e1 m\u00e1s transmisores y c\u00e1maras de vigilancia al Centro de Monitoreo local. La idea del gobierno de Rojas, es ampliar el funcionamiento\u2026","rel":"","context":"En \u00abLocales\u00bb","block_context":{"text":"Locales","link":"https:\/\/www.24baires.com\/?cat=38"},"img":{"alt_text":"","src":"","width":0,"height":0},"classes":[]},{"id":1627,"url":"https:\/\/www.24baires.com\/?p=1627","url_meta":{"origin":9056,"position":4},"title":"Denuncian que empresa privada reemplaza personal de seguridad por polic\u00edas bonaerenses","author":"AF","date":"10\/10\/2012","format":false,"excerpt":"La senadora provincial de la Coalici\u00f3n C\u00edvica, Mar\u00eda Isabel Gainza, asegur\u00f3 que en las pr\u00f3ximas horas elevar\u00e1n un pedido de informes al Ejecutivo. \u201cLos polic\u00edas son servidores p\u00fablicos que est\u00e1n para dar seguridad a todos los bonaerenses y no a los bienes de una empresa. Queremos saber si Casal est\u00e1\u2026","rel":"","context":"En \u00abSociedad\u00bb","block_context":{"text":"Sociedad","link":"https:\/\/www.24baires.com\/?cat=1"},"img":{"alt_text":"","src":"","width":0,"height":0},"classes":[]},{"id":31067,"url":"https:\/\/www.24baires.com\/?p=31067","url_meta":{"origin":9056,"position":5},"title":"Lan\u00fas: firman convenio para la instalaci\u00f3n de m\u00e1s c\u00e1maras de seguridad","author":"AF","date":"31\/08\/2013","format":false,"excerpt":"El intendente de Lan\u00fas, Dar\u00edo D\u00edaz P\u00e9rez, y el ministro de Justicia y Seguridad bonaerense, Ricardo Casal, rubricaron un acuerdo por el cual se incorpora a la comuna a una amplia red de video vigilancia. El convenio firmado corresponde al Programa de Video Seguridad en el Territorio bonaerense, que dar\u00e1\u2026","rel":"","context":"En \u00abLocales\u00bb","block_context":{"text":"Locales","link":"https:\/\/www.24baires.com\/?cat=38"},"img":{"alt_text":"","src":"","width":0,"height":0},"classes":[]}],"jetpack_sharing_enabled":true,"jetpack_likes_enabled":true,"_links":{"self":[{"href":"https:\/\/www.24baires.com\/index.php?rest_route=\/wp\/v2\/posts\/9056","targetHints":{"allow":["GET"]}}],"collection":[{"href":"https:\/\/www.24baires.com\/index.php?rest_route=\/wp\/v2\/posts"}],"about":[{"href":"https:\/\/www.24baires.com\/index.php?rest_route=\/wp\/v2\/types\/post"}],"author":[{"embeddable":true,"href":"https:\/\/www.24baires.com\/index.php?rest_route=\/wp\/v2\/users\/11"}],"replies":[{"embeddable":true,"href":"https:\/\/www.24baires.com\/index.php?rest_route=%2Fwp%2Fv2%2Fcomments&post=9056"}],"version-history":[{"count":4,"href":"https:\/\/www.24baires.com\/index.php?rest_route=\/wp\/v2\/posts\/9056\/revisions"}],"predecessor-version":[{"id":9061,"href":"https:\/\/www.24baires.com\/index.php?rest_route=\/wp\/v2\/posts\/9056\/revisions\/9061"}],"wp:attachment":[{"href":"https:\/\/www.24baires.com\/index.php?rest_route=%2Fwp%2Fv2%2Fmedia&parent=9056"}],"wp:term":[{"taxonomy":"category","embeddable":true,"href":"https:\/\/www.24baires.com\/index.php?rest_route=%2Fwp%2Fv2%2Fcategories&post=9056"},{"taxonomy":"post_tag","embeddable":true,"href":"https:\/\/www.24baires.com\/index.php?rest_route=%2Fwp%2Fv2%2Ftags&post=9056"}],"curies":[{"name":"wp","href":"https:\/\/api.w.org\/{rel}","templated":true}]}}