{"id":90403,"date":"2016-11-30T19:04:50","date_gmt":"2016-11-30T22:04:50","guid":{"rendered":"http:\/\/www.24baires.com\/?p=90403"},"modified":"2016-11-30T19:04:50","modified_gmt":"2016-11-30T22:04:50","slug":"tras-once-meses-el-gobierno-de-macri-avanza-en-la-demorada-ley-de-medios","status":"publish","type":"post","link":"https:\/\/www.24baires.com\/?p=90403","title":{"rendered":"Tras once meses, el Gobierno de Macri avanza en la demorada Ley de Medios"},"content":{"rendered":"<p>En marzo le presentar\u00e1n la propuesta para debatir en el Congreso. La directora de Enacom anticip\u00f3 que el objetivo es \u00abtener una infraestructura de comunicaciones adecuada\u00bb.<!--more--><\/p>\n<p>Luego de destruir la Ley de Medios aprobada por los tres poderes del Estado, el macrismo despu\u00e9s de once meses avanza en una nueva ley de Telecomunicaciones y de Medios. Seg\u00fan el oficialismo, es con el objetivo de ofrecer una \u00abinfraestructura adecuada\u00bb, que le permita a los ciudadanos tener \u00abacceso a internet de banda ancha\u00bb.<\/p>\n<p>As\u00ed lo manifest\u00f3 la directora del Enacom, Silvana Giudici, en declaraciones formuladas en la Casa Rosada, donde participa de un encuentro preparatorio para la constituci\u00f3n del Consejo Federal de Comunicaciones (Cofeco). Ese consejo consultivo estar\u00e1 conformado por las provincias, los sindicatos y las organizaciones sin fines de lucro.<\/p>\n<p>La funcionaria confirm\u00f3 que hoy se est\u00e1 \u00abtrabajando en una nueva ley de Telecomunicaciones y de Medios\u00bb, y adelant\u00f3 que el objetivo es \u00abtener una infraestructura de comunicaciones adecuada y que cada ciudadano tenga acceso a internet de banda ancha\u00bb.<\/p>\n<p>Respecto a la unificaci\u00f3n de la ley de Telecomunicaciones y Medios, Giudici afirm\u00f3 que \u00abla premisa es la pluralidad de voces\u00bb, y aclar\u00f3 que la iniciativa propone que haya \u00abun marco regulatorio que no permita que haya una sola voz preponderante\u00bb. Y adelant\u00f3 que \u00aben marzo del a\u00f1o pr\u00f3ximo\u00bb le presentar\u00e1n al presidente Mauricio Macri la propuesta para ser enviada al Parlamento.<\/p>\n","protected":false},"excerpt":{"rendered":"<p>En marzo le presentar\u00e1n la propuesta para debatir en el Congreso. La directora de Enacom anticip\u00f3 que el objetivo es \u00abtener una infraestructura de comunicaciones adecuada\u00bb.<\/p>\n","protected":false},"author":8,"featured_media":0,"comment_status":"open","ping_status":"open","sticky":false,"template":"","format":"standard","meta":{"_jetpack_newsletter_access":"","_jetpack_dont_email_post_to_subs":false,"_jetpack_newsletter_tier_id":0,"_jetpack_memberships_contains_paywalled_content":false,"_jetpack_memberships_contains_paid_content":false,"footnotes":""},"categories":[54],"tags":[],"class_list":["post-90403","post","type-post","status-publish","format-standard","hentry","category-medios"],"jetpack_featured_media_url":"","jetpack_shortlink":"https:\/\/wp.me\/p2JWE0-nw7","jetpack-related-posts":[{"id":79859,"url":"https:\/\/www.24baires.com\/?p=79859","url_meta":{"origin":90403,"position":0},"title":"El Gobierno considera que el Grupo Clar\u00edn ya se adecu\u00f3 a la Ley de Medios","author":"GB","date":"08\/03\/2016","format":false,"excerpt":"El Ente Nacional de Comunicaciones resolvi\u00f3 dar por finalizados los procesos de adecuaci\u00f3n de los conglomerados period\u00edsticos \"con el objetivo de mirar hacia delante\". El Ente Nacional de Comunicaciones (ENaCom) que reemplaz\u00f3 a la Autoridad Federal de Servicios de Comunicaci\u00f3n Audiovisual (AFSCA) dio hoy por finalizados los procesos de adecuaci\u00f3n\u2026","rel":"","context":"En \u00abMedios\u00bb","block_context":{"text":"Medios","link":"https:\/\/www.24baires.com\/?cat=54"},"img":{"alt_text":"enacom","src":"https:\/\/i0.wp.com\/www.24baires.com\/wp-content\/uploads\/2016\/03\/enacom.jpg?resize=350%2C200","width":350,"height":200,"srcset":"https:\/\/i0.wp.com\/www.24baires.com\/wp-content\/uploads\/2016\/03\/enacom.jpg?resize=350%2C200 1x, https:\/\/i0.wp.com\/www.24baires.com\/wp-content\/uploads\/2016\/03\/enacom.jpg?resize=525%2C300 1.5x"},"classes":[]},{"id":78534,"url":"https:\/\/www.24baires.com\/?p=78534","url_meta":{"origin":90403,"position":1},"title":"Ley de Medios: el Gobierno archiv\u00f3 todos los planes de adecuaci\u00f3n","author":"GB","date":"03\/02\/2016","format":false,"excerpt":"El Gobierno sigue avanzando contra la ley. Ahora ya no hay obligaci\u00f3n de vender se\u00f1ales. El viernes 9 de octubre de 2009, tras veinte horas de sesi\u00f3n, la C\u00e1mara de Senadores convirti\u00f3 en el ley el proyecto de la Ley de Medios con 44 votos a favor y 24 en\u2026","rel":"","context":"En \u00abPol\u00edtica\u00bb","block_context":{"text":"Pol\u00edtica","link":"https:\/\/www.24baires.com\/?cat=51"},"img":{"alt_text":"","src":"","width":0,"height":0},"classes":[]},{"id":90207,"url":"https:\/\/www.24baires.com\/?p=90207","url_meta":{"origin":90403,"position":2},"title":"Ley de Medios: el Gobierno lanza el Consejo Federal de Comunicaciones","author":"GB","date":"24\/11\/2016","format":false,"excerpt":"Seg\u00fan informan desde el ministerio de Comunicaciones, tendr\u00e1 entre sus funciones colaborar y asesorar en el dise\u00f1o de las pol\u00edticas p\u00fablicas para las tecnolog\u00edas de la informaci\u00f3n y las comunicaciones y de radiodifusi\u00f3n. El Gobierno anunci\u00f3 el lanzamiento el lanzamiento del Consejo Federal de Comunicaciones, que tendr\u00e1 como como objetivo,\u2026","rel":"","context":"En \u00abMedios\u00bb","block_context":{"text":"Medios","link":"https:\/\/www.24baires.com\/?cat=54"},"img":{"alt_text":"aguad intervenci\u00f3n afsca","src":"https:\/\/i0.wp.com\/www.24baires.com\/wp-content\/uploads\/2015\/12\/aguad-intervenci%C3%B3n-afsca-300x169.png?resize=350%2C200","width":350,"height":200},"classes":[]},{"id":91298,"url":"https:\/\/www.24baires.com\/?p=91298","url_meta":{"origin":90403,"position":3},"title":"Buscar\u00e1n asignar nuevas frecuencias de comunicaciones m\u00f3viles","author":"AF","date":"03\/01\/2017","format":false,"excerpt":"En un plazo no mayor a seis meses el Enacom convocar\u00e1 a empresas para la asignaci\u00f3n de nuevas bandas para los servicios de comunicaciones m\u00f3viles. Hoy se public\u00f3 el decreto que establece los plazos. En el Bolet\u00edn Oficial de hoy se public\u00f3 el Decreto 1340\/2016 -dado a conocer el viernes\u2026","rel":"","context":"En \u00abSociedad\u00bb","block_context":{"text":"Sociedad","link":"https:\/\/www.24baires.com\/?cat=1"},"img":{"alt_text":"","src":"https:\/\/i0.wp.com\/www.24baires.com\/wp-content\/uploads\/2012\/09\/celulares-cooperativos.jpg?resize=350%2C200","width":350,"height":200,"srcset":"https:\/\/i0.wp.com\/www.24baires.com\/wp-content\/uploads\/2012\/09\/celulares-cooperativos.jpg?resize=350%2C200 1x, https:\/\/i0.wp.com\/www.24baires.com\/wp-content\/uploads\/2012\/09\/celulares-cooperativos.jpg?resize=525%2C300 1.5x"},"classes":[]},{"id":106464,"url":"https:\/\/www.24baires.com\/?p=106464","url_meta":{"origin":90403,"position":4},"title":"El Gobierno privatiz\u00f3 bandas de comunicaciones m\u00f3viles que pertenec\u00edan a Arsat","author":"GB","date":"21\/01\/2019","format":false,"excerpt":"Sin lugar a la discusi\u00f3n, la administraci\u00f3n de Mauricio Macri modific\u00f3 la Ley de Desarrollo de la Industria Satelital que en su art\u00edculo 11 reservaba en forma exclusiva las bandas de frecuencias para Arsat, mientras que ahora el ENACOM podr\u00e1 otorgarle dichas bandas de comunicaciones a prestadores de servicios privados\u2026","rel":"","context":"En \u00abPol\u00edtica\u00bb","block_context":{"text":"Pol\u00edtica","link":"https:\/\/www.24baires.com\/?cat=51"},"img":{"alt_text":"","src":"https:\/\/i0.wp.com\/www.24baires.com\/wp-content\/uploads\/2018\/09\/macri.jpg?resize=350%2C200","width":350,"height":200,"srcset":"https:\/\/i0.wp.com\/www.24baires.com\/wp-content\/uploads\/2018\/09\/macri.jpg?resize=350%2C200 1x, https:\/\/i0.wp.com\/www.24baires.com\/wp-content\/uploads\/2018\/09\/macri.jpg?resize=525%2C300 1.5x"},"classes":[]},{"id":77016,"url":"https:\/\/www.24baires.com\/?p=77016","url_meta":{"origin":90403,"position":5},"title":"El Gobierno modific\u00f3 la Ley de Medios por DNU","author":"AF","date":"30\/12\/2015","format":false,"excerpt":"\"Hoy se termina la guerra del Estado contra el periodismo\", afirm\u00f3 el Jefe de Gabinete, Marcos Pe\u00f1a en una conferencia de prensa en Casa de Gobierno. El Jefe de Gabinete, Marcos Pe\u00f1a, anunci\u00f3 hoy la modificaci\u00f3n por decreto de las leyes de Servicios de Comunicaci\u00f3n Audiovisual y de Argentina Digital,\u2026","rel":"","context":"En \u00abMedios\u00bb","block_context":{"text":"Medios","link":"https:\/\/www.24baires.com\/?cat=54"},"img":{"alt_text":"pe\u00f1a","src":"https:\/\/i0.wp.com\/www.24baires.com\/wp-content\/uploads\/2015\/11\/pe%C3%B1a.jpg?resize=350%2C200","width":350,"height":200,"srcset":"https:\/\/i0.wp.com\/www.24baires.com\/wp-content\/uploads\/2015\/11\/pe%C3%B1a.jpg?resize=350%2C200 1x, https:\/\/i0.wp.com\/www.24baires.com\/wp-content\/uploads\/2015\/11\/pe%C3%B1a.jpg?resize=525%2C300 1.5x"},"classes":[]}],"jetpack_sharing_enabled":true,"jetpack_likes_enabled":true,"_links":{"self":[{"href":"https:\/\/www.24baires.com\/index.php?rest_route=\/wp\/v2\/posts\/90403","targetHints":{"allow":["GET"]}}],"collection":[{"href":"https:\/\/www.24baires.com\/index.php?rest_route=\/wp\/v2\/posts"}],"about":[{"href":"https:\/\/www.24baires.com\/index.php?rest_route=\/wp\/v2\/types\/post"}],"author":[{"embeddable":true,"href":"https:\/\/www.24baires.com\/index.php?rest_route=\/wp\/v2\/users\/8"}],"replies":[{"embeddable":true,"href":"https:\/\/www.24baires.com\/index.php?rest_route=%2Fwp%2Fv2%2Fcomments&post=90403"}],"version-history":[{"count":1,"href":"https:\/\/www.24baires.com\/index.php?rest_route=\/wp\/v2\/posts\/90403\/revisions"}],"predecessor-version":[{"id":90404,"href":"https:\/\/www.24baires.com\/index.php?rest_route=\/wp\/v2\/posts\/90403\/revisions\/90404"}],"wp:attachment":[{"href":"https:\/\/www.24baires.com\/index.php?rest_route=%2Fwp%2Fv2%2Fmedia&parent=90403"}],"wp:term":[{"taxonomy":"category","embeddable":true,"href":"https:\/\/www.24baires.com\/index.php?rest_route=%2Fwp%2Fv2%2Fcategories&post=90403"},{"taxonomy":"post_tag","embeddable":true,"href":"https:\/\/www.24baires.com\/index.php?rest_route=%2Fwp%2Fv2%2Ftags&post=90403"}],"curies":[{"name":"wp","href":"https:\/\/api.w.org\/{rel}","templated":true}]}}