{"id":90278,"date":"2016-11-26T17:02:48","date_gmt":"2016-11-26T20:02:48","guid":{"rendered":"http:\/\/www.24baires.com\/?p=90278"},"modified":"2016-11-26T17:02:48","modified_gmt":"2016-11-26T20:02:48","slug":"murio-papa","status":"publish","type":"post","link":"https:\/\/www.24baires.com\/?p=90278","title":{"rendered":"Muri\u00f3 pap\u00e1"},"content":{"rendered":"<p><img data-recalc-dims=\"1\" loading=\"lazy\" decoding=\"async\" src=\"https:\/\/i0.wp.com\/www.24baires.com\/wp-content\/uploads\/2016\/08\/fidel.jpg?resize=560%2C372\" alt=\"fidel\" width=\"560\" height=\"372\" class=\"aligncenter size-full wp-image-86254\" srcset=\"https:\/\/i0.wp.com\/www.24baires.com\/wp-content\/uploads\/2016\/08\/fidel.jpg?w=560&amp;ssl=1 560w, https:\/\/i0.wp.com\/www.24baires.com\/wp-content\/uploads\/2016\/08\/fidel.jpg?resize=300%2C199&amp;ssl=1 300w\" sizes=\"auto, (max-width: 560px) 100vw, 560px\" \/>Abrac\u00e9monos como hermanos. Lloremos juntos, lloremos fuerte: muri\u00f3 pap\u00e1, compa\u00f1eros. Reguemos con nuestras l\u00e1grimas los caminos que \u00e9l traz\u00f3. Que con cada gota ca\u00edda en tierra logremos hacer germinar sus ideas.<!--more--><\/p>\n<p>No tengamos verg\u00fcenza de nuestro dolor, que se ahorren la angustia quienes no saben lo que perdieron. Porque en esta guerra contra el hambre, la ignorancia y el Imperialismo, perdimos a nuestro Comandante, quien llev\u00f3 sobre sus espaldas casi un siglo de feroz batalla.<br \/>\nEn un mundo acostumbrado a generar desigualdad en cada vuelta, lleg\u00f3 un tipo dispuesto a frenar esa rotaci\u00f3n perversa. A demostrarles a los due\u00f1os del planeta que nuestros pueblos son soberanos, que estamos autodeterminados a ser libres, y que en esa puja que cuesta sangre, no estaba dispuesto a rendirse jam\u00e1s. Y jam\u00e1s signific\u00f3 nunca y para siempre.<br \/>\nEn una revoluci\u00f3n se triunfa o se muere, si es verdadera, le escribi\u00f3 el Che a Fidel, una vez. Castro sobrevivi\u00f3 a todos sus asesinos: es que siempre supo que cumple sus sue\u00f1os quien resiste. Y su sue\u00f1o eran tan grande, que no alcazaba la noche para so\u00f1arlo, entonces tuvo que vivirlo. Y result\u00f3 ser el sue\u00f1o m\u00e1s grande y puro de todos: el de la libertad de los oprimidos.<br \/>\nEl mundo perdi\u00f3 a su Comandante. Pobre mundo, \u00e9ste que nos queda.<br \/>\nPerdimos a uno de los padres de nuestra Patria Grande. Cada vez quedamos m\u00e1s hu\u00e9rfanos en estas tierras empe\u00f1adas en ser libres y soberanas, regadas de neoliberales y conservadores que s\u00f3lo piensan en nosotros como esclavos de sus empresas para pocos. \u00c9sos que s\u00f3lo tienen una mano, y es derecha.<br \/>\nMe entristece profundamente, pero s\u00e9 una cosa: por este mundo pas\u00f3 un tipo como \u00e9l, con ideas que cambiaron todo, que nos ense\u00f1aron much\u00edsimo. Con una voluntad a prueba de fascistas y cobardes. Y esas ideas son inmortales.<br \/>\nAlgunos dicen que no hay lugar para la pena. Es cierto que no tenemos tiempo para la tristeza, pero muri\u00f3 pap\u00e1, hermano, hermana. Y este llanto no es de renuncia ni incertidumbre: es dolor, es p\u00e9rdida irrecuperable. Porque ha fallecido el mejor de todos, el m\u00e1s grande. Muri\u00f3 el gigante que enfrent\u00f3 a quienes dec\u00edan que no pod\u00edamos educarnos, porque la ignorancia deb\u00eda ser el caldo en el que nos cri\u00e1ramos. Pele\u00f3 toda su vida contra quienes dijeron que est\u00e1bamos condenados a morirnos por enfermedades que, en otros sitios, no mataban ya a nadie. Muri\u00f3 el gigante que desafi\u00f3 a quienes se creyeron durante d\u00e9cadas los due\u00f1os de las personas. A quienes nos sacaron hist\u00f3ricamente de nuestras bocas el pan que nosotros amasamos. A quienes cre\u00edan y creen que somos susceptibles a ser vendidos y comprados, como cosas.<br \/>\nMuri\u00f3 quien nos educ\u00f3, ense\u00f1\u00e1ndonos que el analfabetismo es la mejor herramienta que tienen los poderosos para someternos. Y nos educamos.<br \/>\nMuri\u00f3 quien recuper\u00f3 el pan, quien hizo que haya un m\u00e9dico dispuesto a tender su conocimiento solidario en cualquier lugar de este mundo. Y comimos, y sanamos.<br \/>\nDale, Muerte, arras\u00e1 con todo, como siempre. Pero te aseguro que te qued\u00e1s con casi nada, con un cuerpo viejo y cansado.<br \/>\nNosotros nos quedamos con lo aprendido, que traza y alumbra el camino. Nosotros nos quedamos con la gloria de la perseverancia, del pu\u00f1o izquierdo apretado, alzado bien arriba, all\u00ed, donde flamean nuestras banderas. Donde aun aguardan nuestros sue\u00f1os, esperando que tengamos el coraje de Fidel, y podamos de una vez y para siempre so\u00f1arlos despiertos. Hasta La Victoria Siempre, compa\u00f1ero Fidel Castro. \u00a1Viva Cuba! \u00a1Viva la Revoluci\u00f3n!<\/p>\n","protected":false},"excerpt":{"rendered":"<p>Abrac\u00e9monos como hermanos. Lloremos juntos, lloremos fuerte: muri\u00f3 pap\u00e1, compa\u00f1eros. Reguemos con nuestras l\u00e1grimas los caminos que \u00e9l traz\u00f3. Que con cada gota ca\u00edda en tierra logremos hacer germinar sus ideas.<\/p>\n","protected":false},"author":8,"featured_media":0,"comment_status":"open","ping_status":"open","sticky":false,"template":"","format":"standard","meta":{"_jetpack_newsletter_access":"","_jetpack_dont_email_post_to_subs":false,"_jetpack_newsletter_tier_id":0,"_jetpack_memberships_contains_paywalled_content":false,"_jetpack_memberships_contains_paid_content":false,"footnotes":""},"categories":[64],"tags":[],"class_list":["post-90278","post","type-post","status-publish","format-standard","hentry","category-opinion"],"jetpack_featured_media_url":"","jetpack_shortlink":"https:\/\/wp.me\/p2JWE0-nu6","jetpack-related-posts":[{"id":43563,"url":"https:\/\/www.24baires.com\/?p=43563","url_meta":{"origin":90278,"position":0},"title":"El Papa Francisco lament\u00f3 los linchamientos y dijo: \u00abSent\u00eda las patadas en el alma\u00bb","author":"GB","date":"09\/04\/2014","format":false,"excerpt":"El papa expres\u00f3 su dolor por el linchamiento al joven David Moreira, ocurrido d\u00edas atr\u00e1s en la ciudad de Rosario, y se pregunt\u00f3 \"qu\u00e9 cosa fall\u00f3\" en la sociedad para que ocurra este tipo de hechos. \"Me doli\u00f3 la escena. Fuenteovejuna, me dije. Sent\u00eda las patadas en el alma. No\u2026","rel":"","context":"En \u00abSociedad\u00bb","block_context":{"text":"Sociedad","link":"https:\/\/www.24baires.com\/?cat=1"},"img":{"alt_text":"papa francisco","src":"https:\/\/i0.wp.com\/www.24baires.com\/wp-content\/uploads\/2014\/03\/papa-francisco-300x197.jpg?resize=350%2C200","width":350,"height":200},"classes":[]},{"id":58510,"url":"https:\/\/www.24baires.com\/?p=58510","url_meta":{"origin":90278,"position":1},"title":"El Papa Francisco confirm\u00f3 que \u00abtodos los perros van al Cielo\u00bb","author":"AF","date":"12\/12\/2014","format":false,"excerpt":"El Papa consol\u00f3 a un nene que lloraba por la muerte de su mascota y luego mencion\u00f3 la situaci\u00f3n en su discurso en la plaza San Pedro. \"Un d\u00eda vamos a ver a nuestros animales de nuevo en la eternidad de Cristo. El Para\u00edso est\u00e1 abierto a todas las criaturas\u2026","rel":"","context":"En \u00abGeneral\u00bb","block_context":{"text":"General","link":"https:\/\/www.24baires.com\/?cat=67"},"img":{"alt_text":"papa perro","src":"https:\/\/i0.wp.com\/www.24baires.com\/wp-content\/uploads\/2014\/12\/papa-perro.jpg?resize=350%2C200","width":350,"height":200,"srcset":"https:\/\/i0.wp.com\/www.24baires.com\/wp-content\/uploads\/2014\/12\/papa-perro.jpg?resize=350%2C200 1x, https:\/\/i0.wp.com\/www.24baires.com\/wp-content\/uploads\/2014\/12\/papa-perro.jpg?resize=525%2C300 1.5x"},"classes":[]},{"id":48109,"url":"https:\/\/www.24baires.com\/?p=48109","url_meta":{"origin":90278,"position":2},"title":"Reclaman autopsia por dudosa muerte de beb\u00e9 en Hospital Marzetti de Ca\u00f1uelas","author":"GB","date":"16\/06\/2014","format":false,"excerpt":"El peque\u00f1o de un mes ingres\u00f3 al centro de salud y fue tratado por una otitis. Luego regres\u00f3 a su casa pero su mam\u00e1 tuvo que llevarlo nuevamente al Hospital porque not\u00f3 que el estado de salud empeoraba. Los m\u00e9dicos afirman que el beb\u00e9 muri\u00f3 de un paro cardiorrespiratorio pero\u2026","rel":"","context":"En \u00abMunicipios\u00bb","block_context":{"text":"Municipios","link":"https:\/\/www.24baires.com\/?cat=44"},"img":{"alt_text":"","src":"","width":0,"height":0},"classes":[]},{"id":40902,"url":"https:\/\/www.24baires.com\/?p=40902","url_meta":{"origin":90278,"position":3},"title":"Tragedia en Once: familiares de las v\u00edctimas reclamaron justicia","author":"GB","date":"22\/02\/2014","format":false,"excerpt":"Familiares de las 52 v\u00edctimas fatales del accidente ferroviario de Once homenajearon hoy la memoria de sus seres queridos a dos a\u00f1os de la tragedia, con un reclamo de \"justicia\". Los familiares hicieron sonar una sirena en el and\u00e9n 2 de la estaci\u00f3n de Once a las 8.32, hora exacta\u2026","rel":"","context":"En \u00abSociedad\u00bb","block_context":{"text":"Sociedad","link":"https:\/\/www.24baires.com\/?cat=1"},"img":{"alt_text":"tragedia once","src":"https:\/\/i0.wp.com\/www.24baires.com\/wp-content\/uploads\/2013\/10\/tragedia-once.jpg?resize=350%2C200","width":350,"height":200,"srcset":"https:\/\/i0.wp.com\/www.24baires.com\/wp-content\/uploads\/2013\/10\/tragedia-once.jpg?resize=350%2C200 1x, https:\/\/i0.wp.com\/www.24baires.com\/wp-content\/uploads\/2013\/10\/tragedia-once.jpg?resize=525%2C300 1.5x"},"classes":[]},{"id":103168,"url":"https:\/\/www.24baires.com\/?p=103168","url_meta":{"origin":90278,"position":4},"title":"Ley Justina: todos los mayores de 18 a\u00f1os son donantes de \u00f3rganos","author":"AF","date":"04\/07\/2018","format":false,"excerpt":"La familia de la nena de 12 a\u00f1os que el a\u00f1o pasado falleci\u00f3 en lista de espera impuls\u00f3 la iniciativa, que hoy se convirti\u00f3 en ley. Cuando Justina Le Cane entr\u00f3 primera en la lista de espera para un coraz\u00f3n en el Incucai, en agosto de 2017, le pidi\u00f3 a\u2026","rel":"","context":"En \u00abSociedad\u00bb","block_context":{"text":"Sociedad","link":"https:\/\/www.24baires.com\/?cat=1"},"img":{"alt_text":"","src":"https:\/\/i0.wp.com\/www.24baires.com\/wp-content\/uploads\/2017\/11\/justina.jpg?resize=350%2C200","width":350,"height":200,"srcset":"https:\/\/i0.wp.com\/www.24baires.com\/wp-content\/uploads\/2017\/11\/justina.jpg?resize=350%2C200 1x, https:\/\/i0.wp.com\/www.24baires.com\/wp-content\/uploads\/2017\/11\/justina.jpg?resize=525%2C300 1.5x"},"classes":[]},{"id":122205,"url":"https:\/\/www.24baires.com\/?p=122205","url_meta":{"origin":90278,"position":5},"title":"Falleci\u00f3 el Papa Francisco","author":"GB","date":"21\/04\/2025","format":false,"excerpt":"El Vaticano comunic\u00f3 el deceso del Sumo Pont\u00edfice. El papa Francisco muri\u00f3 este lunes a los 88 a\u00f1os, seg\u00fan confirm\u00f3 el Vaticano en un comunicado difundido a trav\u00e9s de su canal oficial en Telegram. El deceso se produjo apenas un d\u00eda despu\u00e9s de que el pont\u00edfice hiciera una aparici\u00f3n p\u00fablica\u2026","rel":"","context":"En \u00abSociedad\u00bb","block_context":{"text":"Sociedad","link":"https:\/\/www.24baires.com\/?cat=1"},"img":{"alt_text":"","src":"https:\/\/i0.wp.com\/www.24baires.com\/wp-content\/uploads\/2025\/04\/papa-francisco.webp?resize=350%2C200","width":350,"height":200,"srcset":"https:\/\/i0.wp.com\/www.24baires.com\/wp-content\/uploads\/2025\/04\/papa-francisco.webp?resize=350%2C200 1x, https:\/\/i0.wp.com\/www.24baires.com\/wp-content\/uploads\/2025\/04\/papa-francisco.webp?resize=525%2C300 1.5x, https:\/\/i0.wp.com\/www.24baires.com\/wp-content\/uploads\/2025\/04\/papa-francisco.webp?resize=700%2C400 2x"},"classes":[]}],"jetpack_sharing_enabled":true,"jetpack_likes_enabled":true,"_links":{"self":[{"href":"https:\/\/www.24baires.com\/index.php?rest_route=\/wp\/v2\/posts\/90278","targetHints":{"allow":["GET"]}}],"collection":[{"href":"https:\/\/www.24baires.com\/index.php?rest_route=\/wp\/v2\/posts"}],"about":[{"href":"https:\/\/www.24baires.com\/index.php?rest_route=\/wp\/v2\/types\/post"}],"author":[{"embeddable":true,"href":"https:\/\/www.24baires.com\/index.php?rest_route=\/wp\/v2\/users\/8"}],"replies":[{"embeddable":true,"href":"https:\/\/www.24baires.com\/index.php?rest_route=%2Fwp%2Fv2%2Fcomments&post=90278"}],"version-history":[{"count":1,"href":"https:\/\/www.24baires.com\/index.php?rest_route=\/wp\/v2\/posts\/90278\/revisions"}],"predecessor-version":[{"id":90279,"href":"https:\/\/www.24baires.com\/index.php?rest_route=\/wp\/v2\/posts\/90278\/revisions\/90279"}],"wp:attachment":[{"href":"https:\/\/www.24baires.com\/index.php?rest_route=%2Fwp%2Fv2%2Fmedia&parent=90278"}],"wp:term":[{"taxonomy":"category","embeddable":true,"href":"https:\/\/www.24baires.com\/index.php?rest_route=%2Fwp%2Fv2%2Fcategories&post=90278"},{"taxonomy":"post_tag","embeddable":true,"href":"https:\/\/www.24baires.com\/index.php?rest_route=%2Fwp%2Fv2%2Ftags&post=90278"}],"curies":[{"name":"wp","href":"https:\/\/api.w.org\/{rel}","templated":true}]}}