{"id":90222,"date":"2016-11-24T21:02:18","date_gmt":"2016-11-25T00:02:18","guid":{"rendered":"http:\/\/www.24baires.com\/?p=90222"},"modified":"2016-11-24T21:02:18","modified_gmt":"2016-11-25T00:02:18","slug":"a-un-ano-falsas-promesas-y-lamentos","status":"publish","type":"post","link":"https:\/\/www.24baires.com\/?p=90222","title":{"rendered":"A UN A\u00d1O: FALSAS PROMESAS Y LAMENTOS."},"content":{"rendered":"<p><img data-recalc-dims=\"1\" loading=\"lazy\" decoding=\"async\" src=\"https:\/\/i0.wp.com\/www.24baires.com\/wp-content\/uploads\/2016\/05\/macri-conferencia.jpg?resize=560%2C342\" alt=\"macri conferencia\" width=\"560\" height=\"342\" class=\"aligncenter size-full wp-image-82244\" srcset=\"https:\/\/i0.wp.com\/www.24baires.com\/wp-content\/uploads\/2016\/05\/macri-conferencia.jpg?w=560&amp;ssl=1 560w, https:\/\/i0.wp.com\/www.24baires.com\/wp-content\/uploads\/2016\/05\/macri-conferencia.jpg?resize=300%2C183&amp;ssl=1 300w\" sizes=\"auto, (max-width: 560px) 100vw, 560px\" \/>Ha pasado un a\u00f1o. El 22 de noviembre del a\u00f1o pasado, el pueblo argentino en un re\u00f1ido ballotage dio por ganador a Mauricio Macri. Semanas m\u00e1s tarde fue su asunci\u00f3n. Estamos a poco de que cumplan un a\u00f1o de gobierno. Recordamos sus promesas, los dichos de campa\u00f1a y la imagen que proyectaron de s\u00ed. <!--more--><\/p>\n<p>Vale la pena referirse a lo prometido por Macri en campa\u00f1a y sin lugar a dudas fue burlado, contrariado en casi el a\u00f1o que Cambiemos lleva de gobierno. Las l\u00edneas que siguen ser\u00e1n comentarios al respecto y la narraci\u00f3n de un a\u00f1o electoral aleccionador, de lamentable cadencia, torpes lecturas, infortunio y p\u00e9simo desenlace.<br \/>\nLa campa\u00f1a estuvo llena de promesas demag\u00f3gicas. Primaron las promesas inconsistentes y ca\u00f3ticas de pol\u00edticas que satisfacieran demandas de las m\u00e1s diversas, cosa de que cada quien se quedara con lo que quer\u00eda escuchar: pol\u00edticas fomentando el empleo joven y de mayores de 55, \u201cvamos a fortalecer las econom\u00edas regionales\u201d, masiva pol\u00edtica de cr\u00e9ditos hipotecarios, construcci\u00f3n de 250.000 viviendas populares por a\u00f1o, la promesa del 82% m\u00f3vil para el conjunto de los jubilados o para los que cobran la minima, la devoluci\u00f3n del IVA para los jubilados y los beneficiarios de la AUH y los planes sociales, extensi\u00f3n de la asignaci\u00f3n por hijo, quitas \/ reducci\u00f3n de retenciones, eliminaci\u00f3n del impuesto a las ganancias para los trabajadores, etc., etc. Faltaba que dijeran \u201cte bajo los impuestos y te mejoro todas las prestaciones del Estado\u201d, aunque de alg\u00fan modo lo dec\u00edan. Uno tiraba \u201cpobreza 0\u201d, el otro te hablaba \u201cpleno empleo\u201d. Algunas propuestas eran compartidas, las vociferaban los distintos candidatos. Aunque sutilmente se ve\u00edan diferenciaciones, en mucho se parec\u00edan. MM insist\u00eda en la palabra cambio y dec\u00eda que lo bueno lo iba a dejar. Scioli dec\u00eda \u201csostener lo que est\u00e1 bien, ir por m\u00e1s y hacer las correcciones que hay que hacer\u201d. El tercero en cuesti\u00f3n dec\u00eda \u201cel cambio justo\u201d.<br \/>\nMM incumpli\u00f3 decididamente promesas que no eran m\u00e1s que una farsa necesaria para hacerse con la victoria, neg\u00f3 acusaciones que eran reales, goz\u00f3 de una protecci\u00f3n medi\u00e1tica innegable. \u201cSi dec\u00eda lo que iba hacer no lo votaba nadie\u201d. Indudablemente, mand\u00f3 a guardar ciertas pr\u00e9dicas, escondi\u00f3 su verdadero programa que de todos modos pod\u00eda saberse, escondi\u00f3 \/ mand\u00f3 a callar a esos economistas sincericidas que estaban con \u00e9l.<br \/>\nEl tipo anunciaba Pobreza 0 y unir a los argentinos. Han generado pobres e indigentes con una velocidad inusitada. Han efectuado una pol\u00edtica regresiva que era de suponerse. Han mermado el salario real de los trabajadores. Han herido de gravedad al mercado interno, desataron p\u00e9rdidas de empleo, nos condujeron r\u00e1pidamente a una recesi\u00f3n. Lo de pobreza 0 -por si valiera alg\u00fan comentario- era una farsa total. La \u201cgrieta\u201d perdura. No han empleado un discurso conciliador. La grieta continua y los damnificados se ven de ambos lados.<br \/>\n\u00bfD\u00f3nde qued\u00f3 ese escenario win-win que nos promet\u00eda Macri en campa\u00f1a? \u00bfD\u00f3nde qued\u00f3 eso de \u201cel mejor equipo de los \u00faltimos 50 a\u00f1os\u201d? El casi a\u00f1o de gobierno sugiere impericia o un programa da\u00f1ino adrede de quienes se le dieron de buenitos.<br \/>\nImposible no remitirse al debate electoral y a los intercambios entre los dos candidatos. Imposible no hacer hincapi\u00e9 en que nos hablaban de campa\u00f1a del miedo cuando se hablaba entre otras cosas de mega devaluaci\u00f3n, quita de retenciones y de lo que ser\u00eda una brusca transferencia hacia los sectores concentrados y un contundente ataque a la mesa de los argentinos, disparada de la inflaci\u00f3n, tarifazos, etc.<br \/>\nDijo en esa ocasi\u00f3n que no iba a devaluar, que salir del cepo no iba a significar tal devaluaci\u00f3n, que no iba a haber tal traslado a precios, que no ten\u00edan en sus planes aumentar las tarifas de los servicios p\u00fablicos, etc. Y hubo devaluaci\u00f3n de magnitudes, hubo bruscos traslados a precios, su prop\u00f3sito fue subir las tarifas de los servicios p\u00fablicos de manera brusca e insensible.<br \/>\nTambi\u00e9n hab\u00edan prometido en campa\u00f1a, la eliminaci\u00f3n del impuesto a las ganancias. Han incumplido esa promesa y hoy d\u00eda m\u00e1s trabajadores pagan dicho impuesto.<br \/>\nCi\u00f1\u00e9ndose al debate y a promesas que en alg\u00fan momento tuvieron el caradurismo de enunciar valen algunas  breves menciones: s\u00ed hubo ajuste, s\u00ed hubo despidos en el Estado, mentira que iban a respaldar a las pymes, mentira que acudir\u00edan a ayudar a las econom\u00edas regionales, en lugar de incrementar el gasto en ciencia y tecnolog\u00eda nos entregan un ajuste en el pr\u00f3ximo presupuesto. Mentira que con ellos ven\u00eda la creaci\u00f3n de empleo, que lo iban a cuidar. Asistimos a acusaciones reales y puras mentiras de Macri que de cara a la acusaci\u00f3n negaba lo que iba a ser.<br \/>\nS\u00ed, efectivamente acabaron con el cepo, pero con una metodolog\u00eda recriminable. Liberaron el d\u00f3lar de buenas a primeras, convalidando una sabida brusca devaluaci\u00f3n. S\u00ed, claro que quitaron retenciones a las exportaciones agropecuarias. Desfinanciando al Estado y concretando junto a la devaluaci\u00f3n una fenomenal transferencia de ingresos que adem\u00e1s supuso disparar la inflaci\u00f3n, poner cuesta arriba el salario, atacar la mesa de los argentinos, mermar el nivel de actividad, desatar p\u00e9rdidas de empleo.<br \/>\nS\u00ed, resolvieron el pago a los holdouts. Pagando de un saque, alegremente, sin tenacidad ni vocaci\u00f3n soberana en una negociaci\u00f3n. Volvimos a endeudarnos. Triste record de endeudamiento el que entreg\u00f3 este 2016.<br \/>\nMentira que iban a acabar con la inflaci\u00f3n. Mentira que iban a cumplir con un programa y volver a un supuesto estado de normalidad que atraer\u00eda inversiones y generar\u00eda puestos de trabajo.<br \/>\nUn rasgo de su pr\u00e9dica electoral era invocar simult\u00e1neamente a un Estado que te iba a acompa\u00f1ar y a un Estado que iba a retirarse, \u201cque no te iba a pisar la cabeza\u201d. Mentira que te ven\u00edan a acompa\u00f1ar y verdad que retiraron regulaciones.<br \/>\n\u00bfY d\u00f3nde est\u00e1 su generosa pol\u00edtica de cr\u00e9ditos hipotecarios? Ni en camino.<br \/>\nY cuantas farsas. Porque eso es la anunciada reparaci\u00f3n hist\u00f3rica a los jubilados. Una farsa. Una ley \u00f3mnibus que viene a sembrar las bases para una futura privatizaci\u00f3n del sistema previsional, que repara con migajas, que amordaza futuros reclamos y deteriora el derecho a acceder a una jubilaci\u00f3n para futuros adultos mayores excluidos del mercado de trabajo formal. Y tambi\u00e9n fue desvirtuada completamente, licuada, restringida la propuesta de devoluci\u00f3n del IVA a jubilados y beneficiarios de la AUH. Y s\u00ed, extendieron las asignaciones. Pero la AUH perdi\u00f3 poder de compra. Como tambi\u00e9n perdieron las jubilaciones frente a la inflaci\u00f3n. Y m\u00e1s en vistas al brusco encarecimiento de medicamentos.<br \/>\nY tienen el descaro de decir que se preocupan por los m\u00e1s vulnerables.<br \/>\nCon esa marketinera campa\u00f1a, dando a pulcros, modernos, eficientes, profesionales, desterradores de la vieja pol\u00edtica, con fondos blancos, triangulitos y globitos de colores, oratoria distendida cargad\u00edsima de lugares comunes y frases de ocasi\u00f3n, llegaron a su cometido.<br \/>\nLa cadencia de los hechos reflej\u00f3 una deslucida derrota para el FpV, que hasta se crey\u00f3 ganador apresuradamente. Quiz\u00e1s se subestim\u00f3 la escalada de Macri, no se lo crey\u00f3 con proyecci\u00f3n m\u00e1s all\u00e1 de la C.A.B.A. falto de un aparato pol\u00edtico que finalmente les provey\u00f3 la UCR y bastante bien improvis\u00f3.<br \/>\nEl candidato por mucho que disgustara finalmente fue Scioli. Era lo esperable. Triste episodio el de llevar a Randazzo como posible candidato en un las PASO y dar un paso atr\u00e1s, ofrecerle provincia y que no accediera. Triste desenlace el de la provincia: perder la gobernaci\u00f3n en manos de Vidal operaci\u00f3n medi\u00e1tica contra An\u00edbal Fern\u00e1ndez mediante. Eso fue decisivo. En verdad, en tan corta distancia todo fue decisivo. En semejante distancia la apat\u00eda pol\u00edtica del da lo mismo o voto en blanco frente a \u201clos dos candidatos del ajuste\u201d.<br \/>\nLas semanas anteriores al ballotage se daba por ganador a Macri. Se pis\u00f3 quinta y se alert\u00f3 acerca de Macri en el gobierno. Da la sensaci\u00f3n de que la distancia se acort\u00f3. Con una reducida diferencia, Cambiemos gan\u00f3.<br \/>\nQuedar\u00e1 para siempre la inc\u00f3gnita de qu\u00e9 hubiese sido un gobierno del FpV presidido por Scioli. Pero de lo que si estamos convencidos muchos, es de que no daba lo mismo.<br \/>\nDefinitivamente no se gener\u00f3 la conciencia suficiente respecto a pilares de un modelo que favorece a las mayor\u00edas y a los males de las pol\u00edticas de corte neoliberal. La memoria se ausent\u00f3 en muchos y el p\u00fablico se renueva. Hubo torpeza en la comunicaci\u00f3n e incomprensi\u00f3n de que hab\u00eda razones de descontento entendibles que fueron desatendidas y escasamente pensadas. Por supuesto que gran parte fue virtud de Cambiemos, astucia, acierto en la campa\u00f1a electoral y un lugar destacado tuvieron los medios de comunicaci\u00f3n de mayor llegada.<br \/>\nEl entrante 2017 ser\u00e1 momento de medir nuevamente fuerzas. Y m\u00e1s temprano que tarde, 2019 dar\u00e1 revancha. Ojal\u00e1 que en cualquiera de las dos oportunidades con mayor lucidez ciudadana y pagando el menor costo social.<\/p>\n","protected":false},"excerpt":{"rendered":"<p>Ha pasado un a\u00f1o. El 22 de noviembre del a\u00f1o pasado, el pueblo argentino en un re\u00f1ido ballotage dio por ganador a Mauricio Macri. Semanas m\u00e1s tarde fue su asunci\u00f3n. Estamos a poco de que cumplan un a\u00f1o de gobierno. Recordamos sus promesas, los dichos de campa\u00f1a y la imagen que proyectaron de s\u00ed.<\/p>\n","protected":false},"author":8,"featured_media":0,"comment_status":"open","ping_status":"open","sticky":false,"template":"","format":"standard","meta":{"_jetpack_newsletter_access":"","_jetpack_dont_email_post_to_subs":false,"_jetpack_newsletter_tier_id":0,"_jetpack_memberships_contains_paywalled_content":false,"_jetpack_memberships_contains_paid_content":false,"footnotes":""},"categories":[64],"tags":[],"class_list":["post-90222","post","type-post","status-publish","format-standard","hentry","category-opinion"],"jetpack_featured_media_url":"","jetpack_shortlink":"https:\/\/wp.me\/p2JWE0-ntc","jetpack-related-posts":[{"id":105728,"url":"https:\/\/www.24baires.com\/?p=105728","url_meta":{"origin":90222,"position":0},"title":"Macri reconoci\u00f3 el aumento de la pobreza","author":"AF","date":"03\/12\/2018","format":false,"excerpt":"Tal como sucedi\u00f3 con la promesa del famoso \"segundo semestre\" el Presidente volvi\u00f3 a anticipar una futuro venturoso en el mediano plazo. La felicidad, para Cambiemos, siempre est\u00e1 un poquito m\u00e1s adelante. Tras el fin de la Cumbre del G-20, durante la cual los medios brit\u00e1nicos se preguntaron por qu\u00e9\u2026","rel":"","context":"En \u00abSociedad\u00bb","block_context":{"text":"Sociedad","link":"https:\/\/www.24baires.com\/?cat=1"},"img":{"alt_text":"","src":"https:\/\/i0.wp.com\/www.24baires.com\/wp-content\/uploads\/2018\/09\/macri.jpg?resize=350%2C200","width":350,"height":200,"srcset":"https:\/\/i0.wp.com\/www.24baires.com\/wp-content\/uploads\/2018\/09\/macri.jpg?resize=350%2C200 1x, https:\/\/i0.wp.com\/www.24baires.com\/wp-content\/uploads\/2018\/09\/macri.jpg?resize=525%2C300 1.5x"},"classes":[]},{"id":90654,"url":"https:\/\/www.24baires.com\/?p=90654","url_meta":{"origin":90222,"position":1},"title":"A un a\u00f1o de su asunci\u00f3n, Macri cumpli\u00f3 s\u00f3lo dos de sus veinte promesas de campa\u00f1a","author":"GB","date":"11\/12\/2016","format":false,"excerpt":"Hoy se cumple un a\u00f1o desde que Mauricio Macri asumi\u00f3 la Jefatura de Estado. Un an\u00e1lisis revel\u00f3 que apenas cumpli\u00f3 dos de las veinte promesas en las que bas\u00f3 su campa\u00f1a. Un coletazo del debate. A un a\u00f1o de haber asumido la Presidencia de la Naci\u00f3n, Mauricio Macri cumpli\u00f3 apenas\u2026","rel":"","context":"En \u00abPol\u00edtica\u00bb","block_context":{"text":"Pol\u00edtica","link":"https:\/\/www.24baires.com\/?cat=51"},"img":{"alt_text":"macri","src":"https:\/\/i0.wp.com\/www.24baires.com\/wp-content\/uploads\/2016\/11\/macri.jpg?resize=350%2C200","width":350,"height":200,"srcset":"https:\/\/i0.wp.com\/www.24baires.com\/wp-content\/uploads\/2016\/11\/macri.jpg?resize=350%2C200 1x, https:\/\/i0.wp.com\/www.24baires.com\/wp-content\/uploads\/2016\/11\/macri.jpg?resize=525%2C300 1.5x"},"classes":[]},{"id":111167,"url":"https:\/\/www.24baires.com\/?p=111167","url_meta":{"origin":90222,"position":2},"title":"Cristina sobre la campa\u00f1a del gobierno: \u00abHicieron lo contrario a lo que prometieron\u00bb","author":"AF","date":"13\/07\/2019","format":false,"excerpt":"La precandidata a vicepresidenta del Frente de Todos present\u00f3 su libro en R\u00edo Gallegos y cuestion\u00f3 la violencia que de lanza desde el oficialismo: \"Es un discurso violento, que genera violencia\". Cristina Kirchner present\u00f3 su libro \"Sinceramente\" en Santa Cruz. La candidata a vicepresidenta del Frente de Todos protagoniz\u00f3 el\u2026","rel":"","context":"En \u00abPol\u00edtica\u00bb","block_context":{"text":"Pol\u00edtica","link":"https:\/\/www.24baires.com\/?cat=51"},"img":{"alt_text":"","src":"https:\/\/i0.wp.com\/www.24baires.com\/wp-content\/uploads\/2019\/05\/cristina-sinceramente.jpeg?resize=350%2C200","width":350,"height":200,"srcset":"https:\/\/i0.wp.com\/www.24baires.com\/wp-content\/uploads\/2019\/05\/cristina-sinceramente.jpeg?resize=350%2C200 1x, https:\/\/i0.wp.com\/www.24baires.com\/wp-content\/uploads\/2019\/05\/cristina-sinceramente.jpeg?resize=525%2C300 1.5x"},"classes":[]},{"id":88322,"url":"https:\/\/www.24baires.com\/?p=88322","url_meta":{"origin":90222,"position":3},"title":"Finalmente no habr\u00e1 cr\u00e9ditos hipotecarios masivos","author":"GB","date":"04\/10\/2016","format":false,"excerpt":"Aunque durante la campa\u00f1a presidencial Mauricio Macri hab\u00eda prometido lanzar un mill\u00f3n de pr\u00e9stamos a 30 a\u00f1os para que los inquilinos pudieran lograr el sue\u00f1o de la casa propia, desde el macrismo reconocieron que no podr\u00e1n cumplir con ese compromiso por al menos los pr\u00f3ximos dos a\u00f1os. \"Lanzaremos un mill\u00f3n\u2026","rel":"","context":"En \u00abPol\u00edtica\u00bb","block_context":{"text":"Pol\u00edtica","link":"https:\/\/www.24baires.com\/?cat=51"},"img":{"alt_text":"Mauricio Macri","src":"https:\/\/i0.wp.com\/www.24baires.com\/wp-content\/uploads\/2016\/08\/Mauricio-Macri.jpg?resize=350%2C200","width":350,"height":200,"srcset":"https:\/\/i0.wp.com\/www.24baires.com\/wp-content\/uploads\/2016\/08\/Mauricio-Macri.jpg?resize=350%2C200 1x, https:\/\/i0.wp.com\/www.24baires.com\/wp-content\/uploads\/2016\/08\/Mauricio-Macri.jpg?resize=525%2C300 1.5x"},"classes":[]},{"id":108302,"url":"https:\/\/www.24baires.com\/?p=108302","url_meta":{"origin":90222,"position":4},"title":"Macri prometi\u00f3 construir 3000 jardines de infantes, solo hizo 3","author":"AF","date":"21\/05\/2019","format":false,"excerpt":"La promesa inicial de campa\u00f1a de construir 3 mil jardines de infantes pronto mut\u00f3 en 10 mil nuevas aulas, de las cuales construy\u00f3 apenas poco m\u00e1s de 1.400, seg\u00fan un informe del Observatorio Argentinos por la Educaci\u00f3n. No cumpli\u00f3 ni con una ni con otra de las promesas. Cuando era\u2026","rel":"","context":"En \u00abSociedad\u00bb","block_context":{"text":"Sociedad","link":"https:\/\/www.24baires.com\/?cat=1"},"img":{"alt_text":"","src":"https:\/\/i0.wp.com\/www.24baires.com\/wp-content\/uploads\/2018\/09\/macri.jpg?resize=350%2C200","width":350,"height":200,"srcset":"https:\/\/i0.wp.com\/www.24baires.com\/wp-content\/uploads\/2018\/09\/macri.jpg?resize=350%2C200 1x, https:\/\/i0.wp.com\/www.24baires.com\/wp-content\/uploads\/2018\/09\/macri.jpg?resize=525%2C300 1.5x"},"classes":[]},{"id":112475,"url":"https:\/\/www.24baires.com\/?p=112475","url_meta":{"origin":90222,"position":5},"title":"Kicillof, sobre la gesti\u00f3n de Macri: \u00abNo se debe gobernar as\u00ed\u00bb","author":"AF","date":"11\/10\/2019","format":false,"excerpt":"\"No venimos a traer excusas, venimos a traer soluciones\", prometi\u00f3 el candidato a gobernador del Frente de Todos, Axel Kicillof, ante una plaza repleta de seguidores en Mar del Plata, y record\u00f3 que las gestiones de la gobernadora Mar\u00eda Eugenia Vidal y el presidente Mauricio Macri llegaron \"con los bolsillos\u2026","rel":"","context":"En \u00abPol\u00edtica\u00bb","block_context":{"text":"Pol\u00edtica","link":"https:\/\/www.24baires.com\/?cat=51"},"img":{"alt_text":"","src":"https:\/\/i0.wp.com\/www.24baires.com\/wp-content\/uploads\/2019\/08\/kicillof-1.jpg?resize=350%2C200","width":350,"height":200,"srcset":"https:\/\/i0.wp.com\/www.24baires.com\/wp-content\/uploads\/2019\/08\/kicillof-1.jpg?resize=350%2C200 1x, https:\/\/i0.wp.com\/www.24baires.com\/wp-content\/uploads\/2019\/08\/kicillof-1.jpg?resize=525%2C300 1.5x"},"classes":[]}],"jetpack_sharing_enabled":true,"jetpack_likes_enabled":true,"_links":{"self":[{"href":"https:\/\/www.24baires.com\/index.php?rest_route=\/wp\/v2\/posts\/90222","targetHints":{"allow":["GET"]}}],"collection":[{"href":"https:\/\/www.24baires.com\/index.php?rest_route=\/wp\/v2\/posts"}],"about":[{"href":"https:\/\/www.24baires.com\/index.php?rest_route=\/wp\/v2\/types\/post"}],"author":[{"embeddable":true,"href":"https:\/\/www.24baires.com\/index.php?rest_route=\/wp\/v2\/users\/8"}],"replies":[{"embeddable":true,"href":"https:\/\/www.24baires.com\/index.php?rest_route=%2Fwp%2Fv2%2Fcomments&post=90222"}],"version-history":[{"count":1,"href":"https:\/\/www.24baires.com\/index.php?rest_route=\/wp\/v2\/posts\/90222\/revisions"}],"predecessor-version":[{"id":90223,"href":"https:\/\/www.24baires.com\/index.php?rest_route=\/wp\/v2\/posts\/90222\/revisions\/90223"}],"wp:attachment":[{"href":"https:\/\/www.24baires.com\/index.php?rest_route=%2Fwp%2Fv2%2Fmedia&parent=90222"}],"wp:term":[{"taxonomy":"category","embeddable":true,"href":"https:\/\/www.24baires.com\/index.php?rest_route=%2Fwp%2Fv2%2Fcategories&post=90222"},{"taxonomy":"post_tag","embeddable":true,"href":"https:\/\/www.24baires.com\/index.php?rest_route=%2Fwp%2Fv2%2Ftags&post=90222"}],"curies":[{"name":"wp","href":"https:\/\/api.w.org\/{rel}","templated":true}]}}