{"id":90207,"date":"2016-11-24T18:03:29","date_gmt":"2016-11-24T21:03:29","guid":{"rendered":"http:\/\/www.24baires.com\/?p=90207"},"modified":"2016-11-24T18:03:29","modified_gmt":"2016-11-24T21:03:29","slug":"ley-de-medios-el-gobierno-lanza-el-consejo-federal-de-comunicaciones","status":"publish","type":"post","link":"https:\/\/www.24baires.com\/?p=90207","title":{"rendered":"Ley de Medios: el Gobierno lanza el Consejo Federal de Comunicaciones"},"content":{"rendered":"<p><img data-recalc-dims=\"1\" loading=\"lazy\" decoding=\"async\" src=\"https:\/\/i0.wp.com\/www.24baires.com\/wp-content\/uploads\/2015\/12\/aguad-intervenci%C3%B3n-afsca.png?resize=300%2C169\" alt=\"aguad intervenci\u00f3n afsca\" width=\"300\" height=\"169\" class=\"alignleft size-medium wp-image-76781\" srcset=\"https:\/\/i0.wp.com\/www.24baires.com\/wp-content\/uploads\/2015\/12\/aguad-intervenci%C3%B3n-afsca.png?resize=300%2C169&amp;ssl=1 300w, https:\/\/i0.wp.com\/www.24baires.com\/wp-content\/uploads\/2015\/12\/aguad-intervenci%C3%B3n-afsca.png?w=560&amp;ssl=1 560w\" sizes=\"auto, (max-width: 300px) 100vw, 300px\" \/>Seg\u00fan informan desde el ministerio de Comunicaciones, tendr\u00e1 entre sus funciones colaborar y asesorar en el dise\u00f1o de las pol\u00edticas p\u00fablicas para las tecnolog\u00edas de la informaci\u00f3n y las comunicaciones y de radiodifusi\u00f3n.<!--more--><\/p>\n<p>El Gobierno anunci\u00f3 el lanzamiento el lanzamiento del Consejo Federal de Comunicaciones, que tendr\u00e1 como como objetivo, entre otras cosas, la redacci\u00f3n de una nueva Ley de Medios. La iniciativa surge despu\u00e9s de que el oficiliasmo creara el ENACOM, fusi\u00f3n de AFSCA Y AFCTIC, y dejara sin efectos algunos art\u00edculos de la Ley de Servicio de Comunicaci\u00f3n Audiovisual.<\/p>\n<p>El consejo que tiene entre sus funciones colaborar y asesorar en el dise\u00f1o de las pol\u00edticas p\u00fablicas para las tecnolog\u00edas de la informaci\u00f3n y las comunicaciones y de radiodifusi\u00f3n, adem\u00e1s de monitorear el avance de los indicadores de Servicio universal, de los servicios p\u00fablicos de radiodifusi\u00f3n, telecomunicaciones y digitlizaci\u00f3n y de la velocidad de transmisi\u00f3n.<\/p>\n<p>El Consejo Federal est\u00e1 integrado por un representante de cada una de las provincias y de la Ciudad, y otro por las entidades que agrupan a los prestadores privados de car\u00e1cter comercial que tengan su principal actividad en el \u00e1mbito de los servicios de radiodifusi\u00f3n, telecomunicaciones y digitalizaci\u00f3n.<\/p>\n<p>Tambi\u00e9n un representante por las entidades que agrupen a los prestadores privados sin fines de lucro; otro por el Consejo Interuniversitario nacional, otro por los medios p\u00fablicos, uno en representaci\u00f3n de las entidades sindicales de los trabajadores de las Tecnolog\u00edas de la Informaci\u00f3n y las Comunicaciones; y otro por los Pueblos Originarios.<br \/>\nLas asociaciones de usuarios y consumidores tendr\u00e1n dos representantes.  <\/p>\n","protected":false},"excerpt":{"rendered":"<p>Seg\u00fan informan desde el ministerio de Comunicaciones, tendr\u00e1 entre sus funciones colaborar y asesorar en el dise\u00f1o de las pol\u00edticas p\u00fablicas para las tecnolog\u00edas de la informaci\u00f3n y las comunicaciones y de radiodifusi\u00f3n.<\/p>\n","protected":false},"author":8,"featured_media":0,"comment_status":"open","ping_status":"open","sticky":false,"template":"","format":"standard","meta":{"_jetpack_newsletter_access":"","_jetpack_dont_email_post_to_subs":false,"_jetpack_newsletter_tier_id":0,"_jetpack_memberships_contains_paywalled_content":false,"_jetpack_memberships_contains_paid_content":false,"footnotes":""},"categories":[54],"tags":[],"class_list":["post-90207","post","type-post","status-publish","format-standard","hentry","category-medios"],"jetpack_featured_media_url":"","jetpack_shortlink":"https:\/\/wp.me\/p2JWE0-nsX","jetpack-related-posts":[{"id":115787,"url":"https:\/\/www.24baires.com\/?p=115787","url_meta":{"origin":90207,"position":0},"title":"El Presidente present\u00f3 el proyecto de reforma judicial: \u00abSin Justicia independiente no hay Rep\u00fablica\u00bb","author":"AF","date":"29\/07\/2020","format":false,"excerpt":"El presidente Alberto Fern\u00e1ndez detall\u00f3 el proyecto de reforma judicial que enviar\u00e1 al Congreso para \"tener un mejor Estado de derecho\". \"Digamos nunca m\u00e1s a una pol\u00edtica que judicialice las diferencias\". As\u00ed argument\u00f3 el presidente Alberto Fern\u00e1ndez la presentaci\u00f3n del proyecto de ley de reforma judicial, que unificar\u00e1 y duplicar\u00e1\u2026","rel":"","context":"En \u00abSociedad\u00bb","block_context":{"text":"Sociedad","link":"https:\/\/www.24baires.com\/?cat=1"},"img":{"alt_text":"","src":"https:\/\/i0.wp.com\/www.24baires.com\/wp-content\/uploads\/2020\/07\/alberto-f.jpg?resize=350%2C200","width":350,"height":200,"srcset":"https:\/\/i0.wp.com\/www.24baires.com\/wp-content\/uploads\/2020\/07\/alberto-f.jpg?resize=350%2C200 1x, https:\/\/i0.wp.com\/www.24baires.com\/wp-content\/uploads\/2020\/07\/alberto-f.jpg?resize=525%2C300 1.5x"},"classes":[]},{"id":117221,"url":"https:\/\/www.24baires.com\/?p=117221","url_meta":{"origin":90207,"position":1},"title":"El Gobierno autoriz\u00f3 aumentos en internet, telefon\u00eda y TV","author":"GB","date":"23\/02\/2021","format":false,"excerpt":"El Ente Nacional de Comunicaciones (Enacom) habilit\u00f3 nuevos aumentos para el servicio de internet, telefon\u00eda fija y TV paga. El Gobierno nacional dio a conocer este martes que autoriz\u00f3 aumentos de entre 5% y 7,5% a partir de marzo en las tarifas los servicios de telefon\u00eda fija, internet y TV\u2026","rel":"","context":"En \u00abPol\u00edtica\u00bb","block_context":{"text":"Pol\u00edtica","link":"https:\/\/www.24baires.com\/?cat=51"},"img":{"alt_text":"","src":"https:\/\/i0.wp.com\/www.24baires.com\/wp-content\/uploads\/2014\/09\/compu-hacker-pc-internet-300x225.jpg?resize=350%2C200","width":350,"height":200},"classes":[]},{"id":121538,"url":"https:\/\/www.24baires.com\/?p=121538","url_meta":{"origin":90207,"position":2},"title":"Presentan un proyecto para promover acuerdos intermunicipales","author":"GB","date":"13\/08\/2024","format":false,"excerpt":"La propuesta que ingres\u00f3 a la Legislatura busca impulsar la planificaci\u00f3n de pol\u00edticas p\u00fablicas cooperativas y fortalecer v\u00ednculos entre localidades cercanas, as\u00ed como disponer un Consejo Consultivo y un Fondo de Financiamiento com\u00fan. En las \u00faltimas horas ingres\u00f3 a la Legislatura bonaerense un proyecto de ley para promover la celebraci\u00f3n\u2026","rel":"","context":"En \u00abProvincia\u00bb","block_context":{"text":"Provincia","link":"https:\/\/www.24baires.com\/?cat=40"},"img":{"alt_text":"","src":"https:\/\/i0.wp.com\/www.24baires.com\/wp-content\/uploads\/2022\/12\/camara-diputados-bonaerensejpg.jpg?resize=350%2C200","width":350,"height":200,"srcset":"https:\/\/i0.wp.com\/www.24baires.com\/wp-content\/uploads\/2022\/12\/camara-diputados-bonaerensejpg.jpg?resize=350%2C200 1x, https:\/\/i0.wp.com\/www.24baires.com\/wp-content\/uploads\/2022\/12\/camara-diputados-bonaerensejpg.jpg?resize=525%2C300 1.5x, https:\/\/i0.wp.com\/www.24baires.com\/wp-content\/uploads\/2022\/12\/camara-diputados-bonaerensejpg.jpg?resize=700%2C400 2x"},"classes":[]},{"id":113517,"url":"https:\/\/www.24baires.com\/?p=113517","url_meta":{"origin":90207,"position":3},"title":"Presentan cuatro denuncias penales contra las autoridades salientes del INCAA","author":"AF","date":"19\/12\/2019","format":false,"excerpt":"Implican al ex presidente de la instituci\u00f3n, Ralph Douglas Haiek, y al ex gerente general, Juan Francisco Victorino Garc\u00eda Aramburo. Las posibles penas abarcan hasta dos a\u00f1os de prisi\u00f3n. Este jueves se presentaron cuatro denuncias penales contra el presidente saliente del Instituto Nacional de Cine y Artes Audiovisuales (INCAA), Ralph\u2026","rel":"","context":"En \u00abJUDICIALES\u00bb","block_context":{"text":"JUDICIALES","link":"https:\/\/www.24baires.com\/?cat=68"},"img":{"alt_text":"","src":"https:\/\/i0.wp.com\/www.24baires.com\/wp-content\/uploads\/2017\/04\/incaa-300x200.jpg?resize=350%2C200","width":350,"height":200},"classes":[]},{"id":721,"url":"https:\/\/www.24baires.com\/?p=721","url_meta":{"origin":90207,"position":4},"title":"Plenario de la Coalici\u00f3n por una Radiodifusi\u00f3n Democr\u00e1tica de cara a la plena vigencia de la Ley de Medios","author":"Grupo Sierra","date":"30\/09\/2012","format":false,"excerpt":"La Coalici\u00f3n por una Radiodifusi\u00f3n Democr\u00e1tica debatir\u00e1 el pr\u00f3ximo martes, en un plenario federal, las medidas en respaldo a la plena aplicaci\u00f3n de la Ley de Servicios de Comunicaci\u00f3n Audiovisual. El plenario tendr\u00e1 lugar a las 14 en la sede de la Asociaci\u00f3n Argentina de Actores, Alsina 1762 de la\u2026","rel":"","context":"En \u00abMedios\u00bb","block_context":{"text":"Medios","link":"https:\/\/www.24baires.com\/?cat=54"},"img":{"alt_text":"","src":"","width":0,"height":0},"classes":[]},{"id":121402,"url":"https:\/\/www.24baires.com\/?p=121402","url_meta":{"origin":90207,"position":5},"title":"Kicillof sobre la Ley Bases: \u00abElimina la moratoria previsional en un ataque contra las mujeres\u00bb","author":"GB","date":"03\/06\/2024","format":false,"excerpt":"Durante el lanzamiento de la Escuela de G\u00e9nero, Gobierno y Comunidad bonaernse, el gobernador Axel Kicillof volvi\u00f3 a disparar contra la Ley Bases y defendi\u00f3 las pol\u00edticas provinciales a favor de las mujeres. En el marco de un nuevo aniversario del \"Ni una menos\", el gobernador bonaerense, Axel Kicillof, y\u2026","rel":"","context":"En \u00abProvincia\u00bb","block_context":{"text":"Provincia","link":"https:\/\/www.24baires.com\/?cat=40"},"img":{"alt_text":"","src":"https:\/\/i0.wp.com\/www.24baires.com\/wp-content\/uploads\/2024\/06\/kici-ni-una-menos.webp?resize=350%2C200","width":350,"height":200,"srcset":"https:\/\/i0.wp.com\/www.24baires.com\/wp-content\/uploads\/2024\/06\/kici-ni-una-menos.webp?resize=350%2C200 1x, https:\/\/i0.wp.com\/www.24baires.com\/wp-content\/uploads\/2024\/06\/kici-ni-una-menos.webp?resize=525%2C300 1.5x, https:\/\/i0.wp.com\/www.24baires.com\/wp-content\/uploads\/2024\/06\/kici-ni-una-menos.webp?resize=700%2C400 2x"},"classes":[]}],"jetpack_sharing_enabled":true,"jetpack_likes_enabled":true,"_links":{"self":[{"href":"https:\/\/www.24baires.com\/index.php?rest_route=\/wp\/v2\/posts\/90207","targetHints":{"allow":["GET"]}}],"collection":[{"href":"https:\/\/www.24baires.com\/index.php?rest_route=\/wp\/v2\/posts"}],"about":[{"href":"https:\/\/www.24baires.com\/index.php?rest_route=\/wp\/v2\/types\/post"}],"author":[{"embeddable":true,"href":"https:\/\/www.24baires.com\/index.php?rest_route=\/wp\/v2\/users\/8"}],"replies":[{"embeddable":true,"href":"https:\/\/www.24baires.com\/index.php?rest_route=%2Fwp%2Fv2%2Fcomments&post=90207"}],"version-history":[{"count":1,"href":"https:\/\/www.24baires.com\/index.php?rest_route=\/wp\/v2\/posts\/90207\/revisions"}],"predecessor-version":[{"id":90208,"href":"https:\/\/www.24baires.com\/index.php?rest_route=\/wp\/v2\/posts\/90207\/revisions\/90208"}],"wp:attachment":[{"href":"https:\/\/www.24baires.com\/index.php?rest_route=%2Fwp%2Fv2%2Fmedia&parent=90207"}],"wp:term":[{"taxonomy":"category","embeddable":true,"href":"https:\/\/www.24baires.com\/index.php?rest_route=%2Fwp%2Fv2%2Fcategories&post=90207"},{"taxonomy":"post_tag","embeddable":true,"href":"https:\/\/www.24baires.com\/index.php?rest_route=%2Fwp%2Fv2%2Ftags&post=90207"}],"curies":[{"name":"wp","href":"https:\/\/api.w.org\/{rel}","templated":true}]}}