{"id":9018,"date":"2012-12-13T20:18:14","date_gmt":"2012-12-13T23:18:14","guid":{"rendered":"http:\/\/www.24baires.com\/?p=9018"},"modified":"2012-12-14T14:21:19","modified_gmt":"2012-12-14T17:21:19","slug":"media-sancion-para-el-juicio-por-jurados-en-la-provincia-de-buenos-aires","status":"publish","type":"post","link":"https:\/\/www.24baires.com\/?p=9018","title":{"rendered":"Media sanci\u00f3n para el Juicio por Jurados en la Provincia de Buenos Aires"},"content":{"rendered":"<p>Con el apoyo de la mayor\u00eda de los bloques que tienen representaci\u00f3n parlamentaria, la C\u00e1mara de Diputados de la Provincia de Buenos Aires, presidida por Horacio Gonz\u00e1lez, aprob\u00f3 en la sesi\u00f3n de esta tarde la implementaci\u00f3n del instituto del Juicio por Jurados, un mandato constitucional pendiente de ejecuci\u00f3n desde la reforma de 1994 y que tiene como principal fundamento acercar la participaci\u00f3n popular a la Justicia. Ahora pasar\u00e1 a la C\u00e1mara de Senadores para se convierta en Ley.\u00a0<!--more--><\/p>\n<p>A lo largo del debate se expresaron los diputados Iv\u00e1n Budassi, Roc\u00edo Giaccone, Franco Caviglia y Ra\u00fal P\u00e9rez, del Frente para la Victoria-Partido Justicialista; Marcelo Sa\u00edn, de Nuevo Encuentro; Walter Martello, de Coalici\u00f3n C\u00edvica; Juan Carlos Ju\u00e1rez, del Frente Amplio Progresista; Ricardo Jano, de Radicales del Pueblo; M\u00f3nica L\u00f3pez, de Uni\u00f3n Celeste y Blanco; Marcelo Di Pascuale, de Pro Peronismo; y Jorge Solmi, de Proyecto Bonaerense.<\/p>\n<p>El proyecto aprobado establece que los ciudadanos integren jurados para emitir su veredicto en casos de delitos graves. Los vecinos podr\u00e1n participar de un juicio integrando un tribunal que decidir\u00e1 si el delito que se juzga se cometi\u00f3 o no, y si la persona juzgada es o no culpable. Con la nueva figura tambi\u00e9n se pretenden potenciar las garant\u00edas procesales del imputado, de conformidad con la Constituci\u00f3n Nacional, los Tratados Internaciones de Derechos Humanos con jerarqu\u00eda constitucional, la Constituci\u00f3n bonaerense y la mejor doctrina en la materia.<\/p>\n<p>Seg\u00fan los fundamentos del proyecto girado por el Poder Ejecutivo, \u201cla instauraci\u00f3n del juicio por jurados en la provincia de Buenos Aires apunta no s\u00f3lo a reconocer la participaci\u00f3n ciudadana en los asuntos p\u00fablicos, sino que, a la vez, potenciar\u00e1 sin duda alguna el principio de publicidad de los actos de gobierno y la transparencia en la administraci\u00f3n de justicia\u201d.<\/p>\n","protected":false},"excerpt":{"rendered":"<p>Con el apoyo de la mayor\u00eda de los bloques que tienen representaci\u00f3n parlamentaria, la C\u00e1mara de Diputados de la Provincia de Buenos Aires, presidida por Horacio Gonz\u00e1lez, aprob\u00f3 en la sesi\u00f3n de esta tarde la implementaci\u00f3n del instituto del Juicio por Jurados, un mandato constitucional pendiente de ejecuci\u00f3n desde la reforma de 1994 y que tiene como principal fundamento acercar [&#8230;]<\/p>\n","protected":false},"author":11,"featured_media":0,"comment_status":"open","ping_status":"open","sticky":false,"template":"","format":"standard","meta":{"_jetpack_newsletter_access":"","_jetpack_dont_email_post_to_subs":false,"_jetpack_newsletter_tier_id":0,"_jetpack_memberships_contains_paywalled_content":false,"_jetpack_memberships_contains_paid_content":false,"footnotes":""},"categories":[40],"tags":[],"class_list":["post-9018","post","type-post","status-publish","format-standard","hentry","category-provincia"],"jetpack_featured_media_url":"","jetpack_shortlink":"https:\/\/wp.me\/p2JWE0-2ls","jetpack-related-posts":[{"id":118412,"url":"https:\/\/www.24baires.com\/?p=118412","url_meta":{"origin":9018,"position":0},"title":"Legisladores bonaerenses pidieron el juicio pol\u00edtico a Conte Grand","author":"AF","date":"04\/01\/2022","format":false,"excerpt":"Es por la presunta participacion del Procurador provincial en la mesa judicial integrada por exfuncionarios del gobierno de Mar\u00eda Eugenia Vidal con el fin de espiar y armar causas judiciales contra sindicalistas. Los diputados y diputadas bonaerenses del Frente de Todos pidieron este martes el juicio pol\u00edtico del Procurador Julio\u2026","rel":"","context":"En \u00abPol\u00edtica\u00bb","block_context":{"text":"Pol\u00edtica","link":"https:\/\/www.24baires.com\/?cat=51"},"img":{"alt_text":"","src":"https:\/\/i0.wp.com\/www.24baires.com\/wp-content\/uploads\/2022\/01\/61c9cd1d7c835_900.jpg?resize=350%2C200","width":350,"height":200,"srcset":"https:\/\/i0.wp.com\/www.24baires.com\/wp-content\/uploads\/2022\/01\/61c9cd1d7c835_900.jpg?resize=350%2C200 1x, https:\/\/i0.wp.com\/www.24baires.com\/wp-content\/uploads\/2022\/01\/61c9cd1d7c835_900.jpg?resize=525%2C300 1.5x"},"classes":[]},{"id":120740,"url":"https:\/\/www.24baires.com\/?p=120740","url_meta":{"origin":9018,"position":1},"title":"Axel Kicillof asume su segundo mandato al frente de la provincia de Buenos Aires","author":"GB","date":"11\/12\/2023","format":false,"excerpt":"El acto se desarrollar\u00e1 desde las 18 ante los diputados y senadores de la provincia. El gobernador bonaerense, Axel Kicillof, y la vicegobernadora Ver\u00f3nica Magario jurar\u00e1n esta tarde nuevamente en esos cargos ante la Asamblea Legislativa reunida en la C\u00e1mara de Diputados de la provincia de Buenos Aires, con lo\u2026","rel":"","context":"En \u00abProvincia\u00bb","block_context":{"text":"Provincia","link":"https:\/\/www.24baires.com\/?cat=40"},"img":{"alt_text":"","src":"https:\/\/i0.wp.com\/www.24baires.com\/wp-content\/uploads\/2023\/09\/kici-mdp.webp?resize=350%2C200","width":350,"height":200,"srcset":"https:\/\/i0.wp.com\/www.24baires.com\/wp-content\/uploads\/2023\/09\/kici-mdp.webp?resize=350%2C200 1x, https:\/\/i0.wp.com\/www.24baires.com\/wp-content\/uploads\/2023\/09\/kici-mdp.webp?resize=525%2C300 1.5x, https:\/\/i0.wp.com\/www.24baires.com\/wp-content\/uploads\/2023\/09\/kici-mdp.webp?resize=700%2C400 2x"},"classes":[]},{"id":45256,"url":"https:\/\/www.24baires.com\/?p=45256","url_meta":{"origin":9018,"position":2},"title":"El primer Juicio por Jurados se realizar\u00e1 en La Plata","author":"GB","date":"04\/05\/2014","format":false,"excerpt":"El acusado es un hombre imputado por intentar matar a pu\u00f1aladas a su vecino. El abogado confirm\u00f3 que su defendido solicit\u00f3 ser juzgado por esta modalidad y que ya inici\u00f3 los tr\u00e1mites necesarios. El Tribunal Oral Criminal 5 de La Plata ya acept\u00f3 lo que ser\u00e1 el debut de la\u2026","rel":"","context":"En \u00abProvincia\u00bb","block_context":{"text":"Provincia","link":"https:\/\/www.24baires.com\/?cat=40"},"img":{"alt_text":"","src":"","width":0,"height":0},"classes":[]},{"id":113264,"url":"https:\/\/www.24baires.com\/?p=113264","url_meta":{"origin":9018,"position":3},"title":"Juraron los 35 diputados de la provincia que ingresan al Congreso","author":"GB","date":"05\/12\/2019","format":false,"excerpt":"Los legisladores que representar\u00e1n a los bonaerenses asumieron formalmente en sus bancas y se reagruparon en bloques Los 130 diputados que resultaron electos en todo el pa\u00eds tomaron juramento y los 35 que corresponden a la provincia de Buenos Aires hicieron dedicatorias especiales a la hora de asumir su banca.\u2026","rel":"","context":"En \u00abProvincia\u00bb","block_context":{"text":"Provincia","link":"https:\/\/www.24baires.com\/?cat=40"},"img":{"alt_text":"","src":"https:\/\/i0.wp.com\/www.24baires.com\/wp-content\/uploads\/2019\/12\/diputados-asumiento.jpg?resize=350%2C200","width":350,"height":200,"srcset":"https:\/\/i0.wp.com\/www.24baires.com\/wp-content\/uploads\/2019\/12\/diputados-asumiento.jpg?resize=350%2C200 1x, https:\/\/i0.wp.com\/www.24baires.com\/wp-content\/uploads\/2019\/12\/diputados-asumiento.jpg?resize=525%2C300 1.5x"},"classes":[]},{"id":7673,"url":"https:\/\/www.24baires.com\/?p=7673","url_meta":{"origin":9018,"position":4},"title":"Buscan aprobar los juicios por jurados","author":"AF","date":"03\/12\/2012","format":false,"excerpt":"La C\u00e1mara de Diputados bonaerense buscar\u00e1 avanzar esta semana con el proyecto que dispone la implementaci\u00f3n del mecanismo de Juicios por Jurados en la provincia de Buenos Aires para as\u00ed despu\u00e9s girarlo al Senado para su aprobaci\u00f3n definitiva. La aprobaci\u00f3n del dictamen en comisiones d\u00edas atr\u00e1s fue la escala final\u2026","rel":"","context":"En \u00abPol\u00edtica\u00bb","block_context":{"text":"Pol\u00edtica","link":"https:\/\/www.24baires.com\/?cat=51"},"img":{"alt_text":"","src":"","width":0,"height":0},"classes":[]},{"id":113344,"url":"https:\/\/www.24baires.com\/?p=113344","url_meta":{"origin":9018,"position":5},"title":"Kicillof asume el mando de la provincia de Buenos Aires con la presencia de Alberto y Cristina","author":"GB","date":"11\/12\/2019","format":false,"excerpt":"El Gobernador bonaerense jurar\u00e1 frente a la Asamblea Legislativa, con la presencia de Alberto Fern\u00e1ndez y Cristina Kirchner. Al gobernador electo de la provincia de Buenos Aires, Axel Kicillof, le espera este mi\u00e9rcoles una jornada bastante intensa: tiene jura, toma de posesi\u00f3n y seguimiento de la primera sesi\u00f3n extraordinaria, donde\u2026","rel":"","context":"En \u00abProvincia\u00bb","block_context":{"text":"Provincia","link":"https:\/\/www.24baires.com\/?cat=40"},"img":{"alt_text":"","src":"https:\/\/i0.wp.com\/www.24baires.com\/wp-content\/uploads\/2019\/11\/kicillof.jpg?resize=350%2C200","width":350,"height":200,"srcset":"https:\/\/i0.wp.com\/www.24baires.com\/wp-content\/uploads\/2019\/11\/kicillof.jpg?resize=350%2C200 1x, https:\/\/i0.wp.com\/www.24baires.com\/wp-content\/uploads\/2019\/11\/kicillof.jpg?resize=525%2C300 1.5x"},"classes":[]}],"jetpack_sharing_enabled":true,"jetpack_likes_enabled":true,"_links":{"self":[{"href":"https:\/\/www.24baires.com\/index.php?rest_route=\/wp\/v2\/posts\/9018","targetHints":{"allow":["GET"]}}],"collection":[{"href":"https:\/\/www.24baires.com\/index.php?rest_route=\/wp\/v2\/posts"}],"about":[{"href":"https:\/\/www.24baires.com\/index.php?rest_route=\/wp\/v2\/types\/post"}],"author":[{"embeddable":true,"href":"https:\/\/www.24baires.com\/index.php?rest_route=\/wp\/v2\/users\/11"}],"replies":[{"embeddable":true,"href":"https:\/\/www.24baires.com\/index.php?rest_route=%2Fwp%2Fv2%2Fcomments&post=9018"}],"version-history":[{"count":3,"href":"https:\/\/www.24baires.com\/index.php?rest_route=\/wp\/v2\/posts\/9018\/revisions"}],"predecessor-version":[{"id":9098,"href":"https:\/\/www.24baires.com\/index.php?rest_route=\/wp\/v2\/posts\/9018\/revisions\/9098"}],"wp:attachment":[{"href":"https:\/\/www.24baires.com\/index.php?rest_route=%2Fwp%2Fv2%2Fmedia&parent=9018"}],"wp:term":[{"taxonomy":"category","embeddable":true,"href":"https:\/\/www.24baires.com\/index.php?rest_route=%2Fwp%2Fv2%2Fcategories&post=9018"},{"taxonomy":"post_tag","embeddable":true,"href":"https:\/\/www.24baires.com\/index.php?rest_route=%2Fwp%2Fv2%2Ftags&post=9018"}],"curies":[{"name":"wp","href":"https:\/\/api.w.org\/{rel}","templated":true}]}}