{"id":9013,"date":"2012-12-13T09:30:37","date_gmt":"2012-12-13T12:30:37","guid":{"rendered":"http:\/\/www.24baires.com\/?p=9013"},"modified":"2012-12-13T20:01:28","modified_gmt":"2012-12-13T23:01:28","slug":"que-hacer-el-fin-de-semana-en-la-provincia","status":"publish","type":"post","link":"https:\/\/www.24baires.com\/?p=9013","title":{"rendered":"\u00bfQu\u00e9 hacer el fin de semana en la Provincia?"},"content":{"rendered":"<p><img data-recalc-dims=\"1\" loading=\"lazy\" decoding=\"async\" class=\"aligncenter size-full wp-image-9014\" title=\"finde turismo\" src=\"https:\/\/i0.wp.com\/www.24baires.com\/wp-content\/uploads\/2012\/12\/finde-turismo.png?resize=560%2C305\" alt=\"\" width=\"560\" height=\"305\" srcset=\"https:\/\/i0.wp.com\/www.24baires.com\/wp-content\/uploads\/2012\/12\/finde-turismo.png?w=560&amp;ssl=1 560w, https:\/\/i0.wp.com\/www.24baires.com\/wp-content\/uploads\/2012\/12\/finde-turismo.png?resize=300%2C163&amp;ssl=1 300w\" sizes=\"auto, (max-width: 560px) 100vw, 560px\" \/><\/p>\n<p>Fiestas tradicionales, eventos deportivos y shows musicales abiertos a todo p\u00fablico son algunas de las propuestas que se destacan para este fin de semana en las distintas localidades bonaerenses, desde la Matanza a Sierra de la Ventana.\u00a0<!--more--><\/p>\n<p><strong>*M\u00fasica<\/strong><br \/>\nDistintos g\u00e9neros y estilos musicales se ofrecen este fin de semana para los bonaerenses o visitantes de la regi\u00f3n.<\/p>\n<p>Para aquellos amantes de las artes cl\u00e1sicas o deseosos de acercarse a esta propuesta, la Municipalidad de La Matanza organiza para este viernes 14 la 5\u00b0 Edici\u00f3n Concierto a Cielo Abierto. En esta oportunidad, se presentar\u00e1 el espect\u00e1culo Carmina Burana, que es una cantata esc\u00e9nica del siglo XX. Adem\u00e1s, estar\u00e1n el Coro Nacional de J\u00f3venes, el Coro Polif\u00f3nico Nacional y la Orquesta Sinf\u00f3nica Nacional. Con acceso libre y gratuito.<\/p>\n<p>Luj\u00e1n se viste de tango es otro de los espect\u00e1culos con bailarines y cantantes que se realiza este viernes 14.<\/p>\n<p>Y para los m\u00e1s j\u00f3venes, contin\u00faa el \u201cBerazategui Rock Festival 2012\u201d en el Centro de Actividades \u201cRoberto de Vicenzo\u201d (calle 18 y 148) con entrada gratuita. Juglares, Sponsors, La Canosa, Venus India, La Franela, Falo King, Daniela Herrero y Airbag, ser\u00e1n algunos de los artistas que actuar\u00e1n en el escenario berazateguense.<\/p>\n<p><strong>*Actividad f\u00edsica y aire libre<\/strong><\/p>\n<p>Aprovechando los paisajes de las distintas regiones de la provincia, durante todo el a\u00f1o se organizan una serie de eventos deportivos de gran calidad que adem\u00e1s re\u00fanen un clima familiar que disfruta de los espect\u00e1culos.<\/p>\n<p>Para este domingo 16, se prev\u00e9 la realizaci\u00f3n en Saldungaray, partido de Tornquist, de la gran carrera \u201cMil Huellas\u201d a los pies de las Sierras de la Ventana. Con un recorrido m\u00e1ximo de 24 Kil\u00f3metros y m\u00ednimo de 8 Kil\u00f3metros, podr\u00e1n participar personas de hasta 14 a\u00f1os.<\/p>\n<p>Para los gustosos de mayores aventuras, el domingo 16 de diciembre, a partir de las 17 se disputar\u00e1 una carrera de 6 kil\u00f3metros recorriendo las costas de Lober\u00eda, en la localidad de Arenas Verdes.<\/p>\n<p>En el denominado \u201cDesaf\u00edo de las Dunas\u201d, podr\u00e1n participar categor\u00edas de 20 a\u00f1os en adelante y se entregar\u00e1n trofeos a los primeros puestos y medallas a todo aquel que complete el recorrido.<\/p>\n<p>Finalmente, la municipalidad de San Cayetano propone una actividad recreativa, que integra el turismo y la actividad f\u00edsica. Se trata de la 11\u00b0 edici\u00f3n de la Caravana de Cicloturismo al Balneario de la ciudad. Finalizada la recorrida, se inaugurar\u00e1 la Temporada 2012\/13 del Balneario local.<\/p>\n<p><strong>*Fiestas tradicionales<\/strong><\/p>\n<p>Los festivales contin\u00faan uniendo a los habitantes de las distintas regiones, permiti\u00e9ndoles a los bonaerenses mostrar sus costumbres, colecciones y recordar sus ra\u00edces.<\/p>\n<p>Este fin de semana, los marplatenses son anfitriones de la 41\u00ba Fiesta Nacional del Mar, un cl\u00e1sico la costa atl\u00e1ntica. Se llevar\u00e1 a cabo el domingo 16 de diciembre, con la elecci\u00f3n de la Reina Nacional del Mar, espect\u00e1culos art\u00edsticos con figuras nacionales e internacionales y Show de fuegos artificiales.<\/p>\n<p>Tambi\u00e9n se concretar\u00e1 la Fiesta Nacional del Sol y la Familia, un tradicional festival de San Bernardo que ya lleva 28 a\u00f1os de existencia.<\/p>\n<p>Para celebrarlo, del jueves 13 al domingo 16, habr\u00e1 desfile de instituciones, ceremonia de Bendici\u00f3n de las aguas, festival art\u00edstico con figuras de primer nivel, marat\u00f3n familiar de 3 km y coronaci\u00f3n de la XVIII Reina Nacional del Sol y la Familia.<\/p>\n<p>Y, para los amantes de la cultura folcl\u00f3rica se celabrar\u00e1 adem\u00e1s la 31\u00b0 edici\u00f3n de la Fiesta Nacional de las pe\u00f1as y los fortinese en la ciudad de Las Flores.<\/p>\n<p>All\u00ed, se podr\u00e1 disfrutar de destrezas criollas, espect\u00e1culo folkl\u00f3rico con participaci\u00f3n de ballet de danzas locales y zonales, almuerzo criollo y artesanos.<\/p>\n<p>&nbsp;<\/p>\n<p>&nbsp;<\/p>\n<p>&nbsp;<\/p>\n<p>&nbsp;<\/p>\n<p>&nbsp;<\/p>\n<p>&nbsp;<\/p>\n<p>&nbsp;<\/p>\n<p>&nbsp;<\/p>\n<p>&nbsp;<\/p>\n<p>&nbsp;<\/p>\n<p>&nbsp;<\/p>\n<p>&nbsp;<\/p>\n<p>&nbsp;<\/p>\n<p>&nbsp;<\/p>\n<p>&nbsp;<\/p>\n<p>&nbsp;<\/p>\n<p>&nbsp;<\/p>\n","protected":false},"excerpt":{"rendered":"<p>Fiestas tradicionales, eventos deportivos y shows musicales abiertos a todo p\u00fablico son algunas de las propuestas que se destacan para este fin de semana en las distintas localidades bonaerenses, desde la Matanza a Sierra de la Ventana.\u00a0<\/p>\n","protected":false},"author":11,"featured_media":0,"comment_status":"open","ping_status":"open","sticky":false,"template":"","format":"standard","meta":{"_jetpack_newsletter_access":"","_jetpack_dont_email_post_to_subs":false,"_jetpack_newsletter_tier_id":0,"_jetpack_memberships_contains_paywalled_content":false,"_jetpack_memberships_contains_paid_content":false,"footnotes":""},"categories":[1],"tags":[],"class_list":["post-9013","post","type-post","status-publish","format-standard","hentry","category-sociedad"],"jetpack_featured_media_url":"","jetpack_shortlink":"https:\/\/wp.me\/p2JWE0-2ln","jetpack-related-posts":[{"id":32357,"url":"https:\/\/www.24baires.com\/?p=32357","url_meta":{"origin":9013,"position":0},"title":"Inauguraron en La Matanza la muestra \u00abPrimavera de libros\u00bb","author":"AF","date":"24\/09\/2013","format":false,"excerpt":"La directora general de Cultura y Educaci\u00f3n, Nora De Luc\u00eda, junto al intendente de La Matanza, Fernando Espinoza, y el secretario de Cultura de la Naci\u00f3n, Jorge Coscia, encabezaron la inauguraci\u00f3n oficial de la sexta edici\u00f3n de la muestra \u201cPrimavera de Libros\u201d, exposici\u00f3n que fomenta la lectura y brinda material\u2026","rel":"","context":"En \u00abLocales\u00bb","block_context":{"text":"Locales","link":"https:\/\/www.24baires.com\/?cat=38"},"img":{"alt_text":"","src":"","width":0,"height":0},"classes":[]},{"id":9266,"url":"https:\/\/www.24baires.com\/?p=9266","url_meta":{"origin":9013,"position":1},"title":"M\u00e1s de 30 mil personas disfrutaron con un Concierto a Cielo Abierto en Ramos Mej\u00eda","author":"Grupo Sierra","date":"15\/12\/2012","format":false,"excerpt":"LA MATANZA - Ni la intensa llovizna impidi\u00f3 que miles de personas disfrutaran anoche en Ramos Mej\u00eda de la Orquesta Sinf\u00f3nica Nacional, el Coro Polif\u00f3nico Nacional, el Coro Nacional de J\u00f3venes y el Coro Nacional de Ni\u00f1os, en el cierre cultural del a\u00f1o en La Matanza con el concierto de\u2026","rel":"","context":"En \u00abLocales\u00bb","block_context":{"text":"Locales","link":"https:\/\/www.24baires.com\/?cat=38"},"img":{"alt_text":"Matanza Carmina103","src":"https:\/\/i0.wp.com\/www.24baires.com\/wp-content\/uploads\/2012\/12\/Matanza-Carmina103.jpg?resize=350%2C200","width":350,"height":200,"srcset":"https:\/\/i0.wp.com\/www.24baires.com\/wp-content\/uploads\/2012\/12\/Matanza-Carmina103.jpg?resize=350%2C200 1x, https:\/\/i0.wp.com\/www.24baires.com\/wp-content\/uploads\/2012\/12\/Matanza-Carmina103.jpg?resize=525%2C300 1.5x"},"classes":[]},{"id":796,"url":"https:\/\/www.24baires.com\/?p=796","url_meta":{"origin":9013,"position":2},"title":"Alejandro Lerner hizo cantar a La Matanza","author":"Grupo Sierra","date":"01\/10\/2012","format":false,"excerpt":"El reconocido cantautor brind\u00f3 un recital gratuito, ante 25.000 personas, en el marco del cierre de la 5ta. Edici\u00f3n de la Feria del Libro, que \u201cmarca una revoluci\u00f3n cultural de lo que se vive en la Argentina y aqu\u00ed tambi\u00e9n en La Matanza\u201d, afirm\u00f3 Fernando Espinoza. En su primera visita\u2026","rel":"","context":"En \u00abLocales\u00bb","block_context":{"text":"Locales","link":"https:\/\/www.24baires.com\/?cat=38"},"img":{"alt_text":"","src":"https:\/\/i0.wp.com\/www.24baires.com\/wp-content\/uploads\/2012\/10\/lerner-espinoza.jpg?resize=350%2C200","width":350,"height":200,"srcset":"https:\/\/i0.wp.com\/www.24baires.com\/wp-content\/uploads\/2012\/10\/lerner-espinoza.jpg?resize=350%2C200 1x, https:\/\/i0.wp.com\/www.24baires.com\/wp-content\/uploads\/2012\/10\/lerner-espinoza.jpg?resize=525%2C300 1.5x"},"classes":[]},{"id":39704,"url":"https:\/\/www.24baires.com\/?p=39704","url_meta":{"origin":9013,"position":3},"title":"Cortaron un salame de 6 metros en la previa al Festival de la Sierra","author":"GB","date":"02\/02\/2014","format":false,"excerpt":"TANDIL-\u00a0Tandilenses y turistas pudieron disfrutar en el centro de la ciudad de la degustaci\u00f3n de un salame de 6 metros, como adelanto al 31\u00b0 Festival de la Sierra. La traicional celebraci\u00f3n se llevar\u00e1 a cabo del 4 al 9 de febrero en el Anfiteatro Municipal y en el Club Independiente.\u2026","rel":"","context":"En \u00abLocales\u00bb","block_context":{"text":"Locales","link":"https:\/\/www.24baires.com\/?cat=38"},"img":{"alt_text":"","src":"","width":0,"height":0},"classes":[]},{"id":48513,"url":"https:\/\/www.24baires.com\/?p=48513","url_meta":{"origin":9013,"position":4},"title":"Miles de personas celebraron el 91\u00b0 Aniversario de Joaqu\u00edn Gorina en La Plata","author":"Grupo Sierra","date":"22\/06\/2014","format":false,"excerpt":"Una multitud de platenses disfrut\u00f3 durante el fin de semana de los festejos que contaron con la participaci\u00f3n musical de Los Nocheros, as\u00ed como de presentaciones de bandas locales. Adem\u00e1s el evento ofreci\u00f3 un show para chicos, el tradicional corte de la torta y una feria de productores locales. Como\u2026","rel":"","context":"En \u00abLocales\u00bb","block_context":{"text":"Locales","link":"https:\/\/www.24baires.com\/?cat=38"},"img":{"alt_text":"","src":"","width":0,"height":0},"classes":[]},{"id":36925,"url":"https:\/\/www.24baires.com\/?p=36925","url_meta":{"origin":9013,"position":5},"title":"Multitudinario concierto a cielo abierto en La Matanza","author":"Grupo Sierra","date":"16\/12\/2013","format":false,"excerpt":"Por sexto a\u00f1o consecutivo, Ramos Mej\u00eda se convirti\u00f3 en el mejor de los teatros, donde m\u00e1s de 25 mil personas disfrutaron del espect\u00e1culo m\u00e1s esperado del a\u00f1o brindado por la Orquesta Sinf\u00f3nica Nacional, el Coro Polif\u00f3nico Nacional y los solistas Vera Cirkovic y Dar\u00edo Volont\u00e9 bajo la direcci\u00f3n del prestigioso\u2026","rel":"","context":"En \u00abLocales\u00bb","block_context":{"text":"Locales","link":"https:\/\/www.24baires.com\/?cat=38"},"img":{"alt_text":"","src":"","width":0,"height":0},"classes":[]}],"jetpack_sharing_enabled":true,"jetpack_likes_enabled":true,"_links":{"self":[{"href":"https:\/\/www.24baires.com\/index.php?rest_route=\/wp\/v2\/posts\/9013","targetHints":{"allow":["GET"]}}],"collection":[{"href":"https:\/\/www.24baires.com\/index.php?rest_route=\/wp\/v2\/posts"}],"about":[{"href":"https:\/\/www.24baires.com\/index.php?rest_route=\/wp\/v2\/types\/post"}],"author":[{"embeddable":true,"href":"https:\/\/www.24baires.com\/index.php?rest_route=\/wp\/v2\/users\/11"}],"replies":[{"embeddable":true,"href":"https:\/\/www.24baires.com\/index.php?rest_route=%2Fwp%2Fv2%2Fcomments&post=9013"}],"version-history":[{"count":3,"href":"https:\/\/www.24baires.com\/index.php?rest_route=\/wp\/v2\/posts\/9013\/revisions"}],"predecessor-version":[{"id":9017,"href":"https:\/\/www.24baires.com\/index.php?rest_route=\/wp\/v2\/posts\/9013\/revisions\/9017"}],"wp:attachment":[{"href":"https:\/\/www.24baires.com\/index.php?rest_route=%2Fwp%2Fv2%2Fmedia&parent=9013"}],"wp:term":[{"taxonomy":"category","embeddable":true,"href":"https:\/\/www.24baires.com\/index.php?rest_route=%2Fwp%2Fv2%2Fcategories&post=9013"},{"taxonomy":"post_tag","embeddable":true,"href":"https:\/\/www.24baires.com\/index.php?rest_route=%2Fwp%2Fv2%2Ftags&post=9013"}],"curies":[{"name":"wp","href":"https:\/\/api.w.org\/{rel}","templated":true}]}}