{"id":9010,"date":"2012-12-13T09:17:28","date_gmt":"2012-12-13T12:17:28","guid":{"rendered":"http:\/\/www.24baires.com\/?p=9010"},"modified":"2012-12-13T21:19:07","modified_gmt":"2012-12-14T00:19:07","slug":"sin-maldita-justicia-tampoco-hay-malditos-proxenetas","status":"publish","type":"post","link":"https:\/\/www.24baires.com\/?p=9010","title":{"rendered":"\u201cSin maldita justicia tampoco hay malditos proxenetas\u201d"},"content":{"rendered":"<p>Rosa Schonfeld de Bru, madre de Miguel, v\u00edctima de torturas y desaparici\u00f3n por parte de efectivos de la comisar\u00eda Novena de La Plata en 1993, habl\u00f3 sobre las numerosas movilizaciones a lo largo de todo el pa\u00eds por el fallo que tuvo como consecuencia la absoluci\u00f3n de los 13 imputados en el caso Marita Ver\u00f3n.<!--more--><\/p>\n<p>\u201cSin maldita justicia tampoco hay malditos proxenetas\u201d, se\u00f1al\u00f3 Bru, quien se mostr\u00f3 conforme con la convocatoria de la gente, y expres\u00f3 que \u201cnunca imaginamos que iba a pasar todo esto, la indignaci\u00f3n de quienes se hicieron presentes en la marcha, conmueve\u201d.<\/p>\n<p>\u201cOjala convoquemos de esta manera siempre, en familia, como corresponde. Hab\u00eda muchos matrimonios, con nenes chiquitos. Esto hace bien al coraz\u00f3n\u201d, agreg\u00f3.<\/p>\n<p>Por otro lado, habl\u00f3 de la madre de Marita Ver\u00f3n, Susana Trimarco, al se\u00f1alar que \u201cme encanta como con todas las agallas les dice a los jueces que son unos hijos de su madre, y quienes son los que secuestran a estas pibas y luego desaparecen\u201d.<\/p>\n<p>&nbsp;<\/p>\n<p>&nbsp;<\/p>\n<p>&nbsp;<\/p>\n<p>&nbsp;<\/p>\n<p>&nbsp;<\/p>\n<p>&nbsp;<\/p>\n<p>&nbsp;<\/p>\n","protected":false},"excerpt":{"rendered":"<p>Rosa Schonfeld de Bru, madre de Miguel, v\u00edctima de torturas y desaparici\u00f3n por parte de efectivos de la comisar\u00eda Novena de La Plata en 1993, habl\u00f3 sobre las numerosas movilizaciones a lo largo de todo el pa\u00eds por el fallo que tuvo como consecuencia la absoluci\u00f3n de los 13 imputados en el caso Marita Ver\u00f3n.<\/p>\n","protected":false},"author":11,"featured_media":0,"comment_status":"open","ping_status":"open","sticky":false,"template":"","format":"standard","meta":{"_jetpack_newsletter_access":"","_jetpack_dont_email_post_to_subs":false,"_jetpack_newsletter_tier_id":0,"_jetpack_memberships_contains_paywalled_content":false,"_jetpack_memberships_contains_paid_content":false,"footnotes":""},"categories":[1],"tags":[],"class_list":["post-9010","post","type-post","status-publish","format-standard","hentry","category-sociedad"],"jetpack_featured_media_url":"","jetpack_shortlink":"https:\/\/wp.me\/p2JWE0-2lk","jetpack-related-posts":[{"id":30593,"url":"https:\/\/www.24baires.com\/?p=30593","url_meta":{"origin":9010,"position":0},"title":"Rosa Bru: \u201cDuhalde avalaba a la polic\u00eda asesina que mat\u00f3 a Miguel y a muchos otros pibes\u201d","author":"AF","date":"22\/08\/2013","format":false,"excerpt":"La madre del estudiante desaparecido en 1993 habl\u00f3 antes de encabezar una jornada en la Facultad de Periodismo de la UNLP junto a la decana Florencia Saintout, el juez espa\u00f1ol Baltasar Garz\u00f3n y otros destacados defensores de los derechos humanos. Con dos d\u00e9cadas de lucha sobre los hombros, Rosa Schonfeld\u2026","rel":"","context":"En \u00abMemoria\u00bb","block_context":{"text":"Memoria","link":"https:\/\/www.24baires.com\/?cat=50"},"img":{"alt_text":"rosa miguel bru","src":"https:\/\/i0.wp.com\/www.24baires.com\/wp-content\/uploads\/2013\/08\/rosa-miguel-bru.jpg?resize=350%2C200","width":350,"height":200,"srcset":"https:\/\/i0.wp.com\/www.24baires.com\/wp-content\/uploads\/2013\/08\/rosa-miguel-bru.jpg?resize=350%2C200 1x, https:\/\/i0.wp.com\/www.24baires.com\/wp-content\/uploads\/2013\/08\/rosa-miguel-bru.jpg?resize=525%2C300 1.5x"},"classes":[]},{"id":43250,"url":"https:\/\/www.24baires.com\/?p=43250","url_meta":{"origin":9010,"position":1},"title":"A 12 a\u00f1os de la desaparici\u00f3n de su hija, Trimarco celebr\u00f3 el rescate de 6.400 v\u00edctimas de trata","author":"GB","date":"03\/04\/2014","format":false,"excerpt":"La presidenta de la \"Fundaci\u00f3n Mar\u00eda de los Angeles\", Susana Trimarco, dijo hoy que siente \"vac\u00edo y tristeza\" por la ausencia de su hija, Marita Ver\u00f3n, quien fue secuestrada hace 12 a\u00f1os por una red de trata de personas, aunque esa angustia se conmpensa \"con los resultados obtenidos\" con su\u2026","rel":"","context":"En \u00abSociedad\u00bb","block_context":{"text":"Sociedad","link":"https:\/\/www.24baires.com\/?cat=1"},"img":{"alt_text":"susana trimarco","src":"https:\/\/i0.wp.com\/www.24baires.com\/wp-content\/uploads\/2013\/01\/susana-trimarco.jpg?resize=350%2C200","width":350,"height":200,"srcset":"https:\/\/i0.wp.com\/www.24baires.com\/wp-content\/uploads\/2013\/01\/susana-trimarco.jpg?resize=350%2C200 1x, https:\/\/i0.wp.com\/www.24baires.com\/wp-content\/uploads\/2013\/01\/susana-trimarco.jpg?resize=525%2C300 1.5x"},"classes":[]},{"id":32378,"url":"https:\/\/www.24baires.com\/?p=32378","url_meta":{"origin":9010,"position":2},"title":"Juez que encubri\u00f3 a los asesinos de Bru es investigado por proteger a otros asesinos","author":"AF","date":"24\/09\/2013","format":false,"excerpt":"Fue el juez acusado de encubrir a los asesinos de Miguel Bru. Un jury de enjuiciamiento lo destituy\u00f3 y lo consider\u00f3 culpable de encubrimiento y abuso de autoridad en 27 causas judiciales. Ahora lo investigan por proteger a los polic\u00edas condenados por asesinar a un alba\u00f1il. Am\u00edlcar Vara ten\u00eda un\u2026","rel":"","context":"En \u00abSociedad\u00bb","block_context":{"text":"Sociedad","link":"https:\/\/www.24baires.com\/?cat=1"},"img":{"alt_text":"","src":"","width":0,"height":0},"classes":[]},{"id":43415,"url":"https:\/\/www.24baires.com\/?p=43415","url_meta":{"origin":9010,"position":3},"title":"Pedir\u00e1n 25 a\u00f1os de c\u00e1rcel para los acusados por el secuestro de Marita Ver\u00f3n","author":"Grupo Sierra","date":"06\/04\/2014","format":false,"excerpt":"Carlos Garmendia, abogado de Susana Trimarco, anunci\u00f3 que solicitar\u00e1 \"el m\u00e1ximo de la pena, que es de 25 a\u00f1os\", para los diez acusados de haber secuestrado a Marita Ver\u00f3n hace 12 a\u00f1os. \"Esperamos que la fiscal\u00eda pida lo mismo y que por fin se haga justicia\", dijo. \"Esperamos que la\u2026","rel":"","context":"En \u00abJUDICIALES\u00bb","block_context":{"text":"JUDICIALES","link":"https:\/\/www.24baires.com\/?cat=68"},"img":{"alt_text":"marita ver\u00f3n2","src":"https:\/\/i0.wp.com\/www.24baires.com\/wp-content\/uploads\/2013\/04\/marita-ver%C3%B3n2.jpg?resize=350%2C200","width":350,"height":200,"srcset":"https:\/\/i0.wp.com\/www.24baires.com\/wp-content\/uploads\/2013\/04\/marita-ver%C3%B3n2.jpg?resize=350%2C200 1x, https:\/\/i0.wp.com\/www.24baires.com\/wp-content\/uploads\/2013\/04\/marita-ver%C3%B3n2.jpg?resize=525%2C300 1.5x"},"classes":[]},{"id":112783,"url":"https:\/\/www.24baires.com\/?p=112783","url_meta":{"origin":9010,"position":4},"title":"Alberto Fern\u00e1ndez se reunir\u00e1 con Susana Trimarco para impulsar la lucha contra la trata","author":"AF","date":"30\/10\/2019","format":false,"excerpt":"La madre de Marita Ver\u00f3n se reuni\u00f3 con el miembro del equipo de transici\u00f3n Santiago Cafiero y revel\u00f3 que la semana que viene se ver\u00e1 con el presidente electo. El presidente electo, Alberto Fern\u00e1ndez, recibir\u00e1 la semana que viene a Susana Trimarco, madre de Marita Ver\u00f3n, secuestrada en abril de\u2026","rel":"","context":"En \u00abSociedad\u00bb","block_context":{"text":"Sociedad","link":"https:\/\/www.24baires.com\/?cat=1"},"img":{"alt_text":"","src":"https:\/\/i0.wp.com\/www.24baires.com\/wp-content\/uploads\/2015\/07\/trimarco3.jpg?resize=350%2C200","width":350,"height":200,"srcset":"https:\/\/i0.wp.com\/www.24baires.com\/wp-content\/uploads\/2015\/07\/trimarco3.jpg?resize=350%2C200 1x, https:\/\/i0.wp.com\/www.24baires.com\/wp-content\/uploads\/2015\/07\/trimarco3.jpg?resize=525%2C300 1.5x"},"classes":[]},{"id":51645,"url":"https:\/\/www.24baires.com\/?p=51645","url_meta":{"origin":9010,"position":5},"title":"Finalmente, no se realizar\u00e1 el ADN al presunto hijo de Marita Ver\u00f3n","author":"AF","date":"12\/08\/2014","format":false,"excerpt":"La titular de la Defensor\u00eda Oficial de la Justicia Federal cordobesa, Mercedes Crespi, apel\u00f3 la decisi\u00f3n del juez federal Alejandro S\u00e1nchez Freytes de autorizar la realizaci\u00f3n de una una prueba de ADN al menor se\u00f1alado como posible hijo de Marita Ver\u00f3n, la joven desaparecida y secuestrada por una red de\u2026","rel":"","context":"En \u00abSociedad\u00bb","block_context":{"text":"Sociedad","link":"https:\/\/www.24baires.com\/?cat=1"},"img":{"alt_text":"marita ver\u00f3n2","src":"https:\/\/i0.wp.com\/www.24baires.com\/wp-content\/uploads\/2013\/04\/marita-ver%C3%B3n2.jpg?resize=350%2C200","width":350,"height":200,"srcset":"https:\/\/i0.wp.com\/www.24baires.com\/wp-content\/uploads\/2013\/04\/marita-ver%C3%B3n2.jpg?resize=350%2C200 1x, https:\/\/i0.wp.com\/www.24baires.com\/wp-content\/uploads\/2013\/04\/marita-ver%C3%B3n2.jpg?resize=525%2C300 1.5x"},"classes":[]}],"jetpack_sharing_enabled":true,"jetpack_likes_enabled":true,"_links":{"self":[{"href":"https:\/\/www.24baires.com\/index.php?rest_route=\/wp\/v2\/posts\/9010","targetHints":{"allow":["GET"]}}],"collection":[{"href":"https:\/\/www.24baires.com\/index.php?rest_route=\/wp\/v2\/posts"}],"about":[{"href":"https:\/\/www.24baires.com\/index.php?rest_route=\/wp\/v2\/types\/post"}],"author":[{"embeddable":true,"href":"https:\/\/www.24baires.com\/index.php?rest_route=\/wp\/v2\/users\/11"}],"replies":[{"embeddable":true,"href":"https:\/\/www.24baires.com\/index.php?rest_route=%2Fwp%2Fv2%2Fcomments&post=9010"}],"version-history":[{"count":3,"href":"https:\/\/www.24baires.com\/index.php?rest_route=\/wp\/v2\/posts\/9010\/revisions"}],"predecessor-version":[{"id":9012,"href":"https:\/\/www.24baires.com\/index.php?rest_route=\/wp\/v2\/posts\/9010\/revisions\/9012"}],"wp:attachment":[{"href":"https:\/\/www.24baires.com\/index.php?rest_route=%2Fwp%2Fv2%2Fmedia&parent=9010"}],"wp:term":[{"taxonomy":"category","embeddable":true,"href":"https:\/\/www.24baires.com\/index.php?rest_route=%2Fwp%2Fv2%2Fcategories&post=9010"},{"taxonomy":"post_tag","embeddable":true,"href":"https:\/\/www.24baires.com\/index.php?rest_route=%2Fwp%2Fv2%2Ftags&post=9010"}],"curies":[{"name":"wp","href":"https:\/\/api.w.org\/{rel}","templated":true}]}}