{"id":90064,"date":"2016-11-21T17:30:07","date_gmt":"2016-11-21T20:30:07","guid":{"rendered":"http:\/\/www.24baires.com\/?p=90064"},"modified":"2017-01-05T21:35:04","modified_gmt":"2017-01-06T00:35:04","slug":"el-indio-solari-se-presentara-en-mazo-en-olavarria","status":"publish","type":"post","link":"https:\/\/www.24baires.com\/?p=90064","title":{"rendered":"El \u00abIndio\u00bb Solari se presentar\u00e1 en marzo en Olavarr\u00eda"},"content":{"rendered":"<p><img data-recalc-dims=\"1\" loading=\"lazy\" decoding=\"async\" class=\"aligncenter size-full wp-image-80084\" src=\"https:\/\/i0.wp.com\/www.24baires.com\/wp-content\/uploads\/2016\/03\/indio.jpg?resize=560%2C370\" alt=\"indio\" width=\"560\" height=\"370\" srcset=\"https:\/\/i0.wp.com\/www.24baires.com\/wp-content\/uploads\/2016\/03\/indio.jpg?w=560&amp;ssl=1 560w, https:\/\/i0.wp.com\/www.24baires.com\/wp-content\/uploads\/2016\/03\/indio.jpg?resize=300%2C198&amp;ssl=1 300w\" sizes=\"auto, (max-width: 560px) 100vw, 560px\" \/>El ex l\u00edder de los Redonditos de Ricota brindar\u00e1 un recital en el municipio gobernado por Ezequiel Galli. Pehuaj\u00f3, Azul y Moreno se hab\u00edan postulado para recibirlo.<!--more--><\/p>\n<p>Luego de que varios municipios se postularan para recibir sus shows, desde la producci\u00f3n del \u00abIndio\u00bb Solari confirmaron que el ex l\u00edder de los Redonditos de Ricota se presentar\u00e1 el 11de marzo en Olavarr\u00eda.<\/p>\n<p>La noticia fue confirmada por el intendente Ezequiel Galli en su Twitter. El \u00abIndio\u00bb se presentar\u00e1 con su banda \u00abLos fundamentalistas del aire acondicionado\u00bb el s\u00e1bado 11 de marzo de 2017 en el predio rural La Colmena, seg\u00fan indica el afiche de difusi\u00f3n publicado por el jefe comunal.<\/p>\n<p>La confirmaci\u00f3n llega despu\u00e9s de que varios municipios se disputaran la \u00abmisa ricotera\u00bb. Luego de que el Hip\u00f3dromo de Tandil comunicara que ya no permitir\u00eda m\u00e1s shows de Solari, desde Pehuaj\u00f3, Azul y Moreno salieron a postularse para ser anfitriones del recital del ex l\u00edder de los Redondos.<\/p>\n<p>Precisamente esa banda estuvo a punto de tocar en Olavarr\u00eda en 1997, pero la gesti\u00f3n del entonces intendente, Helios Eseverri, prohibi\u00f3 el show por decreto al tomar como referencia un informe de inteligencia elaborado por la Polic\u00eda de la Provincia.<\/p>\n","protected":false},"excerpt":{"rendered":"<p>El ex l\u00edder de los Redonditos de Ricota brindar\u00e1 un recital en el municipio gobernado por Ezequiel Galli. Pehuaj\u00f3, Azul y Moreno se hab\u00edan postulado para recibirlo.<\/p>\n","protected":false},"author":8,"featured_media":0,"comment_status":"open","ping_status":"open","sticky":false,"template":"","format":"standard","meta":{"_jetpack_newsletter_access":"","_jetpack_dont_email_post_to_subs":true,"_jetpack_newsletter_tier_id":0,"_jetpack_memberships_contains_paywalled_content":false,"_jetpack_memberships_contains_paid_content":false,"footnotes":""},"categories":[41],"tags":[],"class_list":["post-90064","post","type-post","status-publish","format-standard","hentry","category-espectaculos"],"jetpack_featured_media_url":"","jetpack_shortlink":"https:\/\/wp.me\/p2JWE0-nqE","jetpack-related-posts":[{"id":93020,"url":"https:\/\/www.24baires.com\/?p=93020","url_meta":{"origin":90064,"position":0},"title":"Senador del PJ le apunt\u00f3 a la Provincia y al municipio por la tragedia","author":"GB","date":"13\/03\/2017","format":false,"excerpt":"H\u00e9ctor Vitale, que form\u00f3 parte del gobierno municipal que prohibi\u00f3 un recital de Los Redondos en 1997, sostuvo que \"el Estado estuvo ausente en todo nivel\". Dijo que el show \"le hizo da\u00f1o a la ciudad\" porque \"no estaba preparada para tanta gente\". El senador bonaerense y ex secretario de\u2026","rel":"","context":"En \u00abPol\u00edtica\u00bb","block_context":{"text":"Pol\u00edtica","link":"https:\/\/www.24baires.com\/?cat=51"},"img":{"alt_text":"","src":"https:\/\/i0.wp.com\/www.24baires.com\/wp-content\/uploads\/2017\/03\/recital-indio2.jpg?resize=350%2C200","width":350,"height":200,"srcset":"https:\/\/i0.wp.com\/www.24baires.com\/wp-content\/uploads\/2017\/03\/recital-indio2.jpg?resize=350%2C200 1x, https:\/\/i0.wp.com\/www.24baires.com\/wp-content\/uploads\/2017\/03\/recital-indio2.jpg?resize=525%2C300 1.5x"},"classes":[]},{"id":92999,"url":"https:\/\/www.24baires.com\/?p=92999","url_meta":{"origin":90064,"position":1},"title":"\u00abVino el doble de gente que estaba prevista, se nos fue de las manos\u00bb, asegur\u00f3 Galli","author":"GB","date":"12\/03\/2017","format":false,"excerpt":"Adem\u00e1s, aclar\u00f3 que \"el sistema de salud no colaps\u00f3 en ning\u00fan momento\". El intendente de Olavarr\u00eda, Ezequiel Galli, asegur\u00f3 hoy que a la ciudad lleg\u00f3 \"el doble de la gente que estaba prevista\" para el recital de Carlos \"El Indio\" Solari, por lo que la situaci\u00f3n se les \"fue de\u2026","rel":"","context":"En \u00abSociedad\u00bb","block_context":{"text":"Sociedad","link":"https:\/\/www.24baires.com\/?cat=1"},"img":{"alt_text":"","src":"https:\/\/i0.wp.com\/www.24baires.com\/wp-content\/uploads\/2016\/08\/galli-y-macri.jpg?resize=350%2C200","width":350,"height":200,"srcset":"https:\/\/i0.wp.com\/www.24baires.com\/wp-content\/uploads\/2016\/08\/galli-y-macri.jpg?resize=350%2C200 1x, https:\/\/i0.wp.com\/www.24baires.com\/wp-content\/uploads\/2016\/08\/galli-y-macri.jpg?resize=525%2C300 1.5x"},"classes":[]},{"id":50049,"url":"https:\/\/www.24baires.com\/?p=50049","url_meta":{"origin":90064,"position":2},"title":"El Indio Solari confirm\u00f3 su show en Mendoza para el 13 de diciembre pr\u00f3ximo","author":"AF","date":"17\/07\/2014","format":false,"excerpt":"El ex l\u00edder de Patricio Rey y sus Redonditos de Ricota anunci\u00f3 que volver\u00e1 a presentarse en esa provincia y esperan \"el show m\u00e1s grande de la historia\". La producci\u00f3n del equipo de trabajo del Indio Solari estuvo en Mendoza esta semana para reunirse con autoridades de San Mart\u00edn y\u2026","rel":"","context":"En \u00abEspectaculos\u00bb","block_context":{"text":"Espectaculos","link":"https:\/\/www.24baires.com\/?cat=41"},"img":{"alt_text":"INDIO SOLARI","src":"https:\/\/i0.wp.com\/www.24baires.com\/wp-content\/uploads\/2013\/09\/INDIO-SOLARI.jpg?resize=350%2C200","width":350,"height":200,"srcset":"https:\/\/i0.wp.com\/www.24baires.com\/wp-content\/uploads\/2013\/09\/INDIO-SOLARI.jpg?resize=350%2C200 1x, https:\/\/i0.wp.com\/www.24baires.com\/wp-content\/uploads\/2013\/09\/INDIO-SOLARI.jpg?resize=525%2C300 1.5x"},"classes":[]},{"id":93004,"url":"https:\/\/www.24baires.com\/?p=93004","url_meta":{"origin":90064,"position":3},"title":"Identificaron al segundo muerto en el recital del Indio Solari en Olavarr\u00eda","author":"AF","date":"13\/03\/2017","format":false,"excerpt":"Se llamaba Juan Francisco Bulacio, tenia 36 a\u00f1os y era de Gar\u00edn. Por las dos muertes el m\u00fasico declar\u00f3 ayer y hoy declara el intendente de Olavarr\u00eda. Tras varias horas de investigaci\u00f3n, se confirm\u00f3 la identidad de la segunda v\u00edctima del recital del Indio Solari. Se trata de Juan Francisco\u2026","rel":"","context":"En \u00abSociedad\u00bb","block_context":{"text":"Sociedad","link":"https:\/\/www.24baires.com\/?cat=1"},"img":{"alt_text":"","src":"https:\/\/i0.wp.com\/www.24baires.com\/wp-content\/uploads\/2017\/03\/recital-indio-1.jpg?resize=350%2C200","width":350,"height":200,"srcset":"https:\/\/i0.wp.com\/www.24baires.com\/wp-content\/uploads\/2017\/03\/recital-indio-1.jpg?resize=350%2C200 1x, https:\/\/i0.wp.com\/www.24baires.com\/wp-content\/uploads\/2017\/03\/recital-indio-1.jpg?resize=525%2C300 1.5x"},"classes":[]},{"id":10954,"url":"https:\/\/www.24baires.com\/?p=10954","url_meta":{"origin":90064,"position":4},"title":"El Indio Solari salud\u00f3 a la Presidenta por a\u00f1o nuevo a trav\u00e9s de An\u00edbal Fern\u00e1ndez","author":"AF","date":"02\/01\/2013","format":false,"excerpt":"El Indio Solari, ex l\u00edder de Los Redonditos de Ricota, le hizo llegar sus saludos a la Presidenta Cristina Fern\u00e1ndez de Kirchner mediante un mensaje de texto enviado a An\u00edbal Fern\u00e1ndez. El Indio Solari es un hombre de pocas palabras. Fiel a su estilo, el cantante hace pocas apariciones p\u00fablicas\u2026","rel":"","context":"En \u00abSociedad\u00bb","block_context":{"text":"Sociedad","link":"https:\/\/www.24baires.com\/?cat=1"},"img":{"alt_text":"saludo Indio","src":"https:\/\/i0.wp.com\/www.24baires.com\/wp-content\/uploads\/2013\/01\/saludo-Indio.jpg?resize=350%2C200","width":350,"height":200,"srcset":"https:\/\/i0.wp.com\/www.24baires.com\/wp-content\/uploads\/2013\/01\/saludo-Indio.jpg?resize=350%2C200 1x, https:\/\/i0.wp.com\/www.24baires.com\/wp-content\/uploads\/2013\/01\/saludo-Indio.jpg?resize=525%2C300 1.5x"},"classes":[]},{"id":40118,"url":"https:\/\/www.24baires.com\/?p=40118","url_meta":{"origin":90064,"position":5},"title":"El pogo \u00abm\u00e1s grande del mundo\u00bb llega a Entre R\u00edos","author":"Grupo Sierra","date":"09\/02\/2014","format":false,"excerpt":"El Indio Solari, ex l\u00edder de Los Redondos, se presentar\u00e1 por primera vez en la provincia de Entre R\u00edos el pr\u00f3ximo 12 de abril cuando muestre en vivo en la ciudad de Gualeguaych\u00fa \u201cPajaritos, bravos muchachitos\u201d, su m\u00e1s reciente material discogr\u00e1fico. Si bien no hubo precisiones posteriores acerca del concierto,\u2026","rel":"","context":"En \u00abEspectaculos\u00bb","block_context":{"text":"Espectaculos","link":"https:\/\/www.24baires.com\/?cat=41"},"img":{"alt_text":"INDIO SOLARI","src":"https:\/\/i0.wp.com\/www.24baires.com\/wp-content\/uploads\/2013\/09\/INDIO-SOLARI.jpg?resize=350%2C200","width":350,"height":200,"srcset":"https:\/\/i0.wp.com\/www.24baires.com\/wp-content\/uploads\/2013\/09\/INDIO-SOLARI.jpg?resize=350%2C200 1x, https:\/\/i0.wp.com\/www.24baires.com\/wp-content\/uploads\/2013\/09\/INDIO-SOLARI.jpg?resize=525%2C300 1.5x"},"classes":[]}],"jetpack_sharing_enabled":true,"jetpack_likes_enabled":true,"_links":{"self":[{"href":"https:\/\/www.24baires.com\/index.php?rest_route=\/wp\/v2\/posts\/90064","targetHints":{"allow":["GET"]}}],"collection":[{"href":"https:\/\/www.24baires.com\/index.php?rest_route=\/wp\/v2\/posts"}],"about":[{"href":"https:\/\/www.24baires.com\/index.php?rest_route=\/wp\/v2\/types\/post"}],"author":[{"embeddable":true,"href":"https:\/\/www.24baires.com\/index.php?rest_route=\/wp\/v2\/users\/8"}],"replies":[{"embeddable":true,"href":"https:\/\/www.24baires.com\/index.php?rest_route=%2Fwp%2Fv2%2Fcomments&post=90064"}],"version-history":[{"count":2,"href":"https:\/\/www.24baires.com\/index.php?rest_route=\/wp\/v2\/posts\/90064\/revisions"}],"predecessor-version":[{"id":91393,"href":"https:\/\/www.24baires.com\/index.php?rest_route=\/wp\/v2\/posts\/90064\/revisions\/91393"}],"wp:attachment":[{"href":"https:\/\/www.24baires.com\/index.php?rest_route=%2Fwp%2Fv2%2Fmedia&parent=90064"}],"wp:term":[{"taxonomy":"category","embeddable":true,"href":"https:\/\/www.24baires.com\/index.php?rest_route=%2Fwp%2Fv2%2Fcategories&post=90064"},{"taxonomy":"post_tag","embeddable":true,"href":"https:\/\/www.24baires.com\/index.php?rest_route=%2Fwp%2Fv2%2Ftags&post=90064"}],"curies":[{"name":"wp","href":"https:\/\/api.w.org\/{rel}","templated":true}]}}