{"id":90015,"date":"2016-11-19T16:00:22","date_gmt":"2016-11-19T19:00:22","guid":{"rendered":"http:\/\/www.24baires.com\/?p=90015"},"modified":"2016-11-19T11:51:28","modified_gmt":"2016-11-19T14:51:28","slug":"mar-del-plata-disfruta-el-festival-de-cine","status":"publish","type":"post","link":"https:\/\/www.24baires.com\/?p=90015","title":{"rendered":"Mar del Plata disfruta el Festival de Cine"},"content":{"rendered":"<p><img data-recalc-dims=\"1\" loading=\"lazy\" decoding=\"async\" src=\"https:\/\/i0.wp.com\/www.24baires.com\/wp-content\/uploads\/2016\/11\/WhatsApp-Image-2016-11-18-at-21.37.45-640x360.jpeg?resize=560%2C315\" alt=\"whatsapp-image-2016-11-18-at-21-37-45-640x360\" width=\"560\" height=\"315\" class=\"aligncenter size-full wp-image-90016\" srcset=\"https:\/\/i0.wp.com\/www.24baires.com\/wp-content\/uploads\/2016\/11\/WhatsApp-Image-2016-11-18-at-21.37.45-640x360.jpeg?w=560&amp;ssl=1 560w, https:\/\/i0.wp.com\/www.24baires.com\/wp-content\/uploads\/2016\/11\/WhatsApp-Image-2016-11-18-at-21.37.45-640x360.jpeg?resize=300%2C169&amp;ssl=1 300w\" sizes=\"auto, (max-width: 560px) 100vw, 560px\" \/>La nueva muestra cinematogr\u00e1fica fue inaugurada por Jos\u00e9 Mart\u00ednez Su\u00e1rez, su presidente, que cont\u00f3 qu\u00e9 distinguir\u00e1 esta edici\u00f3n de otras.<!--more--><\/p>\n<p>El 31\u00b0 Festival de Cine de Mar del Plata ya est\u00e1 en marcha. Con una ceremonia inaugural que cont\u00f3 con la presencia de autoridades y figuras, este viernes por la noche se realiz\u00f3 la apertura oficial de la fiesta cinematogr\u00e1fica que se extender\u00e1 hasta el 27 de noviembre.<\/p>\n<p>En el acto -que cont\u00f3 con la conducci\u00f3n de Andy Kusnetzoff- el presidente de la muestra Jos\u00e9 Mart\u00ednez Su\u00e1rez cont\u00f3 cu\u00e1les ser\u00e1n los rasgos distintivos de esta edici\u00f3n del festival con las anteriores. \u201cVamos a ver un cine nuevo, cine moderno cine recuperado, abrimos las puertas a todos los g\u00e9neros\u201d, indic\u00f3 el director y guionista de cine. Adem\u00e1s, recalc\u00f3 la presencia de trabajos de pa\u00edses latinoamericanos: \u201cRecibimos al cine de pa\u00edses hermanos y les damos la bienvenida\u201d.<\/p>\n<p>Por su parte, el secretario de Cultura y Creatividad del Ministerio de Cultura Enrique Avogadro asegur\u00f3 que \u201cel Festival vive de su tradici\u00f3n pero tambi\u00e9n de su futuro\u201d. \u201cVemos Cine que no se ve comercialmente, recuperamos un lugar que le va a dar m\u00e1s musculo a nuestra cinematograf\u00eda, que son los encuentros con productores\u201d, agreg\u00f3 adem\u00e1s el funcionario.<\/p>\n<p>Al finalizar el acto, las luces se apagaron y comenz\u00f3 la proyecci\u00f3n de \u201cNeruda\u201d, del chileno Pablo Larra\u00edn, una de las 400 pel\u00edculas de todo el mundo que forman parte de esta edici\u00f3n.<\/p>\n<p>El p\u00fablico podr\u00e1 disfrutar de la programaci\u00f3n en las distintas salas de la ciudad: Paseo Aldrey Comercial y Cultural, Ambassador, Cinema, Del Paseo, Centro Provincial de las Artes, Teatro Col\u00f3n y el Museo de Arte Contempor\u00e1neo Buenos Aires.<\/p>\n<p>Esteban Lamothe, Eleonora Wexler, Candela Vetrano, Calu y Marou Rivero, Mart\u00edn Piroyansky, Esmeralda Mitre, Mart\u00edn Slipak, Flavia Palmiero y Mar\u00eda Fernanda Callej\u00f3n son algunas de las personalidades que pasaron por la alfombra roja.<\/p>\n","protected":false},"excerpt":{"rendered":"<p>La nueva muestra cinematogr\u00e1fica fue inaugurada por Jos\u00e9 Mart\u00ednez Su\u00e1rez, su presidente, que cont\u00f3 qu\u00e9 distinguir\u00e1 esta edici\u00f3n de otras.<\/p>\n","protected":false},"author":8,"featured_media":0,"comment_status":"open","ping_status":"open","sticky":false,"template":"","format":"standard","meta":{"_jetpack_newsletter_access":"","_jetpack_dont_email_post_to_subs":false,"_jetpack_newsletter_tier_id":0,"_jetpack_memberships_contains_paywalled_content":false,"_jetpack_memberships_contains_paid_content":false,"footnotes":""},"categories":[41],"tags":[],"class_list":["post-90015","post","type-post","status-publish","format-standard","hentry","category-espectaculos"],"jetpack_featured_media_url":"","jetpack_shortlink":"https:\/\/wp.me\/p2JWE0-npR","jetpack-related-posts":[{"id":57015,"url":"https:\/\/www.24baires.com\/?p=57015","url_meta":{"origin":90015,"position":0},"title":"Mar del Plata: Presentaron una nueva edici\u00f3n del Festival de Cine","author":"GB","date":"12\/11\/2014","format":false,"excerpt":"Se desarrollar\u00e1 del 22 al 30 de noviembre pr\u00f3ximos y fue presentada oficialmente por la titular del Instituto Nacional de Cine y Artes Audiovisuales (Incaa), Lucrecia Cardoso; el presidente del certamen, Jos\u00e9 Mart\u00ednez Su\u00e1rez; y el director art\u00edstico de la muestra, Fernando Spiner. Trescientas setenta y nueve pel\u00edculas de 42\u2026","rel":"","context":"En \u00abEspectaculos\u00bb","block_context":{"text":"Espectaculos","link":"https:\/\/www.24baires.com\/?cat=41"},"img":{"alt_text":"presentacion festival de cine","src":"https:\/\/i0.wp.com\/www.24baires.com\/wp-content\/uploads\/2014\/11\/presentacion-festival-de-cine.jpg?resize=350%2C200","width":350,"height":200,"srcset":"https:\/\/i0.wp.com\/www.24baires.com\/wp-content\/uploads\/2014\/11\/presentacion-festival-de-cine.jpg?resize=350%2C200 1x, https:\/\/i0.wp.com\/www.24baires.com\/wp-content\/uploads\/2014\/11\/presentacion-festival-de-cine.jpg?resize=525%2C300 1.5x"},"classes":[]},{"id":74781,"url":"https:\/\/www.24baires.com\/?p=74781","url_meta":{"origin":90015,"position":1},"title":"Festival de Cine: \u201cEl abrazo de la serpiente\u201d gan\u00f3 el Astor de oro","author":"GB","date":"08\/11\/2015","format":false,"excerpt":"El film de Ciro Guerra se qued\u00f3 con el m\u00e1ximo galard\u00f3n de la competencia. As\u00ed, concluy\u00f3 otra exitosa edici\u00f3n del evento Se entregaron los premios de la competencia del 30 Festival Internacional de Cine de Mar del Plata. Y el galard\u00f3n m\u00e1s importante, el Astor de oro, fue para la\u2026","rel":"","context":"En \u00abEspectaculos\u00bb","block_context":{"text":"Espectaculos","link":"https:\/\/www.24baires.com\/?cat=41"},"img":{"alt_text":"CTP8VLPWwAA0o7r-640x360","src":"https:\/\/i0.wp.com\/www.24baires.com\/wp-content\/uploads\/2015\/11\/CTP8VLPWwAA0o7r-640x360.jpg?resize=350%2C200","width":350,"height":200,"srcset":"https:\/\/i0.wp.com\/www.24baires.com\/wp-content\/uploads\/2015\/11\/CTP8VLPWwAA0o7r-640x360.jpg?resize=350%2C200 1x, https:\/\/i0.wp.com\/www.24baires.com\/wp-content\/uploads\/2015\/11\/CTP8VLPWwAA0o7r-640x360.jpg?resize=525%2C300 1.5x"},"classes":[]},{"id":67684,"url":"https:\/\/www.24baires.com\/?p=67684","url_meta":{"origin":90015,"position":2},"title":"Se confirm\u00f3 la fecha para el Festival de Cine de Mar del Plata","author":"GB","date":"17\/06\/2015","format":false,"excerpt":"El Festival Internacional de Cine de Mar del Plata llegar\u00e1 a su 30\u00aa edici\u00f3n en 2015. Comienza el 30 de octubre y termina el 7 de noviembre. El Festival Internacional de Cine de Mar del Plata comenzar\u00e1 el 30 de octubre y finalizar\u00e1 el 7 de noviembre. De esta manera,\u2026","rel":"","context":"En \u00abEspectaculos\u00bb","block_context":{"text":"Espectaculos","link":"https:\/\/www.24baires.com\/?cat=41"},"img":{"alt_text":"festival de cine mdp","src":"https:\/\/i0.wp.com\/www.24baires.com\/wp-content\/uploads\/2015\/06\/festival-de-cine-mdp.jpg?resize=350%2C200","width":350,"height":200,"srcset":"https:\/\/i0.wp.com\/www.24baires.com\/wp-content\/uploads\/2015\/06\/festival-de-cine-mdp.jpg?resize=350%2C200 1x, https:\/\/i0.wp.com\/www.24baires.com\/wp-content\/uploads\/2015\/06\/festival-de-cine-mdp.jpg?resize=525%2C300 1.5x"},"classes":[]},{"id":5181,"url":"https:\/\/www.24baires.com\/?p=5181","url_meta":{"origin":90015,"position":3},"title":"Presentaron en Mar del Plata el 27\u00ba Festival Internacional de Cine","author":"AF","date":"12\/11\/2012","format":false,"excerpt":"La muestra m\u00e1s importante de cine que se realiza en nuestro pa\u00eds dar\u00e1 inicio a su 27\u00aa edici\u00f3n este pr\u00f3ximo s\u00e1bado 17 y se extender\u00e1 hasta el 25 de este mes. \"Nuestro cine, con esa historia tan rica, nos dio la particularidad de ser distintos\", dijo Abal Medina durante la\u2026","rel":"","context":"En \u00abEspectaculos\u00bb","block_context":{"text":"Espectaculos","link":"https:\/\/www.24baires.com\/?cat=41"},"img":{"alt_text":"","src":"https:\/\/i0.wp.com\/www.24baires.com\/wp-content\/uploads\/2012\/11\/27-festival-de-cine.jpg?resize=350%2C200","width":350,"height":200,"srcset":"https:\/\/i0.wp.com\/www.24baires.com\/wp-content\/uploads\/2012\/11\/27-festival-de-cine.jpg?resize=350%2C200 1x, https:\/\/i0.wp.com\/www.24baires.com\/wp-content\/uploads\/2012\/11\/27-festival-de-cine.jpg?resize=525%2C300 1.5x"},"classes":[]},{"id":74285,"url":"https:\/\/www.24baires.com\/?p=74285","url_meta":{"origin":90015,"position":4},"title":"El viernes comienza la 30ma. edici\u00f3n del Festival de Cine de Mar del Plata","author":"GB","date":"28\/10\/2015","format":false,"excerpt":"El filme \"Tres recuerdos de mi juventud\", del realizador franc\u00e9s Arnaud Desplechin, ser\u00e1 el encargado de dejar inaugurada la trig\u00e9sima edici\u00f3n del festival, que desde este viernes y hasta el pr\u00f3ximo s\u00e1bado 7 de noviembre se desarrollar\u00e1 en esa ciudad balnearia. Cuatrocientas pel\u00edculas de las m\u00e1s diversas procedencias, tem\u00e1ticas y\u2026","rel":"","context":"En \u00abEspectaculos\u00bb","block_context":{"text":"Espectaculos","link":"https:\/\/www.24baires.com\/?cat=41"},"img":{"alt_text":"cino capu","src":"https:\/\/i0.wp.com\/www.24baires.com\/wp-content\/uploads\/2015\/10\/cino-capu.jpg?resize=350%2C200","width":350,"height":200,"srcset":"https:\/\/i0.wp.com\/www.24baires.com\/wp-content\/uploads\/2015\/10\/cino-capu.jpg?resize=350%2C200 1x, https:\/\/i0.wp.com\/www.24baires.com\/wp-content\/uploads\/2015\/10\/cino-capu.jpg?resize=525%2C300 1.5x"},"classes":[]},{"id":5922,"url":"https:\/\/www.24baires.com\/?p=5922","url_meta":{"origin":90015,"position":5},"title":"Comenz\u00f3 el 27\u00ba Festival Internacional de Cine en Mar del Plata","author":"AF","date":"18\/11\/2012","format":false,"excerpt":"Con gran presencia latinoamericana, este s\u00e1bado dio inicio en La Feliz, una nueva edici\u00f3n del encuentro de cine. Estrenos, retrospectivas y secciones flamantes durante ocho d\u00edas. Mar del Plata y una nueva edici\u00f3n del Festival Internacional de Cine. Pel\u00edculas, visitas, jurados, competencias, presentaciones de libros, mesas redondas, homenajes, eventos de\u2026","rel":"","context":"En \u00abArte &amp; Cultura\u00bb","block_context":{"text":"Arte &amp; Cultura","link":"https:\/\/www.24baires.com\/?cat=53"},"img":{"alt_text":"","src":"https:\/\/i0.wp.com\/www.24baires.com\/wp-content\/uploads\/2012\/11\/festival-cine-mdp.jpg?resize=350%2C200","width":350,"height":200},"classes":[]}],"jetpack_sharing_enabled":true,"jetpack_likes_enabled":true,"_links":{"self":[{"href":"https:\/\/www.24baires.com\/index.php?rest_route=\/wp\/v2\/posts\/90015","targetHints":{"allow":["GET"]}}],"collection":[{"href":"https:\/\/www.24baires.com\/index.php?rest_route=\/wp\/v2\/posts"}],"about":[{"href":"https:\/\/www.24baires.com\/index.php?rest_route=\/wp\/v2\/types\/post"}],"author":[{"embeddable":true,"href":"https:\/\/www.24baires.com\/index.php?rest_route=\/wp\/v2\/users\/8"}],"replies":[{"embeddable":true,"href":"https:\/\/www.24baires.com\/index.php?rest_route=%2Fwp%2Fv2%2Fcomments&post=90015"}],"version-history":[{"count":1,"href":"https:\/\/www.24baires.com\/index.php?rest_route=\/wp\/v2\/posts\/90015\/revisions"}],"predecessor-version":[{"id":90017,"href":"https:\/\/www.24baires.com\/index.php?rest_route=\/wp\/v2\/posts\/90015\/revisions\/90017"}],"wp:attachment":[{"href":"https:\/\/www.24baires.com\/index.php?rest_route=%2Fwp%2Fv2%2Fmedia&parent=90015"}],"wp:term":[{"taxonomy":"category","embeddable":true,"href":"https:\/\/www.24baires.com\/index.php?rest_route=%2Fwp%2Fv2%2Fcategories&post=90015"},{"taxonomy":"post_tag","embeddable":true,"href":"https:\/\/www.24baires.com\/index.php?rest_route=%2Fwp%2Fv2%2Ftags&post=90015"}],"curies":[{"name":"wp","href":"https:\/\/api.w.org\/{rel}","templated":true}]}}