{"id":8998,"date":"2012-12-13T18:31:11","date_gmt":"2012-12-13T21:31:11","guid":{"rendered":"http:\/\/www.24baires.com\/?p=8998"},"modified":"2012-12-14T11:07:39","modified_gmt":"2012-12-14T14:07:39","slug":"se-aprobo-el-traspaso-de-la-autopista-la-plata-buenos-aires-a-la-provincia","status":"publish","type":"post","link":"https:\/\/www.24baires.com\/?p=8998","title":{"rendered":"Se aprob\u00f3 el traspaso de la Autopista La Plata-Buenos Aires a la Provincia"},"content":{"rendered":"<p><img data-recalc-dims=\"1\" loading=\"lazy\" decoding=\"async\" class=\"aligncenter size-full wp-image-8999\" title=\"autopista_bs_as_la_plata\" src=\"https:\/\/i0.wp.com\/www.24baires.com\/wp-content\/uploads\/2012\/12\/autopista_bs_as_la_plata.jpg?resize=560%2C374\" alt=\"\" width=\"560\" height=\"374\" srcset=\"https:\/\/i0.wp.com\/www.24baires.com\/wp-content\/uploads\/2012\/12\/autopista_bs_as_la_plata.jpg?w=560&amp;ssl=1 560w, https:\/\/i0.wp.com\/www.24baires.com\/wp-content\/uploads\/2012\/12\/autopista_bs_as_la_plata.jpg?resize=300%2C200&amp;ssl=1 300w\" sizes=\"auto, (max-width: 560px) 100vw, 560px\" \/><\/p>\n<p><strong>LA PLATA-<\/strong> La C\u00e1mara de Diputados bonaerense aprob\u00f3 este jueves el traspaso de la Autopista La Plata-Buenos Aires a la \u00f3rbita provincial, que era gestionada por Naci\u00f3n a trav\u00e9s de la empresa Coviares.<!--more--><\/p>\n<p>Antes de aprobar la norma, se produjo un acalorado debate entre diputados oficialistas y de la oposici\u00f3n. Desde el PRO, Julio Garro lleg\u00f3 a decir que \u201cde nada sirve oponerse a este proyecto, le estar\u00edamos dando v\u00eda libre a que no se solucione este problema\u201d.<\/p>\n<p>En tanto, el legislador radical, Sergio Panella asegur\u00f3 que \u201cestoy de acuerdo con tener una fuerte presencia del Estado provincial, pero queremos m\u00e1s, o sea que est\u00e9n involucrados otros actores y que salga de escena el principal problema que fue la empresa Coviares, cuya ineficiencia caus\u00f3 un enorme da\u00f1o a todos los que utilizamos ese trayecto para comunicarnos\u201d.<\/p>\n<p>El texto de la resoluci\u00f3n establece que \u201cla provincia de Buenos Aires queda exenta de toda responsabilidad que pudiera corresponder derivada del contrato de concesi\u00f3n con fecha anterior al traspaso\u201d.<\/p>\n<p>Adem\u00e1s, la norma prev\u00e9 \u201cla constituci\u00f3n de un fideicomiso con la finalidad de mejorar la infraestructura vial existente de un camino natural para los principales destinos tur\u00edsticos\u201d.<\/p>\n<p>El gobierno bonaerense, tom\u00f3 la decisi\u00f3n de hacerse cargo de la autopista., luego de denunciar que la empresa Coviares, que se encargaba de la concesi\u00f3n desde 1997 se comprometi\u00f3 a llevar adelante obras que nunca realiz\u00f3.<\/p>\n<p>A mediados de este a\u00f1o, el ministro de Infraestructura, Alejandro Arl\u00eda anunci\u00f3 que \u201cla provincia trabajar\u00e1 en tener en buenas condiciones la autopista\u201d, adem\u00e1s de anunciar \u201cla construcci\u00f3n del tercer y cuarto carril\u201d en ambas manos de los trayectos entre Quilmes y Hudson, uno de los puntos que presentan mayores problemas de congesti\u00f3n.<\/p>\n","protected":false},"excerpt":{"rendered":"<p>LA PLATA- La C\u00e1mara de Diputados bonaerense aprob\u00f3 este jueves el traspaso de la Autopista La Plata-Buenos Aires a la \u00f3rbita provincial, que era gestionada por Naci\u00f3n a trav\u00e9s de la empresa Coviares.<\/p>\n","protected":false},"author":11,"featured_media":0,"comment_status":"open","ping_status":"open","sticky":false,"template":"","format":"standard","meta":{"_jetpack_newsletter_access":"","_jetpack_dont_email_post_to_subs":false,"_jetpack_newsletter_tier_id":0,"_jetpack_memberships_contains_paywalled_content":false,"_jetpack_memberships_contains_paid_content":false,"footnotes":""},"categories":[40],"tags":[],"class_list":["post-8998","post","type-post","status-publish","format-standard","hentry","category-provincia"],"jetpack_featured_media_url":"","jetpack_shortlink":"https:\/\/wp.me\/p2JWE0-2l8","jetpack-related-posts":[{"id":9658,"url":"https:\/\/www.24baires.com\/?p=9658","url_meta":{"origin":8998,"position":0},"title":"El Senado aprob\u00f3 el traspaso de la Autopista La Plata-Buenos Aires a la \u00f3rbita provincial","author":"Grupo Sierra","date":"18\/12\/2012","format":false,"excerpt":"LA PLATA- En la \u00faltima sesi\u00f3n del a\u00f1o, la C\u00e1mara de Senadores bonaerense convirti\u00f3 esta tarde en ley el proyecto que establece el traspaso de la autopista La Plata-Buenos Aires, luego de que la semana pasada no pudiera tratarse por la demora registrada en el expediente en la c\u00e1mara baja.\u2026","rel":"","context":"En \u00abProvincia\u00bb","block_context":{"text":"Provincia","link":"https:\/\/www.24baires.com\/?cat=40"},"img":{"alt_text":"","src":"","width":0,"height":0},"classes":[]},{"id":8675,"url":"https:\/\/www.24baires.com\/?p=8675","url_meta":{"origin":8998,"position":1},"title":"Avanzan las negociaciones para el traspaso de la autopista La Plata-Buenos Aires","author":"AF","date":"11\/12\/2012","format":false,"excerpt":"La posibilidad de que el gobierno bonaerense cuente con el respaldo necesario para hacerse cargo de la Autopista La Plata-Buenos Aires, dio este lunes un paso clave en la Legislatura. Si bien reclamaron una serie de condiciones, sectores de la oposici\u00f3n anunciaron que estar\u00edan dispuestos a acompa\u00f1ar al Frente para\u2026","rel":"","context":"En \u00abPol\u00edtica\u00bb","block_context":{"text":"Pol\u00edtica","link":"https:\/\/www.24baires.com\/?cat=51"},"img":{"alt_text":"","src":"https:\/\/i0.wp.com\/www.24baires.com\/wp-content\/uploads\/2012\/12\/autopista-bs-lp-300x209.jpg?resize=350%2C200","width":350,"height":200},"classes":[]},{"id":11763,"url":"https:\/\/www.24baires.com\/?p=11763","url_meta":{"origin":8998,"position":2},"title":"Arl\u00eda: \u00abdesde hace a\u00f1os, Coviares nos boludea a todos: usuarios, trabajadores y Estado\u00bb","author":"AF","date":"10\/01\/2013","format":false,"excerpt":"El ministro de Infraestructura bonaerense responsabiliz\u00f3 a la empresa por el paro que los trabajadores de peaje realizan desde el martes en Hudson y Dock Sud. \"Me voy a encargar de que cumplan con sus obligaciones o rescindirles el contrato\u201d, advirti\u00f3 el funcionario. Al cumplirse la tercera jornada de paro\u2026","rel":"","context":"En \u00abSociedad\u00bb","block_context":{"text":"Sociedad","link":"https:\/\/www.24baires.com\/?cat=1"},"img":{"alt_text":"","src":"","width":0,"height":0},"classes":[]},{"id":10035,"url":"https:\/\/www.24baires.com\/?p=10035","url_meta":{"origin":8998,"position":3},"title":"Citan a Arl\u00eda para dar explicaciones por el aumento del peaje de la AU La Plata-Bs.As","author":"Grupo Sierra","date":"21\/12\/2012","format":false,"excerpt":"LA PLATA - La presidenta del bloque denarvaista, M\u00f3nica L\u00f3pez -Uni\u00f3n Celeste y Blanco- solicit\u00f3 que la C\u00e1mara de Diputados bonaerense cite de forma urgente\u00a0al Ministro de Infraestructura, Alejandro Arl\u00eda, para que informe en que consiste el reciente aumento de tarifa de peaje en la Autopista La Plata-Buenos Aires, anunciado\u2026","rel":"","context":"En \u00abProvincia\u00bb","block_context":{"text":"Provincia","link":"https:\/\/www.24baires.com\/?cat=40"},"img":{"alt_text":"m\u00f3nica l\u00f3pez","src":"https:\/\/i0.wp.com\/www.24baires.com\/wp-content\/uploads\/2012\/10\/m%C3%B3nica-l%C3%B3pez.jpg?resize=350%2C200","width":350,"height":200},"classes":[]},{"id":11683,"url":"https:\/\/www.24baires.com\/?p=11683","url_meta":{"origin":8998,"position":4},"title":"Sigue el paro de empleados de peajes en la Autopista Buenos Aires-La Plata","author":"Grupo Sierra","date":"09\/01\/2013","format":false,"excerpt":"Trabajadores nucleados en el Sindicato que conduce Facundo Moyano ratificaron el paro por tiempo indeterminado en rechazo del incumplimiento del pago de los haberes de diciembre. Hoy liberaron desde las 6 de hoy las barreras de los peajes de Berazategui y Dock Sud. Los empleados que cumplen tareas en la\u2026","rel":"","context":"En \u00abSociedad\u00bb","block_context":{"text":"Sociedad","link":"https:\/\/www.24baires.com\/?cat=1"},"img":{"alt_text":"peaje au la plata bs as","src":"https:\/\/i0.wp.com\/www.24baires.com\/wp-content\/uploads\/2013\/01\/peaje-au-la-plata-bs-as-300x180.jpg?resize=350%2C200","width":350,"height":200},"classes":[]},{"id":1631,"url":"https:\/\/www.24baires.com\/?p=1631","url_meta":{"origin":8998,"position":5},"title":"Traspaso a Provincia de Autopista Buenos Aires-La Plata tras incumplimiento de concesionaria","author":"AF","date":"10\/10\/2012","format":false,"excerpt":"El convenio se suscribi\u00f3 en la sede del Palacio de Hacienda de la Naci\u00f3n. \"El traspaso nos permitir\u00e1 seguir redise\u00f1ando la red vial de Buenos Aires con obras como la ruta 6 y la autopista Presidente Per\u00f3n\u201d, dijo el gobernador Daniel Scioli. Construir\u00e1n nuevos carriles en el tramo de Quilmes\u2026","rel":"","context":"En \u00abProvincia\u00bb","block_context":{"text":"Provincia","link":"https:\/\/www.24baires.com\/?cat=40"},"img":{"alt_text":"","src":"","width":0,"height":0},"classes":[]}],"jetpack_sharing_enabled":true,"jetpack_likes_enabled":true,"_links":{"self":[{"href":"https:\/\/www.24baires.com\/index.php?rest_route=\/wp\/v2\/posts\/8998","targetHints":{"allow":["GET"]}}],"collection":[{"href":"https:\/\/www.24baires.com\/index.php?rest_route=\/wp\/v2\/posts"}],"about":[{"href":"https:\/\/www.24baires.com\/index.php?rest_route=\/wp\/v2\/types\/post"}],"author":[{"embeddable":true,"href":"https:\/\/www.24baires.com\/index.php?rest_route=\/wp\/v2\/users\/11"}],"replies":[{"embeddable":true,"href":"https:\/\/www.24baires.com\/index.php?rest_route=%2Fwp%2Fv2%2Fcomments&post=8998"}],"version-history":[{"count":3,"href":"https:\/\/www.24baires.com\/index.php?rest_route=\/wp\/v2\/posts\/8998\/revisions"}],"predecessor-version":[{"id":9002,"href":"https:\/\/www.24baires.com\/index.php?rest_route=\/wp\/v2\/posts\/8998\/revisions\/9002"}],"wp:attachment":[{"href":"https:\/\/www.24baires.com\/index.php?rest_route=%2Fwp%2Fv2%2Fmedia&parent=8998"}],"wp:term":[{"taxonomy":"category","embeddable":true,"href":"https:\/\/www.24baires.com\/index.php?rest_route=%2Fwp%2Fv2%2Fcategories&post=8998"},{"taxonomy":"post_tag","embeddable":true,"href":"https:\/\/www.24baires.com\/index.php?rest_route=%2Fwp%2Fv2%2Ftags&post=8998"}],"curies":[{"name":"wp","href":"https:\/\/api.w.org\/{rel}","templated":true}]}}