{"id":8995,"date":"2012-12-13T17:00:04","date_gmt":"2012-12-13T20:00:04","guid":{"rendered":"http:\/\/www.24baires.com\/?p=8995"},"modified":"2012-12-13T15:16:34","modified_gmt":"2012-12-13T18:16:34","slug":"el-senado-le-dio-sancion-definitiva-a-la-muerte-digna-en-la-provincia","status":"publish","type":"post","link":"https:\/\/www.24baires.com\/?p=8995","title":{"rendered":"El Senado le dio sanci\u00f3n definitiva a la Muerte Digna en la Provincia"},"content":{"rendered":"<p>Un proyecto elaborado por el diputado del Frente para la Victoria-Partido Justicialista Marcelo Feli\u00fa sobre el derecho de los pacientes terminales a morir con dignidad se convirti\u00f3 en ley este jueves, luego de que el Senado le diera sanci\u00f3n definitiva, por unanimidad, tal cual ocurri\u00f3 con su tratamiento en la c\u00e1mara baja hace dos semanas.<!--more--><\/p>\n<p>La iniciativa faculta a los pacientes terminales o a sus familiares a cargo a no admitir tratamientos quir\u00fargicos o de reanimaci\u00f3n que sean desproporcionados con las perspectivas de mejor\u00eda o produzcan un dolor o sufrimiento desmesurado e innecesario, acciones conocidas bajo el concepto de encarnizamiento terap\u00e9utico.<\/p>\n<p>\u00abEstamos respetando la autonom\u00eda y la voluntad de cada persona para decidir sobre su vida en los momentos terminales o de agon\u00eda\u00bb, argument\u00f3 Feli\u00fa, quien precis\u00f3 que \u00absi esta autonom\u00eda no puede expresarse a cargo del paciente terminal, los familiares m\u00e1s cercanos ser\u00e1n quienes puedan tomar esa determinaci\u00f3n\u00bb. Adem\u00e1s, el diputado resalt\u00f3 que la norma \u00abno obliga a nadie, sino que s\u00f3lo permite una libre elecci\u00f3n\u00bb, al tiempo que a\u00f1adi\u00f3: \u00absi alguien decide algo distinto a lo que esta ley habilita, est\u00e1 en todo su derecho y se le garantiza la posibilidad de elegir\u00bb.<\/p>\n<p>En conjunto a la propuesta legislativa de Feli\u00fa, tambi\u00e9n se sancion\u00f3 la adhesi\u00f3n a la modificaci\u00f3n de la Ley sobre Derechos del Paciente, en sinton\u00eda con la aprobada recientemente por el Congreso nacional. El texto establece que la declaraci\u00f3n de voluntad es revocable en cualquier momento, y que \u201cning\u00fan profesional interviniente que haya obrado de acuerdo a las disposiciones de la presente ley estar\u00e1 sujeto a responsabilidad civil, penal o administrativa\u00bb.<\/p>\n<p>Seg\u00fan confi\u00f3 Feli\u00fa, \u201cest\u00e1n garantizados todos los cuidados paliativos y pr\u00e1cticas m\u00e9dicas para que quienes tomen una decisi\u00f3n de esta naturaleza, al mismo tiempo reciban todo lo necesario para mitigar dolores corporales o sufrimientos\u201d.<\/p>\n<p>En la decisi\u00f3n del parlamento provincial mucho tuvo que ver la campa\u00f1a encarada por Selva Herb\u00f3n y Susana Bustamante, madres de Camila y Melina respectivamente, para impulsar la sanci\u00f3n de la ley nacional de \u201cmuerte digna\u201d, ante los casos irreversibles y de sufrimiento de sus hijas.<\/p>\n","protected":false},"excerpt":{"rendered":"<p>Un proyecto elaborado por el diputado del Frente para la Victoria-Partido Justicialista Marcelo Feli\u00fa sobre el derecho de los pacientes terminales a morir con dignidad se convirti\u00f3 en ley este jueves, luego de que el Senado le diera sanci\u00f3n definitiva, por unanimidad, tal cual ocurri\u00f3 con su tratamiento en la c\u00e1mara baja hace dos semanas.<\/p>\n","protected":false},"author":4,"featured_media":0,"comment_status":"open","ping_status":"open","sticky":false,"template":"","format":"standard","meta":{"_jetpack_newsletter_access":"","_jetpack_dont_email_post_to_subs":false,"_jetpack_newsletter_tier_id":0,"_jetpack_memberships_contains_paywalled_content":false,"_jetpack_memberships_contains_paid_content":false,"footnotes":""},"categories":[1],"tags":[],"class_list":["post-8995","post","type-post","status-publish","format-standard","hentry","category-sociedad"],"jetpack_featured_media_url":"","jetpack_shortlink":"https:\/\/wp.me\/p2JWE0-2l5","jetpack-related-posts":[{"id":14389,"url":"https:\/\/www.24baires.com\/?p=14389","url_meta":{"origin":8995,"position":0},"title":"La Ley de Muerte Digna fue promulgada en la Provincia","author":"AF","date":"02\/02\/2013","format":false,"excerpt":"El gobernador Daniel Scioli promulg\u00f3 la Ley de Muerte Digna que permitir\u00e1 a los enfermos terminales rechazar tratamientos que no sirvan para mejorar su estado de salud. La normativa impulsada por el diputado Marcelo Feli\u00fa (FpV-PJ) y aprobada por unanimidad en ambas c\u00e1maras, tendr\u00e1 al ministerio de Salud de la\u2026","rel":"","context":"En \u00abSociedad\u00bb","block_context":{"text":"Sociedad","link":"https:\/\/www.24baires.com\/?cat=1"},"img":{"alt_text":"manos","src":"https:\/\/i0.wp.com\/www.24baires.com\/wp-content\/uploads\/2013\/02\/manos-300x187.jpg?resize=350%2C200","width":350,"height":200},"classes":[]},{"id":4802,"url":"https:\/\/www.24baires.com\/?p=4802","url_meta":{"origin":8995,"position":1},"title":"La \u00abmuerte digna\u00bb ya tiene media sanci\u00f3n","author":"AF","date":"08\/11\/2012","format":false,"excerpt":"El proyecto de ley que ya fue girado al Senado se aprob\u00f3 en conjunto con la adhesi\u00f3n a la ley nacional 26.529 sobre derechos del paciente en relaci\u00f3n con los profesionales de la salud. \u201cCon esta iniciativa, estamos respetando la autonom\u00eda y la voluntad de cada persona para decidir sobre\u2026","rel":"","context":"En \u00abSociedad\u00bb","block_context":{"text":"Sociedad","link":"https:\/\/www.24baires.com\/?cat=1"},"img":{"alt_text":"","src":"","width":0,"height":0},"classes":[]},{"id":8137,"url":"https:\/\/www.24baires.com\/?p=8137","url_meta":{"origin":8995,"position":2},"title":"Aprobar\u00e1n la adhesi\u00f3n de la Provincia a la Ley Nacional de Muerte Digna","author":"AF","date":"06\/12\/2012","format":false,"excerpt":"Ya tiene media sanci\u00f3n de Diputados y esperan que antes de fin de a\u00f1o la apruebe el Senado. El ministerio de Salud ser\u00e1 la autoridad de aplicaci\u00f3n. El viceministro de Salud de la Provincia, Sergio Alejandre, anunci\u00f3 que antes de fin de a\u00f1o se aprobar\u00e1 la adhesi\u00f3n de la provincia\u2026","rel":"","context":"En \u00abSociedad\u00bb","block_context":{"text":"Sociedad","link":"https:\/\/www.24baires.com\/?cat=1"},"img":{"alt_text":"","src":"https:\/\/i0.wp.com\/www.24baires.com\/wp-content\/uploads\/2012\/12\/muerte-digna-300x198.jpg?resize=350%2C200","width":350,"height":200},"classes":[]},{"id":121825,"url":"https:\/\/www.24baires.com\/?p=121825","url_meta":{"origin":8995,"position":3},"title":"Avanza en el Senado la reforma jubilatoria del Bapro","author":"GB","date":"12\/11\/2024","format":false,"excerpt":"Gracias a lamayor\u00eda de Uni\u00f3n por la Patria, Presupuesto e Impuestos dio luz verde al proyecto de reforma jubilatoria del Bapro impulsado por Axel Kicillof. La comisi\u00f3n de Presupuesto e Impuestos del Senado bonaerense dio dictamen favorable al proyecto de reforma jubilatoria para los empleados del Banco Provincia, impulsado por\u2026","rel":"","context":"En \u00abProvincia\u00bb","block_context":{"text":"Provincia","link":"https:\/\/www.24baires.com\/?cat=40"},"img":{"alt_text":"","src":"https:\/\/i0.wp.com\/www.24baires.com\/wp-content\/uploads\/2024\/11\/jubilacion-bapro.webp?resize=350%2C200","width":350,"height":200,"srcset":"https:\/\/i0.wp.com\/www.24baires.com\/wp-content\/uploads\/2024\/11\/jubilacion-bapro.webp?resize=350%2C200 1x, https:\/\/i0.wp.com\/www.24baires.com\/wp-content\/uploads\/2024\/11\/jubilacion-bapro.webp?resize=525%2C300 1.5x, https:\/\/i0.wp.com\/www.24baires.com\/wp-content\/uploads\/2024\/11\/jubilacion-bapro.webp?resize=700%2C400 2x"},"classes":[]},{"id":17436,"url":"https:\/\/www.24baires.com\/?p=17436","url_meta":{"origin":8995,"position":4},"title":"El Diputado Feli\u00fa expuso dos proyectos para agilizar los tr\u00e1mites de adopci\u00f3n","author":"AF","date":"04\/03\/2013","format":false,"excerpt":"El Diputado Provincial del Frente para la Victoria, Marcelo Feli\u00fa, expuso los dos nuevos proyectos que entraron a la c\u00e1mara baja bonaerense con el objetivo de agilizar la resoluci\u00f3n de los tr\u00e1mites de adopci\u00f3n, y expres\u00f3 que \u201cpretendemos que desde el primer momento que hay un ni\u00f1o en situaci\u00f3n vulnerabilidad,\u2026","rel":"","context":"En \u00abSociedad\u00bb","block_context":{"text":"Sociedad","link":"https:\/\/www.24baires.com\/?cat=1"},"img":{"alt_text":"","src":"","width":0,"height":0},"classes":[]},{"id":108260,"url":"https:\/\/www.24baires.com\/?p=108260","url_meta":{"origin":8995,"position":5},"title":"El peronismo en Bah\u00eda Blanca espera sellar la unidad","author":"GB","date":"19\/05\/2019","format":false,"excerpt":"Federico Susbielles promueve la unidad e invita a dirimir candidaturas en una PASO que fortalezca al vencedor. En su espacio est\u00e1n convencidos que la oposici\u00f3n unida podr\u00eda derrotar a H\u00e9ctor Gay y as\u00ed aportar en un distrito clave para que el peronismo recupere la Provincia. Marcelo Feli\u00fa espera definiciones de\u2026","rel":"","context":"En \u00abMunicipios\u00bb","block_context":{"text":"Municipios","link":"https:\/\/www.24baires.com\/?cat=44"},"img":{"alt_text":"","src":"https:\/\/i0.wp.com\/www.24baires.com\/wp-content\/uploads\/2019\/05\/peronismo-bahia.jpg?resize=350%2C200","width":350,"height":200,"srcset":"https:\/\/i0.wp.com\/www.24baires.com\/wp-content\/uploads\/2019\/05\/peronismo-bahia.jpg?resize=350%2C200 1x, https:\/\/i0.wp.com\/www.24baires.com\/wp-content\/uploads\/2019\/05\/peronismo-bahia.jpg?resize=525%2C300 1.5x"},"classes":[]}],"jetpack_sharing_enabled":true,"jetpack_likes_enabled":true,"_links":{"self":[{"href":"https:\/\/www.24baires.com\/index.php?rest_route=\/wp\/v2\/posts\/8995","targetHints":{"allow":["GET"]}}],"collection":[{"href":"https:\/\/www.24baires.com\/index.php?rest_route=\/wp\/v2\/posts"}],"about":[{"href":"https:\/\/www.24baires.com\/index.php?rest_route=\/wp\/v2\/types\/post"}],"author":[{"embeddable":true,"href":"https:\/\/www.24baires.com\/index.php?rest_route=\/wp\/v2\/users\/4"}],"replies":[{"embeddable":true,"href":"https:\/\/www.24baires.com\/index.php?rest_route=%2Fwp%2Fv2%2Fcomments&post=8995"}],"version-history":[{"count":2,"href":"https:\/\/www.24baires.com\/index.php?rest_route=\/wp\/v2\/posts\/8995\/revisions"}],"predecessor-version":[{"id":8997,"href":"https:\/\/www.24baires.com\/index.php?rest_route=\/wp\/v2\/posts\/8995\/revisions\/8997"}],"wp:attachment":[{"href":"https:\/\/www.24baires.com\/index.php?rest_route=%2Fwp%2Fv2%2Fmedia&parent=8995"}],"wp:term":[{"taxonomy":"category","embeddable":true,"href":"https:\/\/www.24baires.com\/index.php?rest_route=%2Fwp%2Fv2%2Fcategories&post=8995"},{"taxonomy":"post_tag","embeddable":true,"href":"https:\/\/www.24baires.com\/index.php?rest_route=%2Fwp%2Fv2%2Ftags&post=8995"}],"curies":[{"name":"wp","href":"https:\/\/api.w.org\/{rel}","templated":true}]}}