{"id":8990,"date":"2012-12-13T13:30:09","date_gmt":"2012-12-13T16:30:09","guid":{"rendered":"http:\/\/www.24baires.com\/?p=8990"},"modified":"2012-12-13T15:11:19","modified_gmt":"2012-12-13T18:11:19","slug":"habra-aulas-digitales-en-mas-de-1500-escuelas-bonaerenses","status":"publish","type":"post","link":"https:\/\/www.24baires.com\/?p=8990","title":{"rendered":"Habr\u00e1 aulas digitales en m\u00e1s de 1500 escuelas bonaerenses"},"content":{"rendered":"<p><img data-recalc-dims=\"1\" loading=\"lazy\" decoding=\"async\" class=\"alignleft size-medium wp-image-8991\" title=\"batakis scioli de luc\u00eda\" src=\"https:\/\/i0.wp.com\/www.24baires.com\/wp-content\/uploads\/2012\/12\/batakis-scioli-de-luc%C3%ADa.jpg?resize=300%2C150\" alt=\"\" width=\"300\" height=\"150\" srcset=\"https:\/\/i0.wp.com\/www.24baires.com\/wp-content\/uploads\/2012\/12\/batakis-scioli-de-luc%C3%ADa.jpg?resize=300%2C150&amp;ssl=1 300w, https:\/\/i0.wp.com\/www.24baires.com\/wp-content\/uploads\/2012\/12\/batakis-scioli-de-luc%C3%ADa.jpg?w=390&amp;ssl=1 390w\" sizes=\"auto, (max-width: 300px) 100vw, 300px\" \/>Se comprar\u00e1n computadoras para 1.580 establecimientos que beneficiar\u00e1n a 331.000 alumnos. La financiaci\u00f3n ser\u00e1 con un pr\u00e9stamo del BID.<!--more--><br \/>\nEl gobernador Daniel Scioli concret\u00f3 la apertura de sobres en el marco de la licitaci\u00f3n internacional para la adquisici\u00f3n de equipamiento inform\u00e1tico que ser\u00e1 destinado a 1.580 escuelas primarias de la provincia de Buenos Aires, que beneficiar\u00e1 a 331.000 alumnos.<\/p>\n<p>\u00abBuenos Aires es la primera provincia que tendr\u00e1 un proyecto propio en alfabetizaci\u00f3n digital orientado al ciclo primario\u00bb, afirm\u00f3 la directora general de Cultura y Educaci\u00f3n, Nora de Lucia.<\/p>\n<p>El proyecto \u201cAlfabetizaci\u00f3n Digital\u201d ser\u00e1 financiado con fondos que surgen de un pr\u00e9stamo del BID de 45 millones de d\u00f3lares. En concreto, se instalar\u00e1n computadoras en cada una de las escuelas para que puedan ser utilizadas en las aulas.<\/p>\n<p>\u00abEste plan es un desaf\u00edo para la provincia, que sigue apostando a la educaci\u00f3n y a los cambios tecnol\u00f3gicos, para que sean un componente pedag\u00f3gico muy fuerte en la formaci\u00f3n de nuestros chicos\u201d, agreg\u00f3 De Luc\u00eda.<\/p>\n<p>En el acto de apertura estuvieron tambi\u00e9n presentes la ministra de Econom\u00eda, Silvina Batakis; los subsecretarios Carlos Gianella (Educaci\u00f3n) y Marcelo Hita (Coordinaci\u00f3n con Estados y Organismos de Cr\u00e9dito Internacionales); y el diputado provincial Rodolfo Manino Iriart.<\/p>\n<p>&nbsp;<\/p>\n<p>&nbsp;<\/p>\n<p>&nbsp;<\/p>\n<p>&nbsp;<\/p>\n<p>&nbsp;<\/p>\n<p>&nbsp;<\/p>\n<p>&nbsp;<\/p>\n<p>&nbsp;<\/p>\n<p>&nbsp;<\/p>\n<p>&nbsp;<\/p>\n<p>&nbsp;<\/p>\n<p>&nbsp;<\/p>\n<p>&nbsp;<\/p>\n<p>&nbsp;<\/p>\n","protected":false},"excerpt":{"rendered":"<p>Se comprar\u00e1n computadoras para 1.580 establecimientos que beneficiar\u00e1n a 331.000 alumnos. La financiaci\u00f3n ser\u00e1 con un pr\u00e9stamo del BID.<\/p>\n","protected":false},"author":4,"featured_media":0,"comment_status":"open","ping_status":"open","sticky":false,"template":"","format":"standard","meta":{"_jetpack_newsletter_access":"","_jetpack_dont_email_post_to_subs":false,"_jetpack_newsletter_tier_id":0,"_jetpack_memberships_contains_paywalled_content":false,"_jetpack_memberships_contains_paid_content":false,"footnotes":""},"categories":[1],"tags":[],"class_list":["post-8990","post","type-post","status-publish","format-standard","hentry","category-sociedad"],"jetpack_featured_media_url":"","jetpack_shortlink":"https:\/\/wp.me\/p2JWE0-2l0","jetpack-related-posts":[{"id":35807,"url":"https:\/\/www.24baires.com\/?p=35807","url_meta":{"origin":8990,"position":0},"title":"Alumnos de primaria de la Provincia recibir\u00e1n 57 mil netbooks","author":"AF","date":"27\/11\/2013","format":false,"excerpt":"La Directora General de Cultura y Educaci\u00f3n de la provincia de Buenos Aires, Nora De Lucia, supervis\u00f3 la instalaci\u00f3n del escritorio digital que se est\u00e1 incorporando en los equipos que se distribuir\u00e1n en las 1.650 escuelas primarias de la provincia. M\u00e1s de 2.150 carros tecnol\u00f3gicos, 57 mil netbooks y 750\u2026","rel":"","context":"En \u00abProvincia\u00bb","block_context":{"text":"Provincia","link":"https:\/\/www.24baires.com\/?cat=40"},"img":{"alt_text":"","src":"","width":0,"height":0},"classes":[]},{"id":44810,"url":"https:\/\/www.24baires.com\/?p=44810","url_meta":{"origin":8990,"position":1},"title":"Provincia repartir\u00e1 juegos digitales para aprender sobre donaci\u00f3n de \u00f3rganos","author":"GB","date":"27\/04\/2014","format":false,"excerpt":"En las escuelas de la provincia de Buenos Aires se entregar\u00e1n juegos y contenidos digitales para que los chicos aprendan sobre donaci\u00f3n y trasplante de \u00f3rganos Se trata de un programa digital destinado a chicos de 4\u00ba a 6\u00ba a\u00f1o que cre\u00f3 el Cucaiba. Y se cargar\u00e1 en las 57.000\u2026","rel":"","context":"En \u00abProvincia\u00bb","block_context":{"text":"Provincia","link":"https:\/\/www.24baires.com\/?cat=40"},"img":{"alt_text":"escuela","src":"https:\/\/i0.wp.com\/www.24baires.com\/wp-content\/uploads\/2013\/07\/escuela.jpg?resize=350%2C200","width":350,"height":200,"srcset":"https:\/\/i0.wp.com\/www.24baires.com\/wp-content\/uploads\/2013\/07\/escuela.jpg?resize=350%2C200 1x, https:\/\/i0.wp.com\/www.24baires.com\/wp-content\/uploads\/2013\/07\/escuela.jpg?resize=525%2C300 1.5x"},"classes":[]},{"id":122843,"url":"https:\/\/www.24baires.com\/?p=122843","url_meta":{"origin":8990,"position":2},"title":"La matr\u00edcula en primaria cae con fuerza y obliga a reordenar el sistema bonaerense","author":"GB","date":"30\/01\/2026","format":false,"excerpt":"La matr\u00edcula en primaria cae con fuerza y obliga a reordenar el sistema bonaerense En los pr\u00f3ximos a\u00f1os habr\u00e1 muchos menos alumnos en las aulas. La Provincia deber\u00e1 decidir qu\u00e9 hacer con una estructura pensada para otro volumen de estudiantes. La provincia de Buenos Aires va camino a una reducci\u00f3n\u2026","rel":"","context":"En \u00abProvincia\u00bb","block_context":{"text":"Provincia","link":"https:\/\/www.24baires.com\/?cat=40"},"img":{"alt_text":"","src":"https:\/\/i0.wp.com\/www.24baires.com\/wp-content\/uploads\/2023\/11\/escuela1.webp?resize=350%2C200","width":350,"height":200,"srcset":"https:\/\/i0.wp.com\/www.24baires.com\/wp-content\/uploads\/2023\/11\/escuela1.webp?resize=350%2C200 1x, https:\/\/i0.wp.com\/www.24baires.com\/wp-content\/uploads\/2023\/11\/escuela1.webp?resize=525%2C300 1.5x, https:\/\/i0.wp.com\/www.24baires.com\/wp-content\/uploads\/2023\/11\/escuela1.webp?resize=700%2C400 2x"},"classes":[]},{"id":32740,"url":"https:\/\/www.24baires.com\/?p=32740","url_meta":{"origin":8990,"position":3},"title":"Sileoni entregar\u00e1 aulas digitales m\u00f3viles para escuelas de Monte Hermoso","author":"AF","date":"30\/09\/2013","format":false,"excerpt":"Este martes 1\u00ba de octubre, el ministro de Educaci\u00f3n de la naci\u00f3n, Alberto Sileoni visitar\u00e1 el municipio de Monte Hermoso y junto al intendente local Marcos Fern\u00e1ndez, entregar\u00e1 aulas digitales m\u00f3viles, las primeras del pa\u00eds; 100 netbooks, material y equipamiento para alumnos y escuelas Primarias, Secundarias y Jardines. Sileoni llegar\u00e1\u2026","rel":"","context":"En \u00abLocales\u00bb","block_context":{"text":"Locales","link":"https:\/\/www.24baires.com\/?cat=38"},"img":{"alt_text":"sileoni","src":"https:\/\/i0.wp.com\/www.24baires.com\/wp-content\/uploads\/2013\/09\/sileoni.jpg?resize=350%2C200","width":350,"height":200},"classes":[]},{"id":42165,"url":"https:\/\/www.24baires.com\/?p=42165","url_meta":{"origin":8990,"position":4},"title":"Firmaron un convenio con Samsung para equipar las escuelas t\u00e9cnicas de la provincia","author":"Grupo Sierra","date":"15\/03\/2014","format":false,"excerpt":"En el marco de este acuerdo, la empresa proveer\u00e1 equipamiento de \u00faltima tecnolog\u00eda y puesta en valor de aulas de cuatro escuelas t\u00e9cnicas con orientaci\u00f3n en Programaci\u00f3n, que permitir\u00e1n enriquecer la experiencia educativa de los docentes y los alumnos de esas instituciones. La jefatura de Gabinete Provincial a cargo de\u2026","rel":"","context":"En \u00abProvincia\u00bb","block_context":{"text":"Provincia","link":"https:\/\/www.24baires.com\/?cat=40"},"img":{"alt_text":"T\u00e9cnica","src":"https:\/\/i0.wp.com\/www.24baires.com\/wp-content\/uploads\/2013\/12\/T%C3%A9cnica-300x199.jpg?resize=350%2C200","width":350,"height":200},"classes":[]},{"id":113989,"url":"https:\/\/www.24baires.com\/?p=113989","url_meta":{"origin":8990,"position":5},"title":"Encontraron 100 mil netbooks sin repartir por el gobierno de Macri","author":"AF","date":"31\/01\/2020","format":false,"excerpt":"Las computadoras, tablets y otros equipos inform\u00e1ticos deber\u00edan haberse entregado en el marco de diferentes programas del Ministerio de Educaci\u00f3n. Fueron encontrados en un dep\u00f3sito del Correo Argentino. La Sindicatura General de la Naci\u00f3n detect\u00f3 m\u00e1s de 100 mil netbooks sin entregar por el gobierno anterior. Se trata de insumos\u2026","rel":"","context":"En \u00abSociedad\u00bb","block_context":{"text":"Sociedad","link":"https:\/\/www.24baires.com\/?cat=1"},"img":{"alt_text":"","src":"https:\/\/i0.wp.com\/www.24baires.com\/wp-content\/uploads\/2020\/01\/conectar1_0.jpg?resize=350%2C200","width":350,"height":200,"srcset":"https:\/\/i0.wp.com\/www.24baires.com\/wp-content\/uploads\/2020\/01\/conectar1_0.jpg?resize=350%2C200 1x, https:\/\/i0.wp.com\/www.24baires.com\/wp-content\/uploads\/2020\/01\/conectar1_0.jpg?resize=525%2C300 1.5x"},"classes":[]}],"jetpack_sharing_enabled":true,"jetpack_likes_enabled":true,"_links":{"self":[{"href":"https:\/\/www.24baires.com\/index.php?rest_route=\/wp\/v2\/posts\/8990","targetHints":{"allow":["GET"]}}],"collection":[{"href":"https:\/\/www.24baires.com\/index.php?rest_route=\/wp\/v2\/posts"}],"about":[{"href":"https:\/\/www.24baires.com\/index.php?rest_route=\/wp\/v2\/types\/post"}],"author":[{"embeddable":true,"href":"https:\/\/www.24baires.com\/index.php?rest_route=\/wp\/v2\/users\/4"}],"replies":[{"embeddable":true,"href":"https:\/\/www.24baires.com\/index.php?rest_route=%2Fwp%2Fv2%2Fcomments&post=8990"}],"version-history":[{"count":1,"href":"https:\/\/www.24baires.com\/index.php?rest_route=\/wp\/v2\/posts\/8990\/revisions"}],"predecessor-version":[{"id":8992,"href":"https:\/\/www.24baires.com\/index.php?rest_route=\/wp\/v2\/posts\/8990\/revisions\/8992"}],"wp:attachment":[{"href":"https:\/\/www.24baires.com\/index.php?rest_route=%2Fwp%2Fv2%2Fmedia&parent=8990"}],"wp:term":[{"taxonomy":"category","embeddable":true,"href":"https:\/\/www.24baires.com\/index.php?rest_route=%2Fwp%2Fv2%2Fcategories&post=8990"},{"taxonomy":"post_tag","embeddable":true,"href":"https:\/\/www.24baires.com\/index.php?rest_route=%2Fwp%2Fv2%2Ftags&post=8990"}],"curies":[{"name":"wp","href":"https:\/\/api.w.org\/{rel}","templated":true}]}}