{"id":8986,"date":"2012-12-13T14:41:27","date_gmt":"2012-12-13T17:41:27","guid":{"rendered":"http:\/\/www.24baires.com\/?p=8986"},"modified":"2012-12-14T11:05:07","modified_gmt":"2012-12-14T14:05:07","slug":"en-la-provincia-cerca-de-500-mil-jovenes-de-entre-16-y-18-anos-ya-podran-votar","status":"publish","type":"post","link":"https:\/\/www.24baires.com\/?p=8986","title":{"rendered":"En la Provincia, cerca de 500 mil j\u00f3venes de entre 16 y 18 a\u00f1os ya podr\u00e1n votar"},"content":{"rendered":"<p>El Senado bonaerense sancion\u00f3 este jueves el proyecto que dispone la adhesi\u00f3n de la Provincia a la ley nacional por la cual se habilit\u00f3 el voto optativo para los j\u00f3venes de entre 16 y 18 a\u00f1os.<!--more--><\/p>\n<p>La iniciativa, que en la C\u00e1mara de Diputados hab\u00eda contado con el acompa\u00f1amiento de todos los bloques, permitir\u00e1 que cerca de 500 mil j\u00f3venes bonaerenses voten a los candidatos a gobernador, legisladores, intendentes y concejales a partir de las elecciones del pr\u00f3ximo a\u00f1o.<\/p>\n<p>&nbsp;<\/p>\n<p>&nbsp;<\/p>\n<p>&nbsp;<\/p>\n<p>&nbsp;<\/p>\n<p>&nbsp;<\/p>\n<p>&nbsp;<\/p>\n<p>&nbsp;<\/p>\n<p>&nbsp;<\/p>\n<p>&nbsp;<\/p>\n<p>&nbsp;<\/p>\n<p>&nbsp;<\/p>\n<p>&nbsp;<\/p>\n<p>&nbsp;<\/p>\n<p>&nbsp;<\/p>\n<p>&nbsp;<\/p>\n<p>&nbsp;<\/p>\n<p>&nbsp;<\/p>\n<p>&nbsp;<\/p>\n<p>&nbsp;<\/p>\n<p>&nbsp;<\/p>\n<p>&nbsp;<\/p>\n<p>&nbsp;<\/p>\n<p>&nbsp;<\/p>\n<p>&nbsp;<\/p>\n","protected":false},"excerpt":{"rendered":"<p>El Senado bonaerense sancion\u00f3 este jueves el proyecto que dispone la adhesi\u00f3n de la Provincia a la ley nacional por la cual se habilit\u00f3 el voto optativo para los j\u00f3venes de entre 16 y 18 a\u00f1os.<\/p>\n","protected":false},"author":4,"featured_media":0,"comment_status":"open","ping_status":"open","sticky":false,"template":"","format":"standard","meta":{"_jetpack_newsletter_access":"","_jetpack_dont_email_post_to_subs":false,"_jetpack_newsletter_tier_id":0,"_jetpack_memberships_contains_paywalled_content":false,"_jetpack_memberships_contains_paid_content":false,"footnotes":""},"categories":[1],"tags":[],"class_list":["post-8986","post","type-post","status-publish","format-standard","hentry","category-sociedad"],"jetpack_featured_media_url":"","jetpack_shortlink":"https:\/\/wp.me\/p2JWE0-2kW","jetpack-related-posts":[{"id":17723,"url":"https:\/\/www.24baires.com\/?p=17723","url_meta":{"origin":8986,"position":0},"title":"La Provincia reglament\u00f3 el voto optativo de los j\u00f3venes de 16 y 17 a\u00f1os","author":"AF","date":"07\/03\/2013","format":false,"excerpt":"Adem\u00e1s se impulsa una campa\u00f1a de renovaci\u00f3n de DNI desde los 14 a\u00f1os. Los nuevos votantes tendr\u00e1n que cumplir con los requisitos establecidos por el Colegio Electoral. Anunciaron capacitaciones en las escuelas provinciales que se realizar\u00e1n a partir de abril. El gobierno bonaerense reglament\u00f3, a trav\u00e9s de la ley 14.456,\u2026","rel":"","context":"En \u00abSociedad\u00bb","block_context":{"text":"Sociedad","link":"https:\/\/www.24baires.com\/?cat=1"},"img":{"alt_text":"","src":"","width":0,"height":0},"classes":[]},{"id":9489,"url":"https:\/\/www.24baires.com\/?p=9489","url_meta":{"origin":8986,"position":1},"title":"Los j\u00f3venes pueden tramitar tambi\u00e9n los s\u00e1bados el nuevo DNI","author":"AF","date":"17\/12\/2012","format":false,"excerpt":"La Jefatura de Gabinete provincial, a cargo de Alberto P\u00e9rez, record\u00f3 que permanecen abiertos los d\u00edas s\u00e1bado los 10 centros de documentaci\u00f3n r\u00e1pida y 10 registros civiles del conurbano, para tramitar el nuevo DNI 14 a\u00f1os. Lo hizo en el marco de la aprobaci\u00f3n de la ley que habilita a\u2026","rel":"","context":"En \u00abSociedad\u00bb","block_context":{"text":"Sociedad","link":"https:\/\/www.24baires.com\/?cat=1"},"img":{"alt_text":"DNI 14","src":"https:\/\/i0.wp.com\/www.24baires.com\/wp-content\/uploads\/2012\/12\/DNI-14-300x199.jpg?resize=350%2C200","width":350,"height":200},"classes":[]},{"id":108372,"url":"https:\/\/www.24baires.com\/?p=108372","url_meta":{"origin":8986,"position":2},"title":"M\u00e1s de 400 mil j\u00f3venes afuera del padr\u00f3n por un \u00aberror\u00bb","author":"AF","date":"24\/05\/2019","format":false,"excerpt":"Se estima que involucra a unos 430 mil j\u00f3venes. En la Capital el tr\u00e1mite de inscripci\u00f3n se puede hacer online. La C\u00e1mara Electoral dijo que trabaja en el problema. El esc\u00e1ndalo de los miles de j\u00f3venes de 16 y 17 a\u00f1os que no figuran en los padrones electorales por \u201cun\u2026","rel":"","context":"En \u00abSociedad\u00bb","block_context":{"text":"Sociedad","link":"https:\/\/www.24baires.com\/?cat=1"},"img":{"alt_text":"","src":"https:\/\/i0.wp.com\/www.24baires.com\/wp-content\/uploads\/2013\/05\/padr%C3%B3n-electoral.jpg?resize=350%2C200","width":350,"height":200,"srcset":"https:\/\/i0.wp.com\/www.24baires.com\/wp-content\/uploads\/2013\/05\/padr%C3%B3n-electoral.jpg?resize=350%2C200 1x, https:\/\/i0.wp.com\/www.24baires.com\/wp-content\/uploads\/2013\/05\/padr%C3%B3n-electoral.jpg?resize=525%2C300 1.5x"},"classes":[]},{"id":112672,"url":"https:\/\/www.24baires.com\/?p=112672","url_meta":{"origin":8986,"position":3},"title":"Elecciones 2019: arrancaron los comicios en todo el pa\u00eds","author":"GB","date":"27\/10\/2019","format":false,"excerpt":"A las 8 de este domingo abrieron sus puertas los 15 mil establecimientos educativos habilitados para votar a lo largo y a lo ancho del territorio nacional. Casi 33 millones de argentinos empadronados eligen este domingo a su presidente para el per\u00edodo 2019-2023. Adem\u00e1s, se renuevan las c\u00e1maras del Congreso\u2026","rel":"","context":"En \u00abELECCIONES 2019\u00bb","block_context":{"text":"ELECCIONES 2019","link":"https:\/\/www.24baires.com\/?cat=329"},"img":{"alt_text":"","src":"https:\/\/i0.wp.com\/www.24baires.com\/wp-content\/uploads\/2019\/10\/miuaricio-alberto.jpg?resize=350%2C200","width":350,"height":200,"srcset":"https:\/\/i0.wp.com\/www.24baires.com\/wp-content\/uploads\/2019\/10\/miuaricio-alberto.jpg?resize=350%2C200 1x, https:\/\/i0.wp.com\/www.24baires.com\/wp-content\/uploads\/2019\/10\/miuaricio-alberto.jpg?resize=525%2C300 1.5x"},"classes":[]},{"id":7278,"url":"https:\/\/www.24baires.com\/?p=7278","url_meta":{"origin":8986,"position":4},"title":"Se posterg\u00f3 el Voto Joven para la pr\u00f3xima sesi\u00f3n del Senado bonaerense","author":"AF","date":"29\/11\/2012","format":false,"excerpt":"La C\u00e1mara de Senadores bonaerense posterg\u00f3 el tratamiento del proyecto de ley que habilita a votar a los j\u00f3venes a partir de los 16 a\u00f1os en el \u00e1mbito de la provincia de Buenos Aires, en sinton\u00eda con la ley sancionada por el Congreso Nacional. La iniciativa, de los diputados del\u2026","rel":"","context":"En \u00abSociedad\u00bb","block_context":{"text":"Sociedad","link":"https:\/\/www.24baires.com\/?cat=1"},"img":{"alt_text":"","src":"","width":0,"height":0},"classes":[]},{"id":111526,"url":"https:\/\/www.24baires.com\/?p=111526","url_meta":{"origin":8986,"position":5},"title":"M\u00e1s de 27 mil presos bonaerenses podr\u00e1n votar en las elecciones nacionales","author":"GB","date":"09\/08\/2019","format":false,"excerpt":"El Servicio Penitenciario Bonaerense que en 2017 estaban habilitados unas 16 mil personas. M\u00e1s de 27 mil presos alojados en las unidades carcelarias de la provincia de Buenos Aires est\u00e1n habilitados para votar el domingo en las Primarias, Abiertas, Simult\u00e1neas y Obligatorias (Paso). En la oportunidad, podr\u00e1n elegir candidatos a\u2026","rel":"","context":"En \u00abElecciones\u00bb","block_context":{"text":"Elecciones","link":"https:\/\/www.24baires.com\/?cat=316"},"img":{"alt_text":"","src":"https:\/\/i0.wp.com\/www.24baires.com\/wp-content\/uploads\/2018\/04\/c%C3%A1rcel-virrey-del-pino.jpg?resize=350%2C200","width":350,"height":200,"srcset":"https:\/\/i0.wp.com\/www.24baires.com\/wp-content\/uploads\/2018\/04\/c%C3%A1rcel-virrey-del-pino.jpg?resize=350%2C200 1x, https:\/\/i0.wp.com\/www.24baires.com\/wp-content\/uploads\/2018\/04\/c%C3%A1rcel-virrey-del-pino.jpg?resize=525%2C300 1.5x"},"classes":[]}],"jetpack_sharing_enabled":true,"jetpack_likes_enabled":true,"_links":{"self":[{"href":"https:\/\/www.24baires.com\/index.php?rest_route=\/wp\/v2\/posts\/8986","targetHints":{"allow":["GET"]}}],"collection":[{"href":"https:\/\/www.24baires.com\/index.php?rest_route=\/wp\/v2\/posts"}],"about":[{"href":"https:\/\/www.24baires.com\/index.php?rest_route=\/wp\/v2\/types\/post"}],"author":[{"embeddable":true,"href":"https:\/\/www.24baires.com\/index.php?rest_route=\/wp\/v2\/users\/4"}],"replies":[{"embeddable":true,"href":"https:\/\/www.24baires.com\/index.php?rest_route=%2Fwp%2Fv2%2Fcomments&post=8986"}],"version-history":[{"count":3,"href":"https:\/\/www.24baires.com\/index.php?rest_route=\/wp\/v2\/posts\/8986\/revisions"}],"predecessor-version":[{"id":8988,"href":"https:\/\/www.24baires.com\/index.php?rest_route=\/wp\/v2\/posts\/8986\/revisions\/8988"}],"wp:attachment":[{"href":"https:\/\/www.24baires.com\/index.php?rest_route=%2Fwp%2Fv2%2Fmedia&parent=8986"}],"wp:term":[{"taxonomy":"category","embeddable":true,"href":"https:\/\/www.24baires.com\/index.php?rest_route=%2Fwp%2Fv2%2Fcategories&post=8986"},{"taxonomy":"post_tag","embeddable":true,"href":"https:\/\/www.24baires.com\/index.php?rest_route=%2Fwp%2Fv2%2Ftags&post=8986"}],"curies":[{"name":"wp","href":"https:\/\/api.w.org\/{rel}","templated":true}]}}