{"id":8983,"date":"2012-12-13T14:36:07","date_gmt":"2012-12-13T17:36:07","guid":{"rendered":"http:\/\/www.24baires.com\/?p=8983"},"modified":"2012-12-14T10:27:57","modified_gmt":"2012-12-14T13:27:57","slug":"convirtieron-en-ley-el-proyecto-que-limita-las-excarcelaciones","status":"publish","type":"post","link":"https:\/\/www.24baires.com\/?p=8983","title":{"rendered":"Convirtieron en Ley el proyecto que limita las excarcelaciones"},"content":{"rendered":"<p><img data-recalc-dims=\"1\" loading=\"lazy\" decoding=\"async\" class=\"alignleft size-medium wp-image-8984\" title=\"senado BA2\" src=\"https:\/\/i0.wp.com\/www.24baires.com\/wp-content\/uploads\/2012\/12\/senado-BA2.jpg?resize=300%2C159\" alt=\"\" width=\"300\" height=\"159\" srcset=\"https:\/\/i0.wp.com\/www.24baires.com\/wp-content\/uploads\/2012\/12\/senado-BA2.jpg?resize=300%2C159&amp;ssl=1 300w, https:\/\/i0.wp.com\/www.24baires.com\/wp-content\/uploads\/2012\/12\/senado-BA2.jpg?w=560&amp;ssl=1 560w\" sizes=\"auto, (max-width: 300px) 100vw, 300px\" \/>El proyecto que envi\u00f3 el Ejecutivo, ya contaba con la aprobaci\u00f3n de Diputados. El mismo, limita las excarcelaciones cuando se porten armas de fuego ilegalmente y exista resistencia o evasi\u00f3n a un procedimiento por parte una autoridad p\u00fablica, y cuando los presuntos delincuentes tengan antecedentes por comisi\u00f3n de delitos con armas, o est\u00e9n gozando ya de una excarcelaci\u00f3n anterior.<!--more--><br \/>\nDurante la sesi\u00f3n que tuvo lugar en la jornada del jueves en la C\u00e1mara de Senadores de la provincia de Buenos Aires, presidida por el vicegobernador Gabriel Mariotto, fue aprobado el proyecto que limita las excarcelaciones en territorio bonaerense. De esta forma, tras haber sido aprobado en la C\u00e1mara Baja, el mismo se convirti\u00f3 en Ley.<\/p>\n<p>La presentaci\u00f3n estuvo a cargo del legislador Jorge D\u00b4Onofrio (FpV) qui\u00e9n sostuvo que \u201cla semana anterior nos reunimos las dos comisiones, tanto de Seguridad como de Legislaci\u00f3n General y se trato el tema en profundidad, e invitamos al Poder Ejecutivo. Contamos con la presencia del ministro de Justicia y Seguridad, Ricardo Casal quien a criterio de muchos pudo satisfacer las dudas de los legisladores\u201d.<\/p>\n<p>En ese sentido, destac\u00f3: \u201chemos tenido que avanzar en una normativa que ponga un control estricto al uso de armas de fuego en nuestra Provincia. El objetivo de esta ley haga que reflexione el que este a punto de cometer el delito con un arma ilegal e intenta huir, va a ser pasible que al momento de decir su situaci\u00f3n, no le sea posible la excarcelaci\u00f3n\u201d.<\/p>\n<p>Sin embargo, el senador asever\u00f3 que la aprobaci\u00f3n del proyecto \u201cno quiere decir que todos los que porten armas ilegales vayan a ir preso, si no en casos en los que se va a escapar\u201d.<\/p>\n<p>Por su parte, Alfredo C\u00e9sar Meckievi (Uni\u00f3n PRO) dijo: \u201cvamos a apoyar el proyecto desde nuestro bloque pero el texto esta redactado con una notable ligereza y una gran irresponsabilidad. Vemos que el Ejecutivo nos tiene acostumbrados a una proliferaci\u00f3n de t\u00edtulos sin sentido. Es este un enunciado que en nada innova y poco significativo\u201d.<\/p>\n<p>En tanto, el legislador Ricardo V\u00e1zquez (GEN \u2013FAP) explic\u00f3 por qu\u00e9 raz\u00f3n votaron en contra. \u201cTodos estamos en contra de que haya armas ilegales y que sean usadas para el delito pero no creemos que \u00e9ste sea el m\u00e9todo adecuado. Lo que hay que combatir es el mercado de armas, si no combatimos las consecuencias y no las causas\u201d, dijo.<\/p>\n<p>En la misma l\u00ednea se expres\u00f3 Mar\u00eda Isabel Gainza (CC) al afirmar que \u201ces asombroso ver como en dos o tres hojas de papel se dejan de lado construcciones de la ciencia jur\u00eddica, otros legisladores, y la jurisprudencia han establecido. No han dejado de violentar ninguno de ellos\u201d.<\/p>\n<p>\u201cCuando hablamos de excarcelaciones \u2013explic\u00f3 la Senadora- tenemos que referirnos a prisi\u00f3n preventiva, no est\u00e1 creada para hacer que los delincuentes est\u00e9n en la c\u00e1rceles, es una medida cautelar excepcional. Ac\u00e1 o que se est\u00e1 consagrando es la \u201cadministratividad\u201d de la justicia, porque es la polic\u00eda la que va a decir que una persona intent\u00f3 fugarse. Vamos a dejar en manos de la polic\u00eda bonaerense tan cuestionada por todos nosotros, que le digan al juez que esta persona intent\u00f3 eludirla. Si quieren hacer un desarme de armas hay que apuntar contra los que las venden. Me parece una p\u00e9sima herramienta, que lo \u00fanico que va a hacer llenar las c\u00e1rceles de pobres y vulnerables y no de los verdaderos delincuentes\u201d.<\/p>\n<p>El proyecto, limita las excarcelaciones cuando se porten armas de fuego ilegalmente y exista resistencia o evasi\u00f3n a un procedimiento por parte una autoridad p\u00fablica, y cuando los presuntos delincuentes tengan antecedentes por comisi\u00f3n de delitos con armas, o est\u00e9n gozando ya de una excarcelaci\u00f3n anterior.<\/p>\n","protected":false},"excerpt":{"rendered":"<p>El proyecto que envi\u00f3 el Ejecutivo, ya contaba con la aprobaci\u00f3n de Diputados. El mismo, limita las excarcelaciones cuando se porten armas de fuego ilegalmente y exista resistencia o evasi\u00f3n a un procedimiento por parte una autoridad p\u00fablica, y cuando los presuntos delincuentes tengan antecedentes por comisi\u00f3n de delitos con armas, o est\u00e9n gozando ya de una excarcelaci\u00f3n anterior.<\/p>\n","protected":false},"author":4,"featured_media":0,"comment_status":"open","ping_status":"open","sticky":false,"template":"","format":"standard","meta":{"_jetpack_newsletter_access":"","_jetpack_dont_email_post_to_subs":false,"_jetpack_newsletter_tier_id":0,"_jetpack_memberships_contains_paywalled_content":false,"_jetpack_memberships_contains_paid_content":false,"footnotes":""},"categories":[1],"tags":[],"class_list":["post-8983","post","type-post","status-publish","format-standard","hentry","category-sociedad"],"jetpack_featured_media_url":"","jetpack_shortlink":"https:\/\/wp.me\/p2JWE0-2kT","jetpack-related-posts":[{"id":6470,"url":"https:\/\/www.24baires.com\/?p=6470","url_meta":{"origin":8983,"position":0},"title":"Portaci\u00f3n ilegal de armas: endurecer\u00e1n las penas","author":"AF","date":"23\/11\/2012","format":false,"excerpt":"La C\u00e1mara de Diputados de la provincia de Buenos Aires aprob\u00f3 un proyecto de ley que limita las excarcelaciones cuando se porten armas de fuego de manera ilegal y se intente persuadir a la autoridad policial. La iniciativa que obtuvo media sanci\u00f3n, fue impulsada por el Ejecutivo provincial para limitar\u2026","rel":"","context":"En \u00abSociedad\u00bb","block_context":{"text":"Sociedad","link":"https:\/\/www.24baires.com\/?cat=1"},"img":{"alt_text":"","src":"","width":0,"height":0},"classes":[]},{"id":25858,"url":"https:\/\/www.24baires.com\/?p=25858","url_meta":{"origin":8983,"position":1},"title":"La C\u00e1mara de Diputados provincial sancion\u00f3 la ley que limita las excarcelaciones","author":"Grupo Sierra","date":"13\/06\/2013","format":false,"excerpt":"El proyecto del gobernador Daniel Scioli y su ministro Ricardo Casal fue convertido en ley esta tarde. La nueva norma restringe la liberaci\u00f3n de aquellas personas que sean detenidas con armas de fuego ilegales e intenten fugarse eludiendo el accionar policial. Por otro lado, se se dio media sanci\u00f3n a\u2026","rel":"","context":"En \u00abProvincia\u00bb","block_context":{"text":"Provincia","link":"https:\/\/www.24baires.com\/?cat=40"},"img":{"alt_text":"","src":"","width":0,"height":0},"classes":[]},{"id":6626,"url":"https:\/\/www.24baires.com\/?p=6626","url_meta":{"origin":8983,"position":2},"title":"Para la CPM, el proyecto de excarcelaciones es \u00abinconstitucional\u00bb","author":"AF","date":"24\/11\/2012","format":false,"excerpt":"\"Nada tiene que ver con la constituci\u00f3n vigente\", dijo el director del Comit\u00e9 contra la Tortura de la Comisi\u00f3n Provincial por la Memoria (CPM), Roberto Cipriano Garc\u00eda, respecto del proyecto aprobado en Diputados. \"Nosotros hemos salido a criticarla muy fuertemente incluso hicimos una presentaci\u00f3n a todos los legisladores, tanto diputados\u2026","rel":"","context":"En \u00abPol\u00edtica\u00bb","block_context":{"text":"Pol\u00edtica","link":"https:\/\/www.24baires.com\/?cat=51"},"img":{"alt_text":"","src":"","width":0,"height":0},"classes":[]},{"id":25966,"url":"https:\/\/www.24baires.com\/?p=25966","url_meta":{"origin":8983,"position":3},"title":"Scioli promulg\u00f3 la cuestionada ley \u201carmas cero\u201d sobre excarcelaciones","author":"Grupo Sierra","date":"14\/06\/2013","format":false,"excerpt":"El gobernador Daniel Scioli promulg\u00f3 hoy la Ley de Excarcelaciones \u201cArmas cero\u201d, la iniciativa oficial aprobada por la Legislatura para desalentar el uso de armas de fuego y limitar las eximiciones de prisi\u00f3n a quienes registren antecedentes policiales, en el marco de las pol\u00edticas de \u201cpacificaci\u00f3n\u201d que promueve el gobierno\u2026","rel":"","context":"En \u00abProvincia\u00bb","block_context":{"text":"Provincia","link":"https:\/\/www.24baires.com\/?cat=40"},"img":{"alt_text":"","src":"","width":0,"height":0},"classes":[]},{"id":9306,"url":"https:\/\/www.24baires.com\/?p=9306","url_meta":{"origin":8983,"position":4},"title":"Fuertes cr\u00edticas a la ley provincial de excarcelaciones aprobada el jueves","author":"Grupo Sierra","date":"15\/12\/2012","format":false,"excerpt":"\u201cLa nueva ley no responde a una pol\u00edtica de seguridad democr\u00e1tica y consistente y aumentar\u00e1 la cantidad de detenidos en condiciones absolutamente indignas\u201d. Con esa frase, organizaciones sociales vinculadas a los Derechos Humanos lanzaron ayer una dura embestida contra la reforma del C\u00f3digo Procesal Penal sancionada el jueves pasado en\u2026","rel":"","context":"En \u00abProvincia\u00bb","block_context":{"text":"Provincia","link":"https:\/\/www.24baires.com\/?cat=40"},"img":{"alt_text":"","src":"","width":0,"height":0},"classes":[]},{"id":6377,"url":"https:\/\/www.24baires.com\/?p=6377","url_meta":{"origin":8983,"position":5},"title":"\u00daltima sesi\u00f3n ordinaria de Diputados bonaerenses","author":"AF","date":"22\/11\/2012","format":false,"excerpt":"LA PLATA - La C\u00e1mara de Diputados va a desarrollar este jueves la \u00faltima sesi\u00f3n ordinaria del a\u00f1o con varios temas importantes que el oficialismo procurar\u00e1 aprobar: voto joven, los cambios en Procuraci\u00f3n, Consejo de la Magistratura y enjuiciamiento a magistrados, excarcelaciones a tenedores de armas y juicio por jurados.\u2026","rel":"","context":"En \u00abPol\u00edtica\u00bb","block_context":{"text":"Pol\u00edtica","link":"https:\/\/www.24baires.com\/?cat=51"},"img":{"alt_text":"","src":"https:\/\/i0.wp.com\/www.24baires.com\/wp-content\/uploads\/2012\/11\/legislatura.png?resize=350%2C200","width":350,"height":200},"classes":[]}],"jetpack_sharing_enabled":true,"jetpack_likes_enabled":true,"_links":{"self":[{"href":"https:\/\/www.24baires.com\/index.php?rest_route=\/wp\/v2\/posts\/8983","targetHints":{"allow":["GET"]}}],"collection":[{"href":"https:\/\/www.24baires.com\/index.php?rest_route=\/wp\/v2\/posts"}],"about":[{"href":"https:\/\/www.24baires.com\/index.php?rest_route=\/wp\/v2\/types\/post"}],"author":[{"embeddable":true,"href":"https:\/\/www.24baires.com\/index.php?rest_route=\/wp\/v2\/users\/4"}],"replies":[{"embeddable":true,"href":"https:\/\/www.24baires.com\/index.php?rest_route=%2Fwp%2Fv2%2Fcomments&post=8983"}],"version-history":[{"count":2,"href":"https:\/\/www.24baires.com\/index.php?rest_route=\/wp\/v2\/posts\/8983\/revisions"}],"predecessor-version":[{"id":9063,"href":"https:\/\/www.24baires.com\/index.php?rest_route=\/wp\/v2\/posts\/8983\/revisions\/9063"}],"wp:attachment":[{"href":"https:\/\/www.24baires.com\/index.php?rest_route=%2Fwp%2Fv2%2Fmedia&parent=8983"}],"wp:term":[{"taxonomy":"category","embeddable":true,"href":"https:\/\/www.24baires.com\/index.php?rest_route=%2Fwp%2Fv2%2Fcategories&post=8983"},{"taxonomy":"post_tag","embeddable":true,"href":"https:\/\/www.24baires.com\/index.php?rest_route=%2Fwp%2Fv2%2Ftags&post=8983"}],"curies":[{"name":"wp","href":"https:\/\/api.w.org\/{rel}","templated":true}]}}