{"id":8971,"date":"2012-12-13T12:19:15","date_gmt":"2012-12-13T15:19:15","guid":{"rendered":"http:\/\/www.24baires.com\/?p=8971"},"modified":"2012-12-14T10:28:26","modified_gmt":"2012-12-14T13:28:26","slug":"el-hermano-de-marita-veron-piensa-que-ella-esta-viva-y-que-no-pierde-la-esperanza-del-reencuentro","status":"publish","type":"post","link":"https:\/\/www.24baires.com\/?p=8971","title":{"rendered":"El hermano de Marita Ver\u00f3n piensa que \u00abella est\u00e1 viva\u00bb y que no pierde \u00abla esperanza del reencuentro\u00bb"},"content":{"rendered":"<p><strong>\u00abSon jueces corruptos, delincuentes como los mismos delincuentes\u00bb<\/strong> dijo Horacio Ver\u00f3n, hermano de Marita Ver\u00f3n, con respecto a los integrantes de la C\u00e1mara Federal de Apelaciones tucumana que absolvieron a los 13 acusados de haber secuestrado a su hermana, y piensa que a\u00fan est\u00e1 con vida.\u00a0<!--more--><\/p>\n<p>El hombre, que vive en R\u00edo Gallegos desde el a\u00f1o 2000, dos a\u00f1os antes del secuestro de Marita Ver\u00f3n, sostuvo en declaraciones a TN que \u00abtodo el mundo sabe c\u00f3mo se manejan las mafias, la mafia de la polic\u00eda y los mafiosos del poder judicial. Todo el mundo lo tuvo a la vista anteayer\u00bb.<\/p>\n<p>\u00abCuando secuestraron a mi hermana yo ten\u00eda 24 a\u00f1os y viaj\u00e9 a Tucum\u00e1n para ir a buscarla con ellos, con mi pap\u00e1 recorrimos prost\u00edbulos en varias provincias busc\u00e1ndola\u00bb, detall\u00f3.<\/p>\n<p>\u00abEn esos momentos recib\u00eda amenazas que me iban a matar, a mi sobrina, que nos iban a secuestrar\u00bb, record\u00f3.<\/p>\n<p>El joven se\u00f1al\u00f3 que \u00abesto tiene que llegar a un final, tenemos que saber qu\u00e9 pasa y qu\u00e9 pas\u00f3 con claridad, pero los jueces que tuvimos en el juicio son una verg\u00fcenza\u00bb.<\/p>\n<p>Ver\u00f3n sostuvo que piensa acompa\u00f1ar a su madre, Susana Trimarco, ya que ella \u00abest\u00e1 muy sola\u00bb y que el secuestro de Marita \u00abdestruy\u00f3 la familia, hoy mi viejo est\u00e1 muerto, mi hermana desaparecida\u00bb.<\/p>\n<p>\u00abEstoy seguro de que (Marita) est\u00e1 viva y nunca pierdo la esperanza del reencuentro\u00bb, afirm\u00f3.<\/p>\n<p>&nbsp;<\/p>\n<p>&nbsp;<\/p>\n<p>&nbsp;<\/p>\n<p>&nbsp;<\/p>\n<p>&nbsp;<\/p>\n<p>&nbsp;<\/p>\n<p>&nbsp;<\/p>\n<p>&nbsp;<\/p>\n<p>&nbsp;<\/p>\n<p>&nbsp;<\/p>\n<p>&nbsp;<\/p>\n<p>&nbsp;<\/p>\n<p>&nbsp;<\/p>\n<p>&nbsp;<\/p>\n","protected":false},"excerpt":{"rendered":"<p>\u00abSon jueces corruptos, delincuentes como los mismos delincuentes\u00bb dijo Horacio Ver\u00f3n, hermano de Marita Ver\u00f3n, con respecto a los integrantes de la C\u00e1mara Federal de Apelaciones tucumana que absolvieron a los 13 acusados de haber secuestrado a su hermana, y piensa que a\u00fan est\u00e1 con vida.\u00a0<\/p>\n","protected":false},"author":11,"featured_media":0,"comment_status":"open","ping_status":"open","sticky":false,"template":"","format":"standard","meta":{"_jetpack_newsletter_access":"","_jetpack_dont_email_post_to_subs":false,"_jetpack_newsletter_tier_id":0,"_jetpack_memberships_contains_paywalled_content":false,"_jetpack_memberships_contains_paid_content":false,"footnotes":""},"categories":[1],"tags":[],"class_list":["post-8971","post","type-post","status-publish","format-standard","hentry","category-sociedad"],"jetpack_featured_media_url":"","jetpack_shortlink":"https:\/\/wp.me\/p2JWE0-2kH","jetpack-related-posts":[{"id":37142,"url":"https:\/\/www.24baires.com\/?p=37142","url_meta":{"origin":8971,"position":0},"title":"Caso Marita Ver\u00f3n: designaron a los jueces que dictar\u00e1n las penas a los condenados","author":"GB","date":"19\/12\/2013","format":false,"excerpt":"Los magistrados Emilio P\u00e1ez de la Torre, Dante Iba\u00f1ez y Mar\u00eda Elisa Molina integrar\u00e1n la Sala II de la C\u00e1mara Penal, en la que otorgar\u00e1n las penas a los condenados en el marco del juicio por el secuestro y desaparici\u00f3n de Marita Ver\u00f3n en 2002. Los jueces que decidir\u00e1n las\u2026","rel":"","context":"En \u00abJUDICIALES\u00bb","block_context":{"text":"JUDICIALES","link":"https:\/\/www.24baires.com\/?cat=68"},"img":{"alt_text":"","src":"","width":0,"height":0},"classes":[]},{"id":43415,"url":"https:\/\/www.24baires.com\/?p=43415","url_meta":{"origin":8971,"position":1},"title":"Pedir\u00e1n 25 a\u00f1os de c\u00e1rcel para los acusados por el secuestro de Marita Ver\u00f3n","author":"Grupo Sierra","date":"06\/04\/2014","format":false,"excerpt":"Carlos Garmendia, abogado de Susana Trimarco, anunci\u00f3 que solicitar\u00e1 \"el m\u00e1ximo de la pena, que es de 25 a\u00f1os\", para los diez acusados de haber secuestrado a Marita Ver\u00f3n hace 12 a\u00f1os. \"Esperamos que la fiscal\u00eda pida lo mismo y que por fin se haga justicia\", dijo. \"Esperamos que la\u2026","rel":"","context":"En \u00abJUDICIALES\u00bb","block_context":{"text":"JUDICIALES","link":"https:\/\/www.24baires.com\/?cat=68"},"img":{"alt_text":"marita ver\u00f3n2","src":"https:\/\/i0.wp.com\/www.24baires.com\/wp-content\/uploads\/2013\/04\/marita-ver%C3%B3n2.jpg?resize=350%2C200","width":350,"height":200,"srcset":"https:\/\/i0.wp.com\/www.24baires.com\/wp-content\/uploads\/2013\/04\/marita-ver%C3%B3n2.jpg?resize=350%2C200 1x, https:\/\/i0.wp.com\/www.24baires.com\/wp-content\/uploads\/2013\/04\/marita-ver%C3%B3n2.jpg?resize=525%2C300 1.5x"},"classes":[]},{"id":17932,"url":"https:\/\/www.24baires.com\/?p=17932","url_meta":{"origin":8971,"position":2},"title":"\u00abHay que apoyar la decisi\u00f3n de Cristina para que a los jueces los elija el pueblo\u201d","author":"AF","date":"09\/03\/2013","format":false,"excerpt":"Susana Trimarco, la madre de Marita Ver\u00f3n, habl\u00f3 ayer viernes durante un acto realizado en Santa Rosa, La Pampa, con motivo de la conmemoraci\u00f3n del D\u00eda Internacional de la Mujer. Susana Trimarco plante\u00f3 la necesidad de terminar \"con los jueces corruptos que negocian causas por dinero, como pas\u00f3 con el\u2026","rel":"","context":"En \u00abSociedad\u00bb","block_context":{"text":"Sociedad","link":"https:\/\/www.24baires.com\/?cat=1"},"img":{"alt_text":"susana trimarco","src":"https:\/\/i0.wp.com\/www.24baires.com\/wp-content\/uploads\/2013\/01\/susana-trimarco1-300x180.jpg?resize=350%2C200","width":350,"height":200},"classes":[]},{"id":37014,"url":"https:\/\/www.24baires.com\/?p=37014","url_meta":{"origin":8971,"position":3},"title":"Revocaron el fallo del caso Marita Ver\u00f3n","author":"Grupo Sierra","date":"17\/12\/2013","format":false,"excerpt":"La Corte Suprema de Justicia de Tucum\u00e1n modific\u00f3 hoy parcialmente el fallo del juicio por el secuestro y desaparici\u00f3n de Marita Ver\u00f3n, condenando a la mayor\u00eda de los imputados, informaron voceros judiciales. Con el voto de Antonio Estof\u00e1n, Antonio Gandur y Claudia Sbdar, se decidi\u00f3 modificar la sentencia que se\u2026","rel":"","context":"En \u00abSociedad\u00bb","block_context":{"text":"Sociedad","link":"https:\/\/www.24baires.com\/?cat=1"},"img":{"alt_text":"marita ver\u00f3n2","src":"https:\/\/i0.wp.com\/www.24baires.com\/wp-content\/uploads\/2013\/04\/marita-ver%C3%B3n2-300x242.jpg?resize=350%2C200","width":350,"height":200},"classes":[]},{"id":20074,"url":"https:\/\/www.24baires.com\/?p=20074","url_meta":{"origin":8971,"position":4},"title":"Caso Marita Ver\u00f3n: acusan a los Jueces y se inicia el Jury de enjuiciamiento","author":"AF","date":"03\/04\/2013","format":false,"excerpt":"La medida fue votada por la Legislatura provincial. Se trata de dos de los tres magistrados que absolvieron a los 13 imputados por el secuestro de la joven. La comisi\u00f3n de Juicio Pol\u00edtico de la Legislatura provincial decidi\u00f3 acusar a los jueces que absolvieron a los 13 imputados en el\u2026","rel":"","context":"En \u00abSociedad\u00bb","block_context":{"text":"Sociedad","link":"https:\/\/www.24baires.com\/?cat=1"},"img":{"alt_text":"marita ver\u00f3n2","src":"https:\/\/i0.wp.com\/www.24baires.com\/wp-content\/uploads\/2013\/04\/marita-ver%C3%B3n2.jpg?resize=350%2C200","width":350,"height":200,"srcset":"https:\/\/i0.wp.com\/www.24baires.com\/wp-content\/uploads\/2013\/04\/marita-ver%C3%B3n2.jpg?resize=350%2C200 1x, https:\/\/i0.wp.com\/www.24baires.com\/wp-content\/uploads\/2013\/04\/marita-ver%C3%B3n2.jpg?resize=525%2C300 1.5x"},"classes":[]},{"id":51422,"url":"https:\/\/www.24baires.com\/?p=51422","url_meta":{"origin":8971,"position":5},"title":"Investigan si un ni\u00f1o cordob\u00e9s podr\u00eda ser hijo de \u201cMarita\u201d Ver\u00f3n","author":"GB","date":"08\/08\/2014","format":false,"excerpt":"Vivir\u00eda en una zona rural del departamento Santa Mar\u00eda con una mujer y otros tres muchachos. El fiscal Vidal Lascano solicit\u00f3 un estudio de ADN para intentar determinar si tiene el mismo patr\u00f3n gen\u00e9tico que \u201cMarita\u201d. Ahora, el estudio debe ser ordenado por el juez federal S\u00e1nchez Freytes. La Justicia\u2026","rel":"","context":"En \u00abSociedad\u00bb","block_context":{"text":"Sociedad","link":"https:\/\/www.24baires.com\/?cat=1"},"img":{"alt_text":"susana trimarco","src":"https:\/\/i0.wp.com\/www.24baires.com\/wp-content\/uploads\/2014\/08\/susana-trimarco.jpg?resize=350%2C200","width":350,"height":200,"srcset":"https:\/\/i0.wp.com\/www.24baires.com\/wp-content\/uploads\/2014\/08\/susana-trimarco.jpg?resize=350%2C200 1x, https:\/\/i0.wp.com\/www.24baires.com\/wp-content\/uploads\/2014\/08\/susana-trimarco.jpg?resize=525%2C300 1.5x"},"classes":[]}],"jetpack_sharing_enabled":true,"jetpack_likes_enabled":true,"_links":{"self":[{"href":"https:\/\/www.24baires.com\/index.php?rest_route=\/wp\/v2\/posts\/8971","targetHints":{"allow":["GET"]}}],"collection":[{"href":"https:\/\/www.24baires.com\/index.php?rest_route=\/wp\/v2\/posts"}],"about":[{"href":"https:\/\/www.24baires.com\/index.php?rest_route=\/wp\/v2\/types\/post"}],"author":[{"embeddable":true,"href":"https:\/\/www.24baires.com\/index.php?rest_route=\/wp\/v2\/users\/11"}],"replies":[{"embeddable":true,"href":"https:\/\/www.24baires.com\/index.php?rest_route=%2Fwp%2Fv2%2Fcomments&post=8971"}],"version-history":[{"count":3,"href":"https:\/\/www.24baires.com\/index.php?rest_route=\/wp\/v2\/posts\/8971\/revisions"}],"predecessor-version":[{"id":9064,"href":"https:\/\/www.24baires.com\/index.php?rest_route=\/wp\/v2\/posts\/8971\/revisions\/9064"}],"wp:attachment":[{"href":"https:\/\/www.24baires.com\/index.php?rest_route=%2Fwp%2Fv2%2Fmedia&parent=8971"}],"wp:term":[{"taxonomy":"category","embeddable":true,"href":"https:\/\/www.24baires.com\/index.php?rest_route=%2Fwp%2Fv2%2Fcategories&post=8971"},{"taxonomy":"post_tag","embeddable":true,"href":"https:\/\/www.24baires.com\/index.php?rest_route=%2Fwp%2Fv2%2Ftags&post=8971"}],"curies":[{"name":"wp","href":"https:\/\/api.w.org\/{rel}","templated":true}]}}