{"id":89674,"date":"2016-11-09T20:26:45","date_gmt":"2016-11-09T23:26:45","guid":{"rendered":"http:\/\/www.24baires.com\/?p=89674"},"modified":"2016-11-09T20:26:45","modified_gmt":"2016-11-09T23:26:45","slug":"violencia-es-mentir","status":"publish","type":"post","link":"https:\/\/www.24baires.com\/?p=89674","title":{"rendered":"Violencia es mentir"},"content":{"rendered":"<p><img data-recalc-dims=\"1\" loading=\"lazy\" decoding=\"async\" src=\"https:\/\/i0.wp.com\/www.24baires.com\/wp-content\/uploads\/2015\/09\/arroyo.jpg?resize=560%2C341\" alt=\"arroyo\" width=\"560\" height=\"341\" class=\"aligncenter size-full wp-image-71912\" srcset=\"https:\/\/i0.wp.com\/www.24baires.com\/wp-content\/uploads\/2015\/09\/arroyo.jpg?w=560&amp;ssl=1 560w, https:\/\/i0.wp.com\/www.24baires.com\/wp-content\/uploads\/2015\/09\/arroyo.jpg?resize=300%2C183&amp;ssl=1 300w\" sizes=\"auto, (max-width: 560px) 100vw, 560px\" \/>Como ya sabemos, -aun aquellos a los que m\u00e1s cost\u00f3 asumir los resultados electorales-, en el municipio de General Pueyrredon, gan\u00f3 Carlos Fernando Arroyo, un hombre de la derecha rancia de nuestro pa\u00eds. Es as\u00ed, y \u00e9l gusta de exponer sus ideas arcaicas y sectarias cada vez que abre la boca ante la prensa o en diversas reuniones a las que debe asistir por el cargo que ocupa desde hace ya casi un a\u00f1o. <!--more--><\/p>\n<p>Arroyo es un hombre mis\u00f3gino: en plena campa\u00f1a se llenaba la boca diciendo por televisi\u00f3n que \u201cLas ni\u00f1as pueden tener pelo largo, porque las mujeres pueden dedicarle cuatro horas a la cabeza\u201d y los hombres no, de ah\u00ed que quer\u00eda que sus alumnos (varones) fueran a la escuela con el pelo bien corto. Para no perder en la cabellera el tiempo que nosotras s\u00ed tenemos, evidentemente, para estar horas y horas lavando nuestras melenas.<br \/>\nArroyo es un hombre que no ve con malos ojos las \u00e9pocas de dictadura en nuestro pa\u00eds, recordemos que, cuando era concejal, ante la posibilidad de declarar visitante ilustre a Manu Chao, afirm\u00f3 que no votaba a favor porque el m\u00fasico es un \u201canarquista\u201d y \u201cEn dictadura por lo menos hay Estado\u201d. Y quienes siempre tenemos presente que nos gobierna alguien que fue orgulloso candidato de Seineld\u00edn, Obeid y Luis Patti, no nos sorprendimos con esas declaraciones. Ni qu\u00e9 decir cuando hace poco afirm\u00f3 que est\u00e1bamos mejor hace cuarenta a\u00f1os, apelando a una ingenuidad que no tenemos.<br \/>\nArroyo es un hombre que juega en contra de la cultura y la educaci\u00f3n de nuestro pueblo: intent\u00f3 prohibir las murgas, luego debi\u00f3 retirar el proyecto, enojado, porque despert\u00f3 \u2013naturalmente- gran revuelo y estaba en campa\u00f1a. Cuando asumi\u00f3 como intendente no dud\u00f3 en suprimir todo tipo de actividades  culturales y educativas gratuitas en barrios, donde la inclusi\u00f3n social era el motor que impulsaba esas pol\u00edticas que lo precedieron. Pero siempre habl\u00f3 de la seguridad, de la educaci\u00f3n\u2026 y cuando le toc\u00f3 decidir, opt\u00f3 por dejar a miles de pibes en la calle, sin opciones.<br \/>\nArroyo es un hombre xen\u00f3fobo: \u201cSi la frontera sigue siendo un colador, por donde entra cualquiera de cualquier pa\u00eds por cualquier cosa, todos de la misma nacionalidad y son expertos en cultivar coca, por ejemplo. Y no quiero nombrar al pa\u00eds por no empezar a hacer distinciones, pero usted se imagina\u201d, dijo alguna vez. Tambi\u00e9n se levant\u00f3 de su banca para no votar en contra de Carlos Pampill\u00f3n, nazi local, que estaba siendo repudiado por promover pintadas y amenazas contra la comunidad boliviana. Dicen que el racismo se cura viajando, entonces estamos fritos: Arroyo rara vez viaja, de hecho ha generado zozobra y enojos en la Gobernadora por enviar segundas l\u00edneas a reuniones claves en La Plata, cuando es su presencia la que se reclama, sobre todo si lo que necesita pedir es plata para pagar sueldos, por ejemplo. S\u00ed, tambi\u00e9n es un hombre incapacitado para la responsabilidad que deber\u00eda asumir.<br \/>\nArroyo es un hombre violento: quiso darles armas de fuego a placeros y guardavidas. \u00c9l mismo ha reconocido que ha portado armas en reiteradas oportunidades, aunque, sabemos, es abogado y docente, no polic\u00eda. Pero su soberbia hace que, si le renuncia a los diez minutos el Secretario de Seguridad,  diga que el Secretario es \u00e9l (?) y nunca nombre a nadie en ese cargo, aunque los delitos hagan todo menos disminuir, aunque tengamos femicidios que se vuelven noticias mundiales.<br \/>\nY ahora sabemos otras cosas, adem\u00e1s de la incompetencia demostrada para el cargo que el voto popular le dio. Arroyo es un hombre mentiroso: durante el derrotero entre elecciones, dijo que la violencia de g\u00e9nero \u201ces un tema menor\u201d. Y, luego de decir que se gastan plata en campa\u00f1as de moda como la de Ni Una Menos, seg\u00fan afirm\u00f3 Mar\u00eda In\u00e9s Ben\u00edtez, presidenta de la sociedad de fomento Playa Serena, dice que la violencia de g\u00e9nero es un tema que siempre lo preocup\u00f3. Y miente. Como acabamos de demostrar, cotejando otros dichos suyos, en otras circunstancias. Como cuando vot\u00f3 en contra de un proyecto que pretend\u00eda expresar el benepl\u00e1cito por la incorporaci\u00f3n de la figura de femicidio al C\u00f3digo Penal.<br \/>\n\u00bfSe dar\u00e1 cuenta que \u00e9l promueve la violencia hacia las mujeres? Ni siquiera me detendr\u00e9 en el hecho horrible de que ni siquiera haya cumplido con la familia de Luc\u00eda cuando les prometi\u00f3 correr con los gastos del entierro de la nena asesinada brutalmente, haciendo que su madre deba sacar un cr\u00e9dito para poder darle sepultura a los restos de su hija. Genera violencia cuando dice que nosotras tenemos todo el tiempo libre del mundo para gastarlo en peinarnos, demostrando, as\u00ed, su concepto general sobre la mujer. Porque \u00e9l cree, -as\u00ed lo manifest\u00f3 hace d\u00edas-, que la mejor forma de \u201ccuidarnos\u201d es que nos quedemos encerradas en nuestras casas atendiendo a nuestros hijos.<br \/>\nEntonces que Arroyo asuma lo que dice, que se conecta con perfecci\u00f3n de relojer\u00eda suiza con lo que piensa. Que no mienta, que no subestime nuestra inteligencia ni nuestra memoria. Que sepa, mientras porta con majestuosa impostura su piloto azul cana, que el Ni Una Menos es un moj\u00f3n de lucha, no una campa\u00f1a de moda para \u201cgastar\u201d plata. Que lo que para \u00e9l es un tema menor, para nosotras es de vida o muerte, marcando con sangre la literalidad repetida.<br \/>\nVivimos en un mundo donde el reba\u00f1o vota al lobo, como demostr\u00f3 Argentina el a\u00f1o pasado, como hoy nos enteramos que ocurre en Norteam\u00e9rica, faro proyector de ejemplos para muchos, incluso el mismo intendente. Vivimos en una ciudad donde nos gobierna un triceratops mis\u00f3gino, miembro dilecto de una sociedad patriarcal que elige representantes machistas. Vivimos en una ciudad donde ahora nadie puede decir que es una campa\u00f1a sucia, donde ya nadie podr\u00eda aducir que no sabe. <\/p>\n","protected":false},"excerpt":{"rendered":"<p>Como ya sabemos, -aun aquellos a los que m\u00e1s cost\u00f3 asumir los resultados electorales-, en el municipio de General Pueyrredon, gan\u00f3 Carlos Fernando Arroyo, un hombre de la derecha rancia de nuestro pa\u00eds. Es as\u00ed, y \u00e9l gusta de exponer sus ideas arcaicas y sectarias cada vez que abre la boca ante la prensa o en diversas reuniones a las [&#8230;]<\/p>\n","protected":false},"author":8,"featured_media":0,"comment_status":"open","ping_status":"open","sticky":false,"template":"","format":"standard","meta":{"_jetpack_newsletter_access":"","_jetpack_dont_email_post_to_subs":false,"_jetpack_newsletter_tier_id":0,"_jetpack_memberships_contains_paywalled_content":false,"_jetpack_memberships_contains_paid_content":false,"footnotes":""},"categories":[64],"tags":[],"class_list":["post-89674","post","type-post","status-publish","format-standard","hentry","category-opinion"],"jetpack_featured_media_url":"","jetpack_shortlink":"https:\/\/wp.me\/p2JWE0-nkm","jetpack-related-posts":[{"id":52158,"url":"https:\/\/www.24baires.com\/?p=52158","url_meta":{"origin":89674,"position":0},"title":"Jun\u00edn: Fueron detenidos por torturar a un perro pero los liberaron","author":"Grupo Sierra","date":"20\/08\/2014","format":false,"excerpt":"Las tres personas fueron detenidas en la ciudad bonaerense al ser sorprendidos torturando al animal, colg\u00e1ndolo de un puente. Los individuos colgaron al can para golpearlo y sumergirlo en el agua en repetidas oportunidades. Un jefe policial inform\u00f3 que los imputados, de 16, 23 y 30 a\u00f1os, fueron detenidos por\u2026","rel":"","context":"En \u00abSociedad\u00bb","block_context":{"text":"Sociedad","link":"https:\/\/www.24baires.com\/?cat=1"},"img":{"alt_text":"perro","src":"https:\/\/i0.wp.com\/www.24baires.com\/wp-content\/uploads\/2014\/08\/perro-300x225.jpg?resize=350%2C200","width":350,"height":200},"classes":[]},{"id":93353,"url":"https:\/\/www.24baires.com\/?p=93353","url_meta":{"origin":89674,"position":1},"title":"Encuentran calcinado a un hombre atado con un cable al cuello en Ezeiza","author":"AF","date":"27\/03\/2017","format":false,"excerpt":"El cad\u00e1ver calcinado de un hombre, con un cable atado al cuello, fue encontrado en las \u00faltimas horas cerca de un arroyo de la localidad bonaerense de Carlos Spegazzini, partido de Ezeiza. El cuerpo fue hallado el s\u00e1bado a la ma\u00f1ana en un terreno situado en el cruce de las\u2026","rel":"","context":"En \u00abPoliciales\u00bb","block_context":{"text":"Policiales","link":"https:\/\/www.24baires.com\/?cat=49"},"img":{"alt_text":"","src":"https:\/\/i0.wp.com\/www.24baires.com\/wp-content\/uploads\/2014\/04\/polic%C3%ADa-cient%C3%ADfica.jpg?resize=350%2C200","width":350,"height":200,"srcset":"https:\/\/i0.wp.com\/www.24baires.com\/wp-content\/uploads\/2014\/04\/polic%C3%ADa-cient%C3%ADfica.jpg?resize=350%2C200 1x, https:\/\/i0.wp.com\/www.24baires.com\/wp-content\/uploads\/2014\/04\/polic%C3%ADa-cient%C3%ADfica.jpg?resize=525%2C300 1.5x"},"classes":[]},{"id":53615,"url":"https:\/\/www.24baires.com\/?p=53615","url_meta":{"origin":89674,"position":2},"title":"Son cuatro los detenidos por la desaparici\u00f3n de Melina Romero: contin\u00faa la b\u00fasqueda","author":"GB","date":"14\/09\/2014","format":false,"excerpt":"Un hombre de 44 a\u00f1os fue aprehendido en las \u00faltimas horas acusado de haber participado en la desaparici\u00f3n de la adolescente buscada desde hace 22 d\u00edas cuando fue a bailar, y ya suman cuatro los sospechosos detenidos, informaron fuentes judiciales y policiales. La fiscal Mar\u00eda Fernanda Billone indag\u00f3 al sospechoso,\u2026","rel":"","context":"En \u00abPoliciales\u00bb","block_context":{"text":"Policiales","link":"https:\/\/www.24baires.com\/?cat=49"},"img":{"alt_text":"melina romero","src":"https:\/\/i0.wp.com\/www.24baires.com\/wp-content\/uploads\/2014\/09\/melina-romero.jpg?resize=350%2C200","width":350,"height":200,"srcset":"https:\/\/i0.wp.com\/www.24baires.com\/wp-content\/uploads\/2014\/09\/melina-romero.jpg?resize=350%2C200 1x, https:\/\/i0.wp.com\/www.24baires.com\/wp-content\/uploads\/2014\/09\/melina-romero.jpg?resize=525%2C300 1.5x"},"classes":[]},{"id":39158,"url":"https:\/\/www.24baires.com\/?p=39158","url_meta":{"origin":89674,"position":3},"title":"Villa Dom\u00ednico: encontraron en un arroyo el cuerpo de un hombre","author":"GB","date":"24\/01\/2014","format":false,"excerpt":"Sergio Di Santo, de 22 a\u00f1os, apareci\u00f3 en la orilla del arroyo Santo Domingo. Testigos dijeron haber visto c\u00f3mo cinco hombres hab\u00edan golpeado y arrojado al agua. La polic\u00eda de Avellaneda detuvo a tres sospechosos, imputados por homicidio. Otros dos siguen pr\u00f3fugos. El cuerpo de Sergio Di Santo apareci\u00f3 en\u2026","rel":"","context":"En \u00abPoliciales\u00bb","block_context":{"text":"Policiales","link":"https:\/\/www.24baires.com\/?cat=49"},"img":{"alt_text":"","src":"","width":0,"height":0},"classes":[]},{"id":4010,"url":"https:\/\/www.24baires.com\/?p=4010","url_meta":{"origin":89674,"position":4},"title":"Hallaron en un arroyo el cuerpo del chico desaparecido en Olavarr\u00eda","author":"Grupo Sierra","date":"31\/10\/2012","format":false,"excerpt":"El cuerpo sin vida del joven desaparecido fue encontrado alrededor de las 18 en el arroyo Tapalqu\u00e9 a la altura de la calle Necochea. Fue descubierto por un hombre que se encontraba pescando. Un amplio operativo policial se despleg\u00f3 en la zona. La fiscal y los jefes de la Polic\u00eda\u2026","rel":"","context":"En \u00ab\u00daltimo Momento\u00bb","block_context":{"text":"\u00daltimo Momento","link":"https:\/\/www.24baires.com\/?cat=55"},"img":{"alt_text":"","src":"","width":0,"height":0},"classes":[]},{"id":93258,"url":"https:\/\/www.24baires.com\/?p=93258","url_meta":{"origin":89674,"position":5},"title":"Hallaron pelos y restos de tela en el lugar que apareci\u00f3 el nene mutilado","author":"GB","date":"22\/03\/2017","format":false,"excerpt":"Los investigadores que intentan esclarecer el asesinato del nene de dos a\u00f1os que fue hallado mutilado en una ruta de Miramar encontraron este mi\u00e9rcoles pelos y restos de tela que podr\u00edan ayudar a la pesquisa para identificar a la v\u00edctima. Asimismo, la justicia dispuso realizar una pormenorizada b\u00fasqueda de la\u2026","rel":"","context":"En \u00abPoliciales\u00bb","block_context":{"text":"Policiales","link":"https:\/\/www.24baires.com\/?cat=49"},"img":{"alt_text":"","src":"https:\/\/i0.wp.com\/www.24baires.com\/wp-content\/uploads\/2017\/03\/nene-mutilado.jpg?resize=350%2C200","width":350,"height":200,"srcset":"https:\/\/i0.wp.com\/www.24baires.com\/wp-content\/uploads\/2017\/03\/nene-mutilado.jpg?resize=350%2C200 1x, https:\/\/i0.wp.com\/www.24baires.com\/wp-content\/uploads\/2017\/03\/nene-mutilado.jpg?resize=525%2C300 1.5x"},"classes":[]}],"jetpack_sharing_enabled":true,"jetpack_likes_enabled":true,"_links":{"self":[{"href":"https:\/\/www.24baires.com\/index.php?rest_route=\/wp\/v2\/posts\/89674","targetHints":{"allow":["GET"]}}],"collection":[{"href":"https:\/\/www.24baires.com\/index.php?rest_route=\/wp\/v2\/posts"}],"about":[{"href":"https:\/\/www.24baires.com\/index.php?rest_route=\/wp\/v2\/types\/post"}],"author":[{"embeddable":true,"href":"https:\/\/www.24baires.com\/index.php?rest_route=\/wp\/v2\/users\/8"}],"replies":[{"embeddable":true,"href":"https:\/\/www.24baires.com\/index.php?rest_route=%2Fwp%2Fv2%2Fcomments&post=89674"}],"version-history":[{"count":1,"href":"https:\/\/www.24baires.com\/index.php?rest_route=\/wp\/v2\/posts\/89674\/revisions"}],"predecessor-version":[{"id":89675,"href":"https:\/\/www.24baires.com\/index.php?rest_route=\/wp\/v2\/posts\/89674\/revisions\/89675"}],"wp:attachment":[{"href":"https:\/\/www.24baires.com\/index.php?rest_route=%2Fwp%2Fv2%2Fmedia&parent=89674"}],"wp:term":[{"taxonomy":"category","embeddable":true,"href":"https:\/\/www.24baires.com\/index.php?rest_route=%2Fwp%2Fv2%2Fcategories&post=89674"},{"taxonomy":"post_tag","embeddable":true,"href":"https:\/\/www.24baires.com\/index.php?rest_route=%2Fwp%2Fv2%2Ftags&post=89674"}],"curies":[{"name":"wp","href":"https:\/\/api.w.org\/{rel}","templated":true}]}}