{"id":8943,"date":"2012-12-13T10:59:30","date_gmt":"2012-12-13T13:59:30","guid":{"rendered":"http:\/\/www.24baires.com\/?p=8943"},"modified":"2012-12-13T11:53:01","modified_gmt":"2012-12-13T14:53:01","slug":"fueron-desvinculados-de-sus-cargos-tres-jefes-de-la-cupula-de-policia","status":"publish","type":"post","link":"https:\/\/www.24baires.com\/?p=8943","title":{"rendered":"Fueron desvinculados de sus cargos tres jefes de la c\u00fapula de Polic\u00eda bonaerense"},"content":{"rendered":"<p>El ministerio de Justicia y Seguridad bonaerense dispuso el desplazamiento de tres jefes de la c\u00fapula de la fuerza, uno de ellos se\u00f1alado por la comisi\u00f3n que investig\u00f3 el crimen de <strong>Candela Sol Rodr\u00edguez<\/strong>.<!--more--><\/p>\n<p>Fuentes de la fuerza informaron que los tres uniformados que ya no est\u00e1n en sus respectivos cargos son el superintendente de Seguridad Siniestral, Roberto Castronuovo; el de Delitos Complejos y Crimen Organizado, Walter Carballo; y el de Seguridad Interior Norte-Oeste, Sergio Zudaire<\/p>\n<p>Todos ellos superaron los 30 a\u00f1os de servicio en la fuerza, por lo que al llegar a ese tiempo el Ministerio puede disponer sus respectivos retiros, como ocurri\u00f3 ahora.<\/p>\n<p>Castronuovo era el superintendente de Investigaciones, pero en enero pasado fue trasladado a Siniestral (varios cargos m\u00e1s abajo en la c\u00fapula), luego de quedar involucrado con uno de los detenidos por el crimen de Candela Rodr\u00edguez, H\u00e9ctor el \u201cTopo\u201d Moreira, quien ser\u00eda informante del uniformado.<\/p>\n<p>Justamente, la comisi\u00f3n en el Senado provincial que investig\u00f3 el crimen de la peque\u00f1a Candela Rodr\u00edguez en Hurlingham y que fue impulsada por el vicegobernador Gabriel Mariotto, hab\u00eda apuntado contra \u00e9ste y otros jefes de la c\u00fapula de la fuerza y solicit\u00f3 su exoneraci\u00f3n de la Polic\u00eda.<\/p>\n<p>En lugar de Castronuovo asumir\u00e1 el comisario mayor Marcelo Seal, quien era el director de Gesti\u00f3n y Planificaci\u00f3n en esa superintendencia, un virtual subjefe.<\/p>\n<p>Por su parte, Carballo ser\u00e1 reemplazado por el comisario mayor Vicente Melito (titular de la DDI de Quilmes) y por Zudaire lo har\u00e1 el jefe de la Departamental Pilar, comisario mayor Gustavo Reale.<\/p>\n<p>En lugar de Reale no hubo un reemplazante oficial, pero por el momento se hizo cargo en forma interina el subjefe de la Departamental Pilar, el comisario inspector Arturo Ram\u00f3n \u00c1lvarez.<\/p>\n<p>Una situaci\u00f3n similar ocurre en la DDI de Quilmes, que hasta el momento qued\u00f3 a cargo del comisario Ariel Silva, que hasta ahora era el n\u00famero dos de Melito.<\/p>\n<p>En tanto, no se descartan m\u00e1s cambios en los pr\u00f3ximos d\u00edas, los cuales son habituales a esta altura del a\u00f1o. Y en ese contexto existen especulaciones en torno del jefe de la fuerza Hugo Matzkin, tambi\u00e9n duramente cuestionado en el informe de la comisi\u00f3n Candela.<\/p>\n<p>Entre otras modificaciones, se aguardan algunos retoques en diversas dependencias de la Departamental La Plata.<\/p>\n","protected":false},"excerpt":{"rendered":"<p>El ministerio de Justicia y Seguridad bonaerense dispuso el desplazamiento de tres jefes de la c\u00fapula de la fuerza, uno de ellos se\u00f1alado por la comisi\u00f3n que investig\u00f3 el crimen de Candela Sol Rodr\u00edguez.<\/p>\n","protected":false},"author":4,"featured_media":0,"comment_status":"open","ping_status":"open","sticky":false,"template":"","format":"standard","meta":{"_jetpack_newsletter_access":"","_jetpack_dont_email_post_to_subs":false,"_jetpack_newsletter_tier_id":0,"_jetpack_memberships_contains_paywalled_content":false,"_jetpack_memberships_contains_paid_content":false,"footnotes":""},"categories":[1],"tags":[],"class_list":["post-8943","post","type-post","status-publish","format-standard","hentry","category-sociedad"],"jetpack_featured_media_url":"","jetpack_shortlink":"https:\/\/wp.me\/p2JWE0-2kf","jetpack-related-posts":[{"id":32193,"url":"https:\/\/www.24baires.com\/?p=32193","url_meta":{"origin":8943,"position":0},"title":"Granados design\u00f3 una nueva c\u00fapula provincial","author":"GB","date":"20\/09\/2013","format":false,"excerpt":"El flamante ministro de Seguridad bonaerense, Alejandro Granados, puso en funciones a los nuevos superintendentes que conforman la c\u00fapula de la Polic\u00eda bonaerense, en la que ratific\u00f3 al comisario general Hugo Matzkin como Superintendente General de la fuerza. \u201cEl equipo est\u00e1 armado, ahora a la cancha\u201d, sostuvo el ex intendente\u2026","rel":"","context":"En \u00abPol\u00edtica\u00bb","block_context":{"text":"Pol\u00edtica","link":"https:\/\/www.24baires.com\/?cat=51"},"img":{"alt_text":"granados","src":"https:\/\/i0.wp.com\/www.24baires.com\/wp-content\/uploads\/2013\/09\/granados.jpg?resize=350%2C200","width":350,"height":200},"classes":[]},{"id":77517,"url":"https:\/\/www.24baires.com\/?p=77517","url_meta":{"origin":8943,"position":1},"title":"Ritondo desplaz\u00f3 a siete comisarios de la c\u00fapula de la Polic\u00eda Bonaerense","author":"GB","date":"12\/01\/2016","format":false,"excerpt":"A d\u00edas de la triple fuga, el ministro de Seguridad de la Provincia de Buenos Aires Cristian Ritondo dispuso el pase a retiro activo obligatoriode siete comisarios generales que integraban la c\u00fapula de la Polic\u00eda bonaerense. El Ministerio de Seguridad de la Provincia de Buenos Aires, comandado por Cristian Ritondo,\u2026","rel":"","context":"En \u00abProvincia\u00bb","block_context":{"text":"Provincia","link":"https:\/\/www.24baires.com\/?cat=40"},"img":{"alt_text":"ritondo seguridad","src":"https:\/\/i0.wp.com\/www.24baires.com\/wp-content\/uploads\/2015\/12\/ritondo-seguridad.jpg?resize=350%2C200","width":350,"height":200,"srcset":"https:\/\/i0.wp.com\/www.24baires.com\/wp-content\/uploads\/2015\/12\/ritondo-seguridad.jpg?resize=350%2C200 1x, https:\/\/i0.wp.com\/www.24baires.com\/wp-content\/uploads\/2015\/12\/ritondo-seguridad.jpg?resize=525%2C300 1.5x"},"classes":[]},{"id":9524,"url":"https:\/\/www.24baires.com\/?p=9524","url_meta":{"origin":8943,"position":2},"title":"Casal neg\u00f3 que la salida del Jefe Policial fuera a pedido de la Comisi\u00f3n Candela del Senado","author":"Grupo Sierra","date":"17\/12\/2012","format":false,"excerpt":"LA PLATA- El ministro de Justicia y Seguridad bonaerense, en compa\u00f1\u00eda del Gobernador Daniel Scioli encabez\u00f3 el acto de egreso de 367 oficiales penitenciarios que trabajar\u00e1n en las 59 instituciones penales de la provincia. Neg\u00f3 que la salida de Castronuovo haya sido por pedido de la Comisi\u00f3n Candela del Senado.\u2026","rel":"","context":"En \u00abProvincia\u00bb","block_context":{"text":"Provincia","link":"https:\/\/www.24baires.com\/?cat=40"},"img":{"alt_text":"CASAL 24 BAIRES","src":"https:\/\/i0.wp.com\/www.24baires.com\/wp-content\/uploads\/2012\/12\/CASAL-24-BAIRES.jpg?resize=350%2C200","width":350,"height":200,"srcset":"https:\/\/i0.wp.com\/www.24baires.com\/wp-content\/uploads\/2012\/12\/CASAL-24-BAIRES.jpg?resize=350%2C200 1x, https:\/\/i0.wp.com\/www.24baires.com\/wp-content\/uploads\/2012\/12\/CASAL-24-BAIRES.jpg?resize=525%2C300 1.5x"},"classes":[]},{"id":93947,"url":"https:\/\/www.24baires.com\/?p=93947","url_meta":{"origin":8943,"position":3},"title":"Har\u00e1n rinoscopias a efectivos de la Polic\u00eda Bonaerense","author":"AF","date":"20\/04\/2017","format":false,"excerpt":"El Gobierno provincial anunciar\u00e1 de manera oficial que ampliar\u00e1 el pedido de declaraciones juradas a los escalafones m\u00e1s bajos de la Polic\u00eda Bonaerense y que sumar\u00e1 controles antidoping aleatorios entre los integrantes de esta fuerza de seguridad. En concreto, la totalidad de los efectivos de la Polic\u00eda Bonaerense deber\u00e1 someterse\u2026","rel":"","context":"En \u00abSociedad\u00bb","block_context":{"text":"Sociedad","link":"https:\/\/www.24baires.com\/?cat=1"},"img":{"alt_text":"","src":"https:\/\/i0.wp.com\/www.24baires.com\/wp-content\/uploads\/2014\/11\/Policia-Mujeres-600x329.jpg?resize=350%2C200","width":350,"height":200,"srcset":"https:\/\/i0.wp.com\/www.24baires.com\/wp-content\/uploads\/2014\/11\/Policia-Mujeres-600x329.jpg?resize=350%2C200 1x, https:\/\/i0.wp.com\/www.24baires.com\/wp-content\/uploads\/2014\/11\/Policia-Mujeres-600x329.jpg?resize=525%2C300 1.5x"},"classes":[]},{"id":94241,"url":"https:\/\/www.24baires.com\/?p=94241","url_meta":{"origin":8943,"position":4},"title":"Pasan a retiro a parte de la c\u00fapula de la Polic\u00eda Bonaerense","author":"AF","date":"03\/05\/2017","format":false,"excerpt":"El Ministerio de Seguridad de la provincia de Buenos Aires, dispuso hoy el pase a retiro activo obligatorio de siete comisarios generales que estaban a cargo de las Superintendencias de Seguridad Regi\u00f3n Atl\u00e1ntica, La Plata y Amba Sur; y de las Superintendencias de Investigaciones en Funci\u00f3n Judicial, Polic\u00eda Cient\u00edfica, Comunicaciones,\u2026","rel":"","context":"En \u00abProvincia\u00bb","block_context":{"text":"Provincia","link":"https:\/\/www.24baires.com\/?cat=40"},"img":{"alt_text":"","src":"https:\/\/i0.wp.com\/www.24baires.com\/wp-content\/uploads\/2017\/05\/vidal-polic%C3%ADa.jpg?resize=350%2C200","width":350,"height":200,"srcset":"https:\/\/i0.wp.com\/www.24baires.com\/wp-content\/uploads\/2017\/05\/vidal-polic%C3%ADa.jpg?resize=350%2C200 1x, https:\/\/i0.wp.com\/www.24baires.com\/wp-content\/uploads\/2017\/05\/vidal-polic%C3%ADa.jpg?resize=525%2C300 1.5x"},"classes":[]},{"id":43128,"url":"https:\/\/www.24baires.com\/?p=43128","url_meta":{"origin":8943,"position":5},"title":"A guardar, a guardar: Granados removi\u00f3 parte de la c\u00fapula policial","author":"Grupo Sierra","date":"01\/04\/2014","format":false,"excerpt":"A siete meses de su asunci\u00f3n, y en medio de la disputa por las Polic\u00edas Municipales, el ministro de Seguridad bonaerense dispuso cambios en la conducci\u00f3n policial. La medida incluye la creaci\u00f3n del \u00e1rea de subcoordinaci\u00f3n operativa e implica cambios en diferentes superintendencias. Adem\u00e1s se dividi\u00f3 en dos la superintendencia\u2026","rel":"","context":"En \u00abProvincia\u00bb","block_context":{"text":"Provincia","link":"https:\/\/www.24baires.com\/?cat=40"},"img":{"alt_text":"Granados - nueva c\u00fapula policial 01","src":"https:\/\/i0.wp.com\/www.24baires.com\/wp-content\/uploads\/2014\/01\/Granados-nueva-c%C3%BApula-policial-01.jpg?resize=350%2C200","width":350,"height":200,"srcset":"https:\/\/i0.wp.com\/www.24baires.com\/wp-content\/uploads\/2014\/01\/Granados-nueva-c%C3%BApula-policial-01.jpg?resize=350%2C200 1x, https:\/\/i0.wp.com\/www.24baires.com\/wp-content\/uploads\/2014\/01\/Granados-nueva-c%C3%BApula-policial-01.jpg?resize=525%2C300 1.5x"},"classes":[]}],"jetpack_sharing_enabled":true,"jetpack_likes_enabled":true,"_links":{"self":[{"href":"https:\/\/www.24baires.com\/index.php?rest_route=\/wp\/v2\/posts\/8943","targetHints":{"allow":["GET"]}}],"collection":[{"href":"https:\/\/www.24baires.com\/index.php?rest_route=\/wp\/v2\/posts"}],"about":[{"href":"https:\/\/www.24baires.com\/index.php?rest_route=\/wp\/v2\/types\/post"}],"author":[{"embeddable":true,"href":"https:\/\/www.24baires.com\/index.php?rest_route=\/wp\/v2\/users\/4"}],"replies":[{"embeddable":true,"href":"https:\/\/www.24baires.com\/index.php?rest_route=%2Fwp%2Fv2%2Fcomments&post=8943"}],"version-history":[{"count":4,"href":"https:\/\/www.24baires.com\/index.php?rest_route=\/wp\/v2\/posts\/8943\/revisions"}],"predecessor-version":[{"id":8970,"href":"https:\/\/www.24baires.com\/index.php?rest_route=\/wp\/v2\/posts\/8943\/revisions\/8970"}],"wp:attachment":[{"href":"https:\/\/www.24baires.com\/index.php?rest_route=%2Fwp%2Fv2%2Fmedia&parent=8943"}],"wp:term":[{"taxonomy":"category","embeddable":true,"href":"https:\/\/www.24baires.com\/index.php?rest_route=%2Fwp%2Fv2%2Fcategories&post=8943"},{"taxonomy":"post_tag","embeddable":true,"href":"https:\/\/www.24baires.com\/index.php?rest_route=%2Fwp%2Fv2%2Ftags&post=8943"}],"curies":[{"name":"wp","href":"https:\/\/api.w.org\/{rel}","templated":true}]}}