{"id":8938,"date":"2012-12-13T13:00:40","date_gmt":"2012-12-13T16:00:40","guid":{"rendered":"http:\/\/www.24baires.com\/?p=8938"},"modified":"2012-12-13T13:16:08","modified_gmt":"2012-12-13T16:16:08","slug":"piden-procesar-a-de-la-rua-por-los-5-muertos-que-dejo-la-represion-de-diciembre-de-2001","status":"publish","type":"post","link":"https:\/\/www.24baires.com\/?p=8938","title":{"rendered":"Piden procesar a De la R\u00faa por 5 de los muertos que dej\u00f3 la represi\u00f3n de diciembre de 2001"},"content":{"rendered":"<p>El Centro de Estudios Legales y Sociales (CELS) pidi\u00f3 este mi\u00e9rcoles el procesamiento del ex presidente <strong>Fernando De la R\u00faa<\/strong> por el <strong>homicidio culposo<\/strong> de cinco personas durante la brutal represi\u00f3n del <strong>19 y 20 de diciembre de 2001<\/strong>, en la antesala de la ca\u00edda de su Gobierno.<!--more--><\/p>\n<p>En la audiencia, a la cual no asisti\u00f3 el ex presidente, quien no estaba obligado a hacerlo, el abogado defensor Miguel \u00c1ngel Almeyra pidi\u00f3 en cambio mantener el sobreseimiento de De la R\u00faa, al que se acusa por homicidio y lesiones varias culposas.<\/p>\n<p>Ante los jueces de la C\u00e1mara Federal de Casaci\u00f3n Eduardo Riggi, Ra\u00fal Madue\u00f1o y Luis Mar\u00eda Cabral, el querellante Rodrigo Borda, del CELS, cuestion\u00f3 que el entonces Presidente haya fijado el estado de sitio, lo que deriv\u00f3 en la represi\u00f3n policial.<\/p>\n<p>En su alegato, la querella sostuvo que m\u00e1s all\u00e1 de delegar facultades, el ex presidente ten\u00eda la \u00abfacultad de control\u00bb sobre el accionar policial y la represi\u00f3n en esas jornadas en las inmediaciones del Obelisco y la Plaza de Mayo.<\/p>\n<p>\u00abTen\u00eda cuanto menos la obligaci\u00f3n de controlar el accionar de la Polic\u00eda\u00bb, dijo el letrado del CELS, quien catalog\u00f3 luego de \u00ablamentable\u00bb la ausencia en la audiencia del fiscal de Casaci\u00f3n Ricardo Wechsler.<\/p>\n<p>En ese sentido, sostuvo que fue una \u00abdecisi\u00f3n an\u00f3mala\u00bb la de imponer el estado de sitio y remarc\u00f3 que De la R\u00faa no consult\u00f3 sobre ello al Congreso de la Naci\u00f3n.<\/p>\n<p>A su turno, el defensor Almeyra sostuvo que el entonces Presidente reci\u00e9n se enter\u00f3 de las muertes e incidentes a las 16:00 del 20 de diciembre de 2001, a pocas horas de disponer su renuncia.<\/p>\n<p>Seg\u00fan indic\u00f3 el defensor, hab\u00eda una \u00ablimitaci\u00f3n\u00bb en consultar al Congreso de la Naci\u00f3n porque estaba en sesiones extraordinarias. De la R\u00faa \u00abintentaba salvar las instituciones, la Rep\u00fablica se derrumbaba\u00bb, argument\u00f3 el defensor.<\/p>\n<p>Adem\u00e1s, justific\u00f3 que la responsabilidad culposa \u00abdebe tener un l\u00edmite, no es posible llegar al infinito\u00bb, bas\u00e1ndose en jurisprudencia.<\/p>\n<p>De la R\u00faa est\u00e1 temporalmente sobrese\u00eddo a ra\u00edz de una decisi\u00f3n dictada por la Sala II de la C\u00e1mara Federal.<\/p>\n<p>Por lo pronto, los \u00fanicos ex funcionarios acusados son el entonces secretario de Seguridad, Enrique Mathov; y el ex titular de la Polic\u00eda Federal Rub\u00e9n Santos, quienes podr\u00edan ser juzgados en el primer debate oral por esos hechos, que probablemente se realizar\u00e1 en 2013.<\/p>\n","protected":false},"excerpt":{"rendered":"<p>El Centro de Estudios Legales y Sociales (CELS) pidi\u00f3 este mi\u00e9rcoles el procesamiento del ex presidente Fernando De la R\u00faa por el homicidio culposo de cinco personas durante la brutal represi\u00f3n del 19 y 20 de diciembre de 2001, en la antesala de la ca\u00edda de su Gobierno.<\/p>\n","protected":false},"author":4,"featured_media":0,"comment_status":"open","ping_status":"open","sticky":false,"template":"","format":"standard","meta":{"_jetpack_newsletter_access":"","_jetpack_dont_email_post_to_subs":false,"_jetpack_newsletter_tier_id":0,"_jetpack_memberships_contains_paywalled_content":false,"_jetpack_memberships_contains_paid_content":false,"footnotes":""},"categories":[1],"tags":[],"class_list":["post-8938","post","type-post","status-publish","format-standard","hentry","category-sociedad"],"jetpack_featured_media_url":"","jetpack_shortlink":"https:\/\/wp.me\/p2JWE0-2ka","jetpack-related-posts":[{"id":15561,"url":"https:\/\/www.24baires.com\/?p=15561","url_meta":{"origin":8938,"position":0},"title":"Buscan revertir el sobreseimiento a De la R\u00faa por las represiones de 2001","author":"AF","date":"13\/02\/2013","format":false,"excerpt":"Un recurso extraordinario presentado por el fiscal de la C\u00e1mara Federal de Casaci\u00f3n penal, Ricardo Wechsler, busca revertir el sobreseimiento al ex presidente por las represiones de 2001 y adem\u00e1s pretende llevar el caso ante la Corte Suprema de Justicia de la Naci\u00f3n. El dictamen anterior hab\u00eda sido firmado por\u2026","rel":"","context":"En \u00abPol\u00edtica\u00bb","block_context":{"text":"Pol\u00edtica","link":"https:\/\/www.24baires.com\/?cat=51"},"img":{"alt_text":"","src":"","width":0,"height":0},"classes":[]},{"id":58846,"url":"https:\/\/www.24baires.com\/?p=58846","url_meta":{"origin":8938,"position":1},"title":"\u00abHay pruebas para revertir el sobreseimiento de De la R\u00faa\u00bb, afirma un querellante","author":"GB","date":"18\/12\/2014","format":false,"excerpt":"Maximiliano Medina, abogado del Centro de Estudios Legales y Sociales (CELS), que encabeza la querella en el juicio oral que se lleva a cabo por la represi\u00f3n del 20 de diciembre de 2001, consider\u00f3 que \"existen en la causa suficientes elementos de prueba como para revertir el sobreseimiento\" del ex\u2026","rel":"","context":"En \u00abPol\u00edtica\u00bb","block_context":{"text":"Pol\u00edtica","link":"https:\/\/www.24baires.com\/?cat=51"},"img":{"alt_text":"Fernando de la R\u00faa","src":"https:\/\/i0.wp.com\/www.24baires.com\/wp-content\/uploads\/2012\/12\/de-la-r%C3%BAa-253x300.jpg?resize=350%2C200","width":350,"height":200},"classes":[]},{"id":41017,"url":"https:\/\/www.24baires.com\/?p=41017","url_meta":{"origin":8938,"position":2},"title":"Comenz\u00f3 el juicio por la represi\u00f3n de diciembre de 2001","author":"GB","date":"24\/02\/2014","format":false,"excerpt":"COMODORO PY-El proceso por los cr\u00edmenes cometidos en el \u00e1mbito de Capital, en los d\u00edas previos a la ca\u00edda de De la R\u00faa se puso en marcha esta ma\u00f1ana en la Sala AMIA de los tribunales federales de Retiro, colmada de p\u00fablico. Entre los presentes est\u00e1 un grupo de Madres\u2026","rel":"","context":"En \u00abJUDICIALES\u00bb","block_context":{"text":"JUDICIALES","link":"https:\/\/www.24baires.com\/?cat=68"},"img":{"alt_text":"2001","src":"https:\/\/i0.wp.com\/www.24baires.com\/wp-content\/uploads\/2014\/02\/2001.jpg?resize=350%2C200","width":350,"height":200,"srcset":"https:\/\/i0.wp.com\/www.24baires.com\/wp-content\/uploads\/2014\/02\/2001.jpg?resize=350%2C200 1x, https:\/\/i0.wp.com\/www.24baires.com\/wp-content\/uploads\/2014\/02\/2001.jpg?resize=525%2C300 1.5x"},"classes":[]},{"id":65843,"url":"https:\/\/www.24baires.com\/?p=65843","url_meta":{"origin":8938,"position":3},"title":"El CELS eval\u00faa apelar ante la CIDH el sobreseimiento a De la Rua","author":"AF","date":"13\/05\/2015","format":false,"excerpt":"El director del \u00c1rea de Litigios del Centro de Estudios Legales y Sociales, Diego Morales, confirm\u00f3 que el organismo analiza \u201capelar ante instancias internacionales\u201d tras conocer el fallo del m\u00e1ximo tribunal que ratific\u00f3 el sobreseimiento al ex presidente por la represi\u00f3n de diciembre de 2001. \u201cEstudiamos la posibilidad de recurrir\u2026","rel":"","context":"En \u00abJUDICIALES\u00bb","block_context":{"text":"JUDICIALES","link":"https:\/\/www.24baires.com\/?cat=68"},"img":{"alt_text":"","src":"","width":0,"height":0},"classes":[]},{"id":10581,"url":"https:\/\/www.24baires.com\/?p=10581","url_meta":{"origin":8938,"position":4},"title":"Familiares de los muertos en diciembre de 2001 ir\u00e1n a la Corte tras el sobreseimiento a De la R\u00faa","author":"AF","date":"27\/12\/2012","format":false,"excerpt":"La querella de los familiares tom\u00f3 esa decisi\u00f3n tras el fallo de la C\u00e1mara de Casaci\u00f3n que dej\u00f3 firme el sobreseimiento al ex presidente de la Alianza en la causa por cinco cr\u00edmenes y cientos de heridos en la represi\u00f3n de diciembre de 2001. \"Por supuesto, no vamos a dejar\u2026","rel":"","context":"En \u00abSociedad\u00bb","block_context":{"text":"Sociedad","link":"https:\/\/www.24baires.com\/?cat=1"},"img":{"alt_text":"diciembre 2001","src":"https:\/\/i0.wp.com\/www.24baires.com\/wp-content\/uploads\/2012\/12\/diciembre-2001.jpg?resize=350%2C200","width":350,"height":200,"srcset":"https:\/\/i0.wp.com\/www.24baires.com\/wp-content\/uploads\/2012\/12\/diciembre-2001.jpg?resize=350%2C200 1x, https:\/\/i0.wp.com\/www.24baires.com\/wp-content\/uploads\/2012\/12\/diciembre-2001.jpg?resize=525%2C300 1.5x"},"classes":[]},{"id":19309,"url":"https:\/\/www.24baires.com\/?p=19309","url_meta":{"origin":8938,"position":5},"title":"Comienza en agosto el juicio a dos polic\u00edas por represi\u00f3n en diciembre de 2001","author":"AF","date":"25\/03\/2013","format":false,"excerpt":"Comenzar\u00e1 el 12 de agosto pr\u00f3ximo el juicio oral a dos subcomisarios de la Polic\u00eda Federal procesados por golpear a manifestantes en las escalinatas del Congreso Nacional el 20 de diciembre de 2001. El Tribunal Oral en lo Federal 6 comenzar\u00e1 el 12 de agosto pr\u00f3ximo el juicio oral a\u2026","rel":"","context":"En \u00abSociedad\u00bb","block_context":{"text":"Sociedad","link":"https:\/\/www.24baires.com\/?cat=1"},"img":{"alt_text":"","src":"","width":0,"height":0},"classes":[]}],"jetpack_sharing_enabled":true,"jetpack_likes_enabled":true,"_links":{"self":[{"href":"https:\/\/www.24baires.com\/index.php?rest_route=\/wp\/v2\/posts\/8938","targetHints":{"allow":["GET"]}}],"collection":[{"href":"https:\/\/www.24baires.com\/index.php?rest_route=\/wp\/v2\/posts"}],"about":[{"href":"https:\/\/www.24baires.com\/index.php?rest_route=\/wp\/v2\/types\/post"}],"author":[{"embeddable":true,"href":"https:\/\/www.24baires.com\/index.php?rest_route=\/wp\/v2\/users\/4"}],"replies":[{"embeddable":true,"href":"https:\/\/www.24baires.com\/index.php?rest_route=%2Fwp%2Fv2%2Fcomments&post=8938"}],"version-history":[{"count":3,"href":"https:\/\/www.24baires.com\/index.php?rest_route=\/wp\/v2\/posts\/8938\/revisions"}],"predecessor-version":[{"id":8942,"href":"https:\/\/www.24baires.com\/index.php?rest_route=\/wp\/v2\/posts\/8938\/revisions\/8942"}],"wp:attachment":[{"href":"https:\/\/www.24baires.com\/index.php?rest_route=%2Fwp%2Fv2%2Fmedia&parent=8938"}],"wp:term":[{"taxonomy":"category","embeddable":true,"href":"https:\/\/www.24baires.com\/index.php?rest_route=%2Fwp%2Fv2%2Fcategories&post=8938"},{"taxonomy":"post_tag","embeddable":true,"href":"https:\/\/www.24baires.com\/index.php?rest_route=%2Fwp%2Fv2%2Ftags&post=8938"}],"curies":[{"name":"wp","href":"https:\/\/api.w.org\/{rel}","templated":true}]}}