{"id":8918,"date":"2012-12-13T09:52:18","date_gmt":"2012-12-13T12:52:18","guid":{"rendered":"http:\/\/www.24baires.com\/?p=8918"},"modified":"2012-12-13T09:52:18","modified_gmt":"2012-12-13T12:52:18","slug":"premiaron-a-los-mejores-promedios-entre-los-egresados-de-las-universidades","status":"publish","type":"post","link":"https:\/\/www.24baires.com\/?p=8918","title":{"rendered":"Premiaron a los mejores promedios entre los egresados de las universidades"},"content":{"rendered":"<p><img data-recalc-dims=\"1\" loading=\"lazy\" decoding=\"async\" class=\"alignleft size-medium wp-image-8919\" title=\"mejores promedios\" src=\"https:\/\/i0.wp.com\/www.24baires.com\/wp-content\/uploads\/2012\/12\/mejores-promedios.jpg?resize=300%2C199\" alt=\"\" width=\"300\" height=\"199\" srcset=\"https:\/\/i0.wp.com\/www.24baires.com\/wp-content\/uploads\/2012\/12\/mejores-promedios.jpg?resize=300%2C199&amp;ssl=1 300w, https:\/\/i0.wp.com\/www.24baires.com\/wp-content\/uploads\/2012\/12\/mejores-promedios.jpg?w=560&amp;ssl=1 560w\" sizes=\"auto, (max-width: 300px) 100vw, 300px\" \/>Tambi\u00e9n fueron distinguidos alumnos de las escuelas de polic\u00eda e institutos de formaci\u00f3n policial. Fue la primera vez que el acto de premiaci\u00f3n se realiz\u00f3 en la Gobernaci\u00f3n en m\u00e1s de 40 a\u00f1os. Los alumnos de las distintas universidades que concentra la provincia de Buenos Aires fueron reconocidos por su ejemplar comportamiento y por las calificaciones que obtuvieron en las distintas disciplinas en las que se destacaron.<!--more--><br \/>\nLa Directora General de Cultura y Educaci\u00f3n de la provincia de Buenos Aires, Nora De Lucia, y el Jefe de Gabinete, Alberto P\u00e9rez, entregaron los premios \u201cGobierno de la Provincia de Buenos Aires\u201d a los mejores promedios de universidades, escuelas de polic\u00eda, institutos de formaci\u00f3n policial y del Servicio Penitenciario que tienen asiento en la provincia de Buenos Aires. El premio, que fue creado en 1971 bajo el Decreto N\u00ba 5.134, es la primera vez que se otorga en un acto realizado en Gobernaci\u00f3n.<\/p>\n<p>Del evento, organizado por la Unidad Gobernador, tambi\u00e9n participaron el ministro de Justicia y Seguridad, Ricardo Casal; el ministro de Salud, Alejandro Collia, el secretario de Ni\u00f1ez y Adolescencia de la Provincia, Pablo Navarro, y el secretario General de la Gobernaci\u00f3n, Luciano Di Gresia.<\/p>\n<p>Los alumnos de las distintas universidades que concentra la provincia de Buenos Aires fueron reconocidos por su ejemplar comportamiento y por las calificaciones que obtuvieron en las distintas disciplinas en las que se destacaron.<\/p>\n<p>En la oportunidad, De Lucia resalt\u00f3 la importancia de la premiaci\u00f3n al considerar que \u201clos estudios superiores son un escal\u00f3n m\u00e1s a toda la trayectoria escolar que tenemos con esta nueva ley de educaci\u00f3n que abarca y ata\u00f1a a todos los chicos a partir de los 45 d\u00edas\u201d.<\/p>\n<p>En este sentido, la titular del \u00e1rea educativa provincial manifest\u00f3 que \u201ceste pa\u00eds ha apostado a la educaci\u00f3n en los \u00faltimos 10 a\u00f1os y la Provincia acompa\u00f1a con determinaci\u00f3n. El 50 por ciento de las universidades nacionales se encuentran en esta regi\u00f3n y desde el Estado provincial, con sus universidades, se genera el empuje para seguir construyendo una sociedad a partir del mayor vector que es el conocimiento\u201d.<\/p>\n","protected":false},"excerpt":{"rendered":"<p>Tambi\u00e9n fueron distinguidos alumnos de las escuelas de polic\u00eda e institutos de formaci\u00f3n policial. Fue la primera vez que el acto de premiaci\u00f3n se realiz\u00f3 en la Gobernaci\u00f3n en m\u00e1s de 40 a\u00f1os. Los alumnos de las distintas universidades que concentra la provincia de Buenos Aires fueron reconocidos por su ejemplar comportamiento y por las calificaciones que obtuvieron en las [&#8230;]<\/p>\n","protected":false},"author":4,"featured_media":0,"comment_status":"open","ping_status":"open","sticky":false,"template":"","format":"standard","meta":{"_jetpack_newsletter_access":"","_jetpack_dont_email_post_to_subs":false,"_jetpack_newsletter_tier_id":0,"_jetpack_memberships_contains_paywalled_content":false,"_jetpack_memberships_contains_paid_content":false,"footnotes":""},"categories":[1],"tags":[],"class_list":["post-8918","post","type-post","status-publish","format-standard","hentry","category-sociedad"],"jetpack_featured_media_url":"","jetpack_shortlink":"https:\/\/wp.me\/p2JWE0-2jQ","jetpack-related-posts":[{"id":116184,"url":"https:\/\/www.24baires.com\/?p=116184","url_meta":{"origin":8918,"position":0},"title":"Kicillof anunci\u00f3 un salario inicial de bolsillo de $44 mil para la polic\u00eda bonaerense","author":"AF","date":"10\/09\/2020","format":false,"excerpt":"Con esta decisi\u00f3n \"comienza una equiparaci\u00f3n del salario con el de la Polic\u00eda Federal Argentina\", asegur\u00f3 el gobernador desde la Casa de Gobierno, al anunciar un plan integral de seguridad para el distrito. El gobernador bonaerense, Axel Kicillof, anunci\u00f3 hoy que unos 39 mil oficiales de la polic\u00eda bonaerense \"pasar\u00e1n\u2026","rel":"","context":"En \u00abProvincia\u00bb","block_context":{"text":"Provincia","link":"https:\/\/www.24baires.com\/?cat=40"},"img":{"alt_text":"","src":"https:\/\/i0.wp.com\/www.24baires.com\/wp-content\/uploads\/2020\/07\/gollan-kicillof.jpg?resize=350%2C200","width":350,"height":200,"srcset":"https:\/\/i0.wp.com\/www.24baires.com\/wp-content\/uploads\/2020\/07\/gollan-kicillof.jpg?resize=350%2C200 1x, https:\/\/i0.wp.com\/www.24baires.com\/wp-content\/uploads\/2020\/07\/gollan-kicillof.jpg?resize=525%2C300 1.5x"},"classes":[]},{"id":36931,"url":"https:\/\/www.24baires.com\/?p=36931","url_meta":{"origin":8918,"position":1},"title":"Ferrobaires: una capacitaci\u00f3n que vale por 900","author":"Grupo Sierra","date":"16\/12\/2013","format":false,"excerpt":"En la Casa de la Provincia, Ferrobaires entreg\u00f3 certificados a los 900 trabajadores que se capacitaron durante el a\u00f1o a trav\u00e9s de los programas de formaci\u00f3n que dict\u00f3 junto al Ministerio de Trabajo y la Subsecretar\u00eda para la Modernizaci\u00f3n del Estado, por medio del Instituto Provincial de la Administraci\u00f3n P\u00fablica\u2026","rel":"","context":"En \u00abProvincia\u00bb","block_context":{"text":"Provincia","link":"https:\/\/www.24baires.com\/?cat=40"},"img":{"alt_text":"","src":"","width":0,"height":0},"classes":[]},{"id":97425,"url":"https:\/\/www.24baires.com\/?p=97425","url_meta":{"origin":8918,"position":2},"title":"SUTEBA se reuni\u00f3 con Ritondo para poner un \u201cfreno al accionar represivo de la polic\u00eda en las escuelas\u201d","author":"GB","date":"14\/09\/2017","format":false,"excerpt":"El titular del gremio docente, Roberto Baradel, se reuni\u00f3 con el Ministro de Seguridad de la provincia de Buenos Aires. Acordaron elaborar un protocolo en los cuales la polic\u00eda podr\u00eda intervenir en los establecimientos educativos. El mi\u00e9rcoles, el secretario general del SUTEBA, Roberto Baradel, se reuni\u00f3 con el Ministro de\u2026","rel":"","context":"En \u00abProvincia\u00bb","block_context":{"text":"Provincia","link":"https:\/\/www.24baires.com\/?cat=40"},"img":{"alt_text":"","src":"https:\/\/i0.wp.com\/www.24baires.com\/wp-content\/uploads\/2017\/09\/baradel-ritondo.jpg?resize=350%2C200","width":350,"height":200,"srcset":"https:\/\/i0.wp.com\/www.24baires.com\/wp-content\/uploads\/2017\/09\/baradel-ritondo.jpg?resize=350%2C200 1x, https:\/\/i0.wp.com\/www.24baires.com\/wp-content\/uploads\/2017\/09\/baradel-ritondo.jpg?resize=525%2C300 1.5x"},"classes":[]},{"id":116144,"url":"https:\/\/www.24baires.com\/?p=116144","url_meta":{"origin":8918,"position":3},"title":"Intendentes apoyaron la implementaci\u00f3n de un plan de seguridad para la Provincia","author":"AF","date":"04\/09\/2020","format":false,"excerpt":"Fernando Espinoza, Gustavo Posse, Alberto Descalzo y Gustavo Men\u00e9ndez, entre otros jefes comunales, tomaron parte del lanzamiento del Programa de Fortalecimiento de la Seguridad y apoyaron la iniciativa que se desarrollar\u00e1 en el Conurbano con una inversi\u00f3n de 10.000 millones de pesos. Intendentes del \u00c1rea Metropolitana de Buenos Aires celebraron\u2026","rel":"","context":"En \u00abProvincia\u00bb","block_context":{"text":"Provincia","link":"https:\/\/www.24baires.com\/?cat=40"},"img":{"alt_text":"","src":"https:\/\/i0.wp.com\/www.24baires.com\/wp-content\/uploads\/2020\/08\/gines-espinoza.jpeg?resize=350%2C200","width":350,"height":200,"srcset":"https:\/\/i0.wp.com\/www.24baires.com\/wp-content\/uploads\/2020\/08\/gines-espinoza.jpeg?resize=350%2C200 1x, https:\/\/i0.wp.com\/www.24baires.com\/wp-content\/uploads\/2020\/08\/gines-espinoza.jpeg?resize=525%2C300 1.5x"},"classes":[]},{"id":117019,"url":"https:\/\/www.24baires.com\/?p=117019","url_meta":{"origin":8918,"position":4},"title":"Provincia anunci\u00f3 aumentos para polic\u00edas y penitenciarios","author":"GB","date":"14\/01\/2021","format":false,"excerpt":"Tras las tensiones entre el gobierno bonaerense y las fuerzas de seguridad, este jueves se conoci\u00f3 que se aplicar\u00e1 un aumento adicional en los salarios del 6,8% promedio respecto a diciembre de 2019, retroactivo al mes de diciembre de 2020 Luego de cuatro meses de malestar de las polic\u00eda bonaerense\u2026","rel":"","context":"En \u00abProvincia\u00bb","block_context":{"text":"Provincia","link":"https:\/\/www.24baires.com\/?cat=40"},"img":{"alt_text":"","src":"https:\/\/i0.wp.com\/www.24baires.com\/wp-content\/uploads\/2020\/04\/berni-policias.jpg?resize=350%2C200","width":350,"height":200,"srcset":"https:\/\/i0.wp.com\/www.24baires.com\/wp-content\/uploads\/2020\/04\/berni-policias.jpg?resize=350%2C200 1x, https:\/\/i0.wp.com\/www.24baires.com\/wp-content\/uploads\/2020\/04\/berni-policias.jpg?resize=525%2C300 1.5x"},"classes":[]},{"id":10498,"url":"https:\/\/www.24baires.com\/?p=10498","url_meta":{"origin":8918,"position":5},"title":"Jur\u00f3 la primera promoci\u00f3n de oficiales de Polic\u00eda que estudiaron en la UNLaM","author":"Grupo Sierra","date":"26\/12\/2012","format":false,"excerpt":"LA MATANZA - El intendente municipal, Fernando Espinoza, junto al Gobernador de la Provincia de Buenos Aires, Daniel Scioli, y al Ministro de Justicia y Seguridad de la Provincia de Buenos Aires, Ricardo Casal, encabezaron esta ma\u00f1ana, un acto en la Universidad Nacional de La Matanza (UNLaM) donde fueron promovidos\u2026","rel":"","context":"En \u00abLocales\u00bb","block_context":{"text":"Locales","link":"https:\/\/www.24baires.com\/?cat=38"},"img":{"alt_text":"matanza Polic95","src":"https:\/\/i0.wp.com\/www.24baires.com\/wp-content\/uploads\/2012\/12\/matanza-Polic95.jpg?resize=350%2C200","width":350,"height":200,"srcset":"https:\/\/i0.wp.com\/www.24baires.com\/wp-content\/uploads\/2012\/12\/matanza-Polic95.jpg?resize=350%2C200 1x, https:\/\/i0.wp.com\/www.24baires.com\/wp-content\/uploads\/2012\/12\/matanza-Polic95.jpg?resize=525%2C300 1.5x"},"classes":[]}],"jetpack_sharing_enabled":true,"jetpack_likes_enabled":true,"_links":{"self":[{"href":"https:\/\/www.24baires.com\/index.php?rest_route=\/wp\/v2\/posts\/8918","targetHints":{"allow":["GET"]}}],"collection":[{"href":"https:\/\/www.24baires.com\/index.php?rest_route=\/wp\/v2\/posts"}],"about":[{"href":"https:\/\/www.24baires.com\/index.php?rest_route=\/wp\/v2\/types\/post"}],"author":[{"embeddable":true,"href":"https:\/\/www.24baires.com\/index.php?rest_route=\/wp\/v2\/users\/4"}],"replies":[{"embeddable":true,"href":"https:\/\/www.24baires.com\/index.php?rest_route=%2Fwp%2Fv2%2Fcomments&post=8918"}],"version-history":[{"count":2,"href":"https:\/\/www.24baires.com\/index.php?rest_route=\/wp\/v2\/posts\/8918\/revisions"}],"predecessor-version":[{"id":8921,"href":"https:\/\/www.24baires.com\/index.php?rest_route=\/wp\/v2\/posts\/8918\/revisions\/8921"}],"wp:attachment":[{"href":"https:\/\/www.24baires.com\/index.php?rest_route=%2Fwp%2Fv2%2Fmedia&parent=8918"}],"wp:term":[{"taxonomy":"category","embeddable":true,"href":"https:\/\/www.24baires.com\/index.php?rest_route=%2Fwp%2Fv2%2Fcategories&post=8918"},{"taxonomy":"post_tag","embeddable":true,"href":"https:\/\/www.24baires.com\/index.php?rest_route=%2Fwp%2Fv2%2Ftags&post=8918"}],"curies":[{"name":"wp","href":"https:\/\/api.w.org\/{rel}","templated":true}]}}