{"id":8914,"date":"2012-12-13T12:00:58","date_gmt":"2012-12-13T15:00:58","guid":{"rendered":"http:\/\/www.24baires.com\/?p=8914"},"modified":"2012-12-13T09:40:43","modified_gmt":"2012-12-13T12:40:43","slug":"regulan-el-paintball-solo-para-mayores-de-21-y-con-permiso-del-ministerio-de-seguridad","status":"publish","type":"post","link":"https:\/\/www.24baires.com\/?p=8914","title":{"rendered":"Regulan el paintball: s\u00f3lo para mayores de 21 y con permiso del Ministerio de Seguridad"},"content":{"rendered":"<p><img data-recalc-dims=\"1\" loading=\"lazy\" decoding=\"async\" class=\"alignleft size-full wp-image-8915\" title=\"paintball\" src=\"https:\/\/i0.wp.com\/www.24baires.com\/wp-content\/uploads\/2012\/12\/paintball.png?resize=250%2C175\" alt=\"\" width=\"250\" height=\"175\" \/>La C\u00e1mara de Diputados bonaerense sanciona en ley este jueves la prohibici\u00f3n a los menores de 21 a\u00f1os de realizar cualquier actividad que tiene por objeto el desarrollo del juego de la guerra, como el paintball y sus variantes, y otros donde se usen r\u00e9plicas de armas accionadas por aire comprimido o gases.<!--more--><\/p>\n<p>La iniciativa sufri\u00f3 modificaciones en el Senado y en la sesi\u00f3n de este jueves est\u00e1 previsto que los diputados la conviertan en ley.<\/p>\n<p>La norma tambi\u00e9n prev\u00e9 que los mayores de 21 a\u00f1os deber\u00e1n contar con un permiso otorgado por el Ministerio de Seguridad de la Provincia para lo cual tendr\u00e1n que presentar los mismos requisitos que se piden para la tenencia de armas de fuego.<\/p>\n<p>En tanto que los predios donde se practica esta actividad deber\u00e1n poseer habilitaci\u00f3n de la Secretaria de Seguridad, o la dependencia que el Poder Ejecutivo designada seg\u00fan la reglamentaci\u00f3n de la Ley.<\/p>\n","protected":false},"excerpt":{"rendered":"<p>La C\u00e1mara de Diputados bonaerense sanciona en ley este jueves la prohibici\u00f3n a los menores de 21 a\u00f1os de realizar cualquier actividad que tiene por objeto el desarrollo del juego de la guerra, como el paintball y sus variantes, y otros donde se usen r\u00e9plicas de armas accionadas por aire comprimido o gases.<\/p>\n","protected":false},"author":4,"featured_media":0,"comment_status":"open","ping_status":"open","sticky":false,"template":"","format":"standard","meta":{"_jetpack_newsletter_access":"","_jetpack_dont_email_post_to_subs":false,"_jetpack_newsletter_tier_id":0,"_jetpack_memberships_contains_paywalled_content":false,"_jetpack_memberships_contains_paid_content":false,"footnotes":""},"categories":[1],"tags":[],"class_list":["post-8914","post","type-post","status-publish","format-standard","hentry","category-sociedad"],"jetpack_featured_media_url":"","jetpack_shortlink":"https:\/\/wp.me\/p2JWE0-2jM","jetpack-related-posts":[{"id":29014,"url":"https:\/\/www.24baires.com\/?p=29014","url_meta":{"origin":8914,"position":0},"title":"Presentan proyecto para prohibir la venta de armas durante los pr\u00f3ximos tres a\u00f1os","author":"AF","date":"27\/07\/2013","format":false,"excerpt":"A trav\u00e9s de un proyecto de ley buscan suspender la venta de armas por tres a\u00f1os en la provincia de Buenos Aires. Fue presentado por el presidente del bloque de diputados provinciales del FAP, Marcelo D\u00edaz, con el objetivo de lograr \u201cel desarme efectivo\u201d de la poblaci\u00f3n. De sancionarse la\u2026","rel":"","context":"En \u00abProvincia\u00bb","block_context":{"text":"Provincia","link":"https:\/\/www.24baires.com\/?cat=40"},"img":{"alt_text":"armas","src":"https:\/\/i0.wp.com\/www.24baires.com\/wp-content\/uploads\/2013\/03\/armas.jpg?resize=350%2C200","width":350,"height":200,"srcset":"https:\/\/i0.wp.com\/www.24baires.com\/wp-content\/uploads\/2013\/03\/armas.jpg?resize=350%2C200 1x, https:\/\/i0.wp.com\/www.24baires.com\/wp-content\/uploads\/2013\/03\/armas.jpg?resize=525%2C300 1.5x"},"classes":[]},{"id":121570,"url":"https:\/\/www.24baires.com\/?p=121570","url_meta":{"origin":8914,"position":1},"title":"Diputado del Frente Renovador busca habilitar en la Provincia el uso de las Taser","author":"GB","date":"23\/08\/2024","format":false,"excerpt":"La propuesta de Carlos Puglelli pretende autorizar el uso de armas electr\u00f3nicas en la Polic\u00eda de la provincia de Buenos Aires. Hace d\u00edas el senador del PRO, Marcelo \"Chuby\" Leguizam\u00f3n, hizo un planteo en el mismo sentido. El legislador del Frente Renovador, Carlos Puglelli, present\u00f3 un proyecto de ley en\u2026","rel":"","context":"En \u00abProvincia\u00bb","block_context":{"text":"Provincia","link":"https:\/\/www.24baires.com\/?cat=40"},"img":{"alt_text":"","src":"https:\/\/i0.wp.com\/www.24baires.com\/wp-content\/uploads\/2019\/01\/pistola-taser.jpg?resize=350%2C200","width":350,"height":200,"srcset":"https:\/\/i0.wp.com\/www.24baires.com\/wp-content\/uploads\/2019\/01\/pistola-taser.jpg?resize=350%2C200 1x, https:\/\/i0.wp.com\/www.24baires.com\/wp-content\/uploads\/2019\/01\/pistola-taser.jpg?resize=525%2C300 1.5x, https:\/\/i0.wp.com\/www.24baires.com\/wp-content\/uploads\/2019\/01\/pistola-taser.jpg?resize=700%2C400 2x"},"classes":[]},{"id":102734,"url":"https:\/\/www.24baires.com\/?p=102734","url_meta":{"origin":8914,"position":2},"title":"Diputados le dijo s\u00ed al aborto legal, seguro y gratuito","author":"GB","date":"14\/06\/2018","format":false,"excerpt":"Tras una marat\u00f3nica sesi\u00f3n de casi 24 horas y en una votaci\u00f3n muy re\u00f1ida, la C\u00e1mara de Diputados dio su aprobaci\u00f3n al proyecto de despenalizaci\u00f3n del aborto seguro y gratuito. Cerca de las 10 de la ma\u00f1ana del jueves tuvo lugar finalmente el conteo de los votos, que arroj\u00f3 un\u2026","rel":"","context":"En \u00abPol\u00edtica\u00bb","block_context":{"text":"Pol\u00edtica","link":"https:\/\/www.24baires.com\/?cat=51"},"img":{"alt_text":"","src":"https:\/\/i0.wp.com\/www.24baires.com\/wp-content\/uploads\/2018\/06\/aborto-seguro.jpg?resize=350%2C200","width":350,"height":200,"srcset":"https:\/\/i0.wp.com\/www.24baires.com\/wp-content\/uploads\/2018\/06\/aborto-seguro.jpg?resize=350%2C200 1x, https:\/\/i0.wp.com\/www.24baires.com\/wp-content\/uploads\/2018\/06\/aborto-seguro.jpg?resize=525%2C300 1.5x"},"classes":[]},{"id":114514,"url":"https:\/\/www.24baires.com\/?p=114514","url_meta":{"origin":8914,"position":3},"title":"Provincia pone en marcha el sistema de permisos de circulaci\u00f3n para casos excepcionales","author":"AF","date":"25\/03\/2020","format":false,"excerpt":"Se puede tramitar de manera digital y es v\u00e1lido por 24 horas. El Gobierno de la Provincia de Buenos Aires reuni\u00f3 hoy al Comit\u00e9 de Emergencia en el Centro de Coordinaci\u00f3n Estrat\u00e9gica del Ministerio de Seguridad para analizar el impacto de las medidas que se vienen tomando en el marco\u2026","rel":"","context":"En \u00abProvincia\u00bb","block_context":{"text":"Provincia","link":"https:\/\/www.24baires.com\/?cat=40"},"img":{"alt_text":"","src":"https:\/\/i0.wp.com\/www.24baires.com\/wp-content\/uploads\/2012\/10\/calle-san-mart%C3%ADn-tandil.jpg?resize=350%2C200","width":350,"height":200,"srcset":"https:\/\/i0.wp.com\/www.24baires.com\/wp-content\/uploads\/2012\/10\/calle-san-mart%C3%ADn-tandil.jpg?resize=350%2C200 1x, https:\/\/i0.wp.com\/www.24baires.com\/wp-content\/uploads\/2012\/10\/calle-san-mart%C3%ADn-tandil.jpg?resize=525%2C300 1.5x"},"classes":[]},{"id":105106,"url":"https:\/\/www.24baires.com\/?p=105106","url_meta":{"origin":8914,"position":4},"title":"Liberaron a los 26 detenidos tras la represi\u00f3n","author":"GB","date":"25\/10\/2018","format":false,"excerpt":"Tras un d\u00eda caliente, los detenidos por la Polic\u00eda de la Ciudad fueron liberados por la madrugada pero ir\u00e1n a indagatoria. En la madrugada de este jueves liberaron a los 27 manifestantes que hab\u00edan sido detenidos en las inmediaciones del Congreso, en el marco de la protesta contra el proyecto\u2026","rel":"","context":"En \u00abPoliciales\u00bb","block_context":{"text":"Policiales","link":"https:\/\/www.24baires.com\/?cat=49"},"img":{"alt_text":"","src":"https:\/\/i0.wp.com\/www.24baires.com\/wp-content\/uploads\/2018\/10\/detenidos-congreso.jpg?resize=350%2C200","width":350,"height":200,"srcset":"https:\/\/i0.wp.com\/www.24baires.com\/wp-content\/uploads\/2018\/10\/detenidos-congreso.jpg?resize=350%2C200 1x, https:\/\/i0.wp.com\/www.24baires.com\/wp-content\/uploads\/2018\/10\/detenidos-congreso.jpg?resize=525%2C300 1.5x"},"classes":[]},{"id":121288,"url":"https:\/\/www.24baires.com\/?p=121288","url_meta":{"origin":8914,"position":5},"title":"La Ley Bases y el paquete fiscal ingresaron al Senado","author":"GB","date":"03\/05\/2024","format":false,"excerpt":"Diputados gir\u00f3 este jueves por la noche los dos proyectos con media sanci\u00f3n, y ahora el Gobierno podr\u00eda enviar funcionarios a las comisiones. La C\u00e1mara de Diputados envi\u00f3 este jueves al Senado los proyectos impulsados por el Gobierno de Javier Milei de Ley Bases y paquete fiscal, tras la media\u2026","rel":"","context":"En \u00abPol\u00edtica\u00bb","block_context":{"text":"Pol\u00edtica","link":"https:\/\/www.24baires.com\/?cat=51"},"img":{"alt_text":"","src":"https:\/\/i0.wp.com\/www.24baires.com\/wp-content\/uploads\/2024\/05\/senadores-era-milei.webp?resize=350%2C200","width":350,"height":200,"srcset":"https:\/\/i0.wp.com\/www.24baires.com\/wp-content\/uploads\/2024\/05\/senadores-era-milei.webp?resize=350%2C200 1x, https:\/\/i0.wp.com\/www.24baires.com\/wp-content\/uploads\/2024\/05\/senadores-era-milei.webp?resize=525%2C300 1.5x, https:\/\/i0.wp.com\/www.24baires.com\/wp-content\/uploads\/2024\/05\/senadores-era-milei.webp?resize=700%2C400 2x"},"classes":[]}],"jetpack_sharing_enabled":true,"jetpack_likes_enabled":true,"_links":{"self":[{"href":"https:\/\/www.24baires.com\/index.php?rest_route=\/wp\/v2\/posts\/8914","targetHints":{"allow":["GET"]}}],"collection":[{"href":"https:\/\/www.24baires.com\/index.php?rest_route=\/wp\/v2\/posts"}],"about":[{"href":"https:\/\/www.24baires.com\/index.php?rest_route=\/wp\/v2\/types\/post"}],"author":[{"embeddable":true,"href":"https:\/\/www.24baires.com\/index.php?rest_route=\/wp\/v2\/users\/4"}],"replies":[{"embeddable":true,"href":"https:\/\/www.24baires.com\/index.php?rest_route=%2Fwp%2Fv2%2Fcomments&post=8914"}],"version-history":[{"count":2,"href":"https:\/\/www.24baires.com\/index.php?rest_route=\/wp\/v2\/posts\/8914\/revisions"}],"predecessor-version":[{"id":8917,"href":"https:\/\/www.24baires.com\/index.php?rest_route=\/wp\/v2\/posts\/8914\/revisions\/8917"}],"wp:attachment":[{"href":"https:\/\/www.24baires.com\/index.php?rest_route=%2Fwp%2Fv2%2Fmedia&parent=8914"}],"wp:term":[{"taxonomy":"category","embeddable":true,"href":"https:\/\/www.24baires.com\/index.php?rest_route=%2Fwp%2Fv2%2Fcategories&post=8914"},{"taxonomy":"post_tag","embeddable":true,"href":"https:\/\/www.24baires.com\/index.php?rest_route=%2Fwp%2Fv2%2Ftags&post=8914"}],"curies":[{"name":"wp","href":"https:\/\/api.w.org\/{rel}","templated":true}]}}